{"id":23578,"date":"2019-09-17T16:00:14","date_gmt":"2019-09-17T14:00:14","guid":{"rendered":"https:\/\/www.garciafaura.com\/garcia-faura-pone-en-marcha-el-proyecto-al-trabajo-en-bici\/"},"modified":"2019-09-17T15:53:39","modified_gmt":"2019-09-17T13:53:39","slug":"garcia-faura-pone-en-marcha-el-proyecto-al-trabajo-en-bici","status":"publish","type":"post","link":"https:\/\/www.garciafaura.com\/es\/garcia-faura-pone-en-marcha-el-proyecto-al-trabajo-en-bici\/","title":{"rendered":"GARCIA FAURA pone en marcha el proyecto &#8216;Al trabajo, en bici&#8217;"},"content":{"rendered":"<p style=\"text-align: justify;\">En el marco de la <strong>Semana Europea de la Movilidad Sostenible y Segura<\/strong>, que se celebra del 16 al 22 de septiembre, la empresa <strong>GARCIA FAURA<\/strong> pone en marcha su proyecto <em>Al trabajo, en bici<\/em>. Se trata de una iniciativa que se enmarca en el plan de acciones que la empresa est\u00e1 implementando en materia de pol\u00edticas medioambientales y de sostenibilidad.<\/p>\n<p style=\"text-align: justify;\">El proyecto <em>Al trabajo, en bici<\/em>\u00a0se convierte en una apuesta clara para promover la movilidad sostenible entre los trabajadores y las trabajadoras de la empresa. Ha sido posible gracias a un proyecto financiado por el \u00c1rea Metropolitana de Barcelona (AMB), a trav\u00e9s del programa Biciempresa. <strong>GARCIA FAURA<\/strong> ha resultado beneficiaria de este programa de ayudas, a trav\u00e9s del cual el organismo metropolitano ha cedido a la empresa 2 bibicletas el\u00e9ctricas y 3 bicicletas mec\u00e1nicas plegables.<\/p>\n<p style=\"text-align: justify;\">La empresa, por su parte, pone estas bicicletas a disposici\u00f3n de su personal, con el objetivo de que estos sustituyan sus desplazamientos cotidianos en veh\u00edculo privado por la bicicleta, o la combinaci\u00f3n de bicicleta y transporte p\u00fablico.<\/p>\n<p style=\"text-align: justify;\">Durante el verano, <strong>GARCIA FAURA<\/strong> ha hecho una campa\u00f1a de difusi\u00f3n de la acci\u00f3n entre su personal para que los trabajadores y trabajadoras interesados \u200b\u200ben sustituir su coche por la bicicleta presentaran su solicitud. Las 5 personas que finalmente disfrutar\u00e1n de esta bicicleta en r\u00e9gimen de cesi\u00f3n, residen a una distancia de entre 2 y 30 kil\u00f3metros de su lugar de trabajo. En funci\u00f3n de cada caso, la usar\u00e1n como medio de transporte \u00fanico, o combinado con el tren y el autob\u00fas. Su uso permitir\u00e1 que cada d\u00eda circulen por nuestras carreteras cinco veh\u00edculos menos, contribuyendo a un desplazamiento m\u00e1s sostenible y saludable.<\/p>\n<p style=\"text-align: justify;\">Y es que los beneficios de moverse en bicicleta no s\u00f3lo son ambientales, sino que tambi\u00e9n tienen un impacto positivo en la salud de los trabajadores y trabajadoras. Desplazarse en bicicleta fortalece las articulaciones y la musculatura, aumenta la capacidad aer\u00f3bica y representa un excelente ejercicio cardiovascular.<\/p>\n","protected":false},"excerpt":{"rendered":"<p>En el marco de la Semana Europea de la Movilidad Sostenible y Segura, que se celebra del 16 al 22 de septiembre, la empresa GARCIA FAURA pone en marcha su proyecto Al trabajo, en bici. Se trata de una iniciativa&hellip;<\/p>\n","protected":false},"author":3,"featured_media":23599,"comment_status":"closed","ping_status":"open","sticky":false,"template":"","format":"gallery","meta":{"footnotes":""},"categories":[3],"tags":[],"post_series":[],"class_list":["post-23578","post","type-post","status-publish","format-gallery","has-post-thumbnail","hentry","category-actualidad","post_format-post-format-gallery","entry","has-media"],"yoast_head":"<!-- This site is optimized with the Yoast SEO plugin v26.7 - https:\/\/yoast.com\/wordpress\/plugins\/seo\/ -->\n<title>GARCIA FAURA pone en marcha el proyecto &#039;Al trabajo, en bici&#039; - GARCIA FAURA<\/title>\n<meta name=\"description\" content=\"Arquitectura en Alumini, Inox, Ferro i Vidre\" \/>\n<meta name=\"robots\" content=\"index, follow, max-snippet:-1, max-image-preview:large, max-video-preview:-1\" \/>\n<link rel=\"canonical\" href=\"https:\/\/www.garciafaura.com\/es\/garcia-faura-pone-en-marcha-el-proyecto-al-trabajo-en-bici\/\" \/>\n<meta property=\"og:locale\" content=\"es_ES\" \/>\n<meta property=\"og:type\" content=\"article\" \/>\n<meta property=\"og:title\" content=\"GARCIA FAURA pone en marcha el proyecto &#039;Al trabajo, en bici&#039; - GARCIA FAURA\" \/>\n<meta property=\"og:description\" content=\"Arquitectura en Alumini, Inox, Ferro i Vidre\" \/>\n<meta property=\"og:url\" content=\"https:\/\/www.garciafaura.com\/es\/garcia-faura-pone-en-marcha-el-proyecto-al-trabajo-en-bici\/\" \/>\n<meta property=\"og:site_name\" content=\"GARCIA FAURA\" \/>\n<meta property=\"article:published_time\" content=\"2019-09-17T14:00:14+00:00\" \/>\n<meta property=\"og:image\" content=\"https:\/\/www.garciafaura.com\/wp-content\/uploads\/2019\/09\/Bicis-electriques-02-1024x683.jpg\" \/>\n\t<meta property=\"og:image:width\" content=\"1024\" \/>\n\t<meta property=\"og:image:height\" content=\"683\" \/>\n\t<meta property=\"og:image:type\" content=\"image\/jpeg\" \/>\n<meta name=\"author\" content=\"David Achell\" \/>\n<meta name=\"twitter:card\" content=\"summary_large_image\" \/>\n<meta name=\"twitter:label1\" content=\"Escrito por\" \/>\n\t<meta name=\"twitter:data1\" content=\"David Achell\" \/>\n\t<meta name=\"twitter:label2\" content=\"Tiempo de lectura\" \/>\n\t<meta name=\"twitter:data2\" content=\"2 minutos\" \/>\n<script type=\"application\/ld+json\" class=\"yoast-schema-graph\">{\"@context\":\"https:\/\/schema.org\",\"@graph\":[{\"@type\":\"Article\",\"@id\":\"https:\/\/www.garciafaura.com\/es\/garcia-faura-pone-en-marcha-el-proyecto-al-trabajo-en-bici\/#article\",\"isPartOf\":{\"@id\":\"https:\/\/www.garciafaura.com\/es\/garcia-faura-pone-en-marcha-el-proyecto-al-trabajo-en-bici\/\"},\"author\":{\"name\":\"David Achell\",\"@id\":\"https:\/\/www.garciafaura.com\/fr\/#\/schema\/person\/b4b75e69b33fac3446071909bec106b0\"},\"headline\":\"GARCIA FAURA pone en marcha el proyecto &#8216;Al trabajo, en bici&#8217;\",\"datePublished\":\"2019-09-17T14:00:14+00:00\",\"mainEntityOfPage\":{\"@id\":\"https:\/\/www.garciafaura.com\/es\/garcia-faura-pone-en-marcha-el-proyecto-al-trabajo-en-bici\/\"},\"wordCount\":353,\"publisher\":{\"@id\":\"https:\/\/www.garciafaura.com\/fr\/#organization\"},\"image\":{\"@id\":\"https:\/\/www.garciafaura.com\/es\/garcia-faura-pone-en-marcha-el-proyecto-al-trabajo-en-bici\/#primaryimage\"},\"thumbnailUrl\":\"https:\/\/www.garciafaura.com\/wp-content\/uploads\/2019\/09\/Bicis-electriques-02.jpg\",\"articleSection\":[\"Actualidad\"],\"inLanguage\":\"es\"},{\"@type\":\"WebPage\",\"@id\":\"https:\/\/www.garciafaura.com\/es\/garcia-faura-pone-en-marcha-el-proyecto-al-trabajo-en-bici\/\",\"url\":\"https:\/\/www.garciafaura.com\/es\/garcia-faura-pone-en-marcha-el-proyecto-al-trabajo-en-bici\/\",\"name\":\"GARCIA FAURA pone en marcha el proyecto 'Al trabajo, en bici' - GARCIA FAURA\",\"isPartOf\":{\"@id\":\"https:\/\/www.garciafaura.com\/fr\/#website\"},\"primaryImageOfPage\":{\"@id\":\"https:\/\/www.garciafaura.com\/es\/garcia-faura-pone-en-marcha-el-proyecto-al-trabajo-en-bici\/#primaryimage\"},\"image\":{\"@id\":\"https:\/\/www.garciafaura.com\/es\/garcia-faura-pone-en-marcha-el-proyecto-al-trabajo-en-bici\/#primaryimage\"},\"thumbnailUrl\":\"https:\/\/www.garciafaura.com\/wp-content\/uploads\/2019\/09\/Bicis-electriques-02.jpg\",\"datePublished\":\"2019-09-17T14:00:14+00:00\",\"description\":\"Arquitectura en Alumini, Inox, Ferro i Vidre\",\"breadcrumb\":{\"@id\":\"https:\/\/www.garciafaura.com\/es\/garcia-faura-pone-en-marcha-el-proyecto-al-trabajo-en-bici\/#breadcrumb\"},\"inLanguage\":\"es\",\"potentialAction\":[{\"@type\":\"ReadAction\",\"target\":[\"https:\/\/www.garciafaura.com\/es\/garcia-faura-pone-en-marcha-el-proyecto-al-trabajo-en-bici\/\"]}]},{\"@type\":\"ImageObject\",\"inLanguage\":\"es\",\"@id\":\"https:\/\/www.garciafaura.com\/es\/garcia-faura-pone-en-marcha-el-proyecto-al-trabajo-en-bici\/#primaryimage\",\"url\":\"https:\/\/www.garciafaura.com\/wp-content\/uploads\/2019\/09\/Bicis-electriques-02.jpg\",\"contentUrl\":\"https:\/\/www.garciafaura.com\/wp-content\/uploads\/2019\/09\/Bicis-electriques-02.jpg\",\"width\":5061,\"height\":3374},{\"@type\":\"BreadcrumbList\",\"@id\":\"https:\/\/www.garciafaura.com\/es\/garcia-faura-pone-en-marcha-el-proyecto-al-trabajo-en-bici\/#breadcrumb\",\"itemListElement\":[{\"@type\":\"ListItem\",\"position\":1,\"name\":\"Inici\",\"item\":\"https:\/\/www.garciafaura.com\/es\/\"},{\"@type\":\"ListItem\",\"position\":2,\"name\":\"GARCIA FAURA pone en marcha el proyecto &#8216;Al trabajo, en bici&#8217;\"}]},{\"@type\":\"WebSite\",\"@id\":\"https:\/\/www.garciafaura.com\/fr\/#website\",\"url\":\"https:\/\/www.garciafaura.com\/fr\/\",\"name\":\"GARCIA FAURA\",\"description\":\"Arquitectura en Alumini, Inox, Ferro i Vidre\",\"publisher\":{\"@id\":\"https:\/\/www.garciafaura.com\/fr\/#organization\"},\"potentialAction\":[{\"@type\":\"SearchAction\",\"target\":{\"@type\":\"EntryPoint\",\"urlTemplate\":\"https:\/\/www.garciafaura.com\/fr\/?s={search_term_string}\"},\"query-input\":{\"@type\":\"PropertyValueSpecification\",\"valueRequired\":true,\"valueName\":\"search_term_string\"}}],\"inLanguage\":\"es\"},{\"@type\":\"Organization\",\"@id\":\"https:\/\/www.garciafaura.com\/fr\/#organization\",\"name\":\"GARCIA FAURA\",\"url\":\"https:\/\/www.garciafaura.com\/fr\/\",\"logo\":{\"@type\":\"ImageObject\",\"inLanguage\":\"es\",\"@id\":\"https:\/\/www.garciafaura.com\/fr\/#\/schema\/logo\/image\/\",\"url\":\"https:\/\/www.garciafaura.com\/wp-content\/uploads\/2018\/09\/Garcia-Faura.png\",\"contentUrl\":\"https:\/\/www.garciafaura.com\/wp-content\/uploads\/2018\/09\/Garcia-Faura.png\",\"width\":512,\"height\":512,\"caption\":\"GARCIA FAURA\"},\"image\":{\"@id\":\"https:\/\/www.garciafaura.com\/fr\/#\/schema\/logo\/image\/\"},\"sameAs\":[\"https:\/\/www.youtube.com\/user\/GARCIAFAURA\"]},{\"@type\":\"Person\",\"@id\":\"https:\/\/www.garciafaura.com\/fr\/#\/schema\/person\/b4b75e69b33fac3446071909bec106b0\",\"name\":\"David Achell\",\"image\":{\"@type\":\"ImageObject\",\"inLanguage\":\"es\",\"@id\":\"https:\/\/www.garciafaura.com\/fr\/#\/schema\/person\/image\/\",\"url\":\"https:\/\/secure.gravatar.com\/avatar\/03900210afc1f61bce737bcb4a79c02e2c997f171e3eca839b5a4cbe03846c90?s=96&d=blank&r=g\",\"contentUrl\":\"https:\/\/secure.gravatar.com\/avatar\/03900210afc1f61bce737bcb4a79c02e2c997f171e3eca839b5a4cbe03846c90?s=96&d=blank&r=g\",\"caption\":\"David Achell\"}}]}<\/script>\n<!-- \/ Yoast SEO plugin. -->","yoast_head_json":{"title":"GARCIA FAURA pone en marcha el proyecto 'Al trabajo, en bici' - GARCIA FAURA","description":"Arquitectura en Alumini, Inox, Ferro i Vidre","robots":{"index":"index","follow":"follow","max-snippet":"max-snippet:-1","max-image-preview":"max-image-preview:large","max-video-preview":"max-video-preview:-1"},"canonical":"https:\/\/www.garciafaura.com\/es\/garcia-faura-pone-en-marcha-el-proyecto-al-trabajo-en-bici\/","og_locale":"es_ES","og_type":"article","og_title":"GARCIA FAURA pone en marcha el proyecto 'Al trabajo, en bici' - GARCIA FAURA","og_description":"Arquitectura en Alumini, Inox, Ferro i Vidre","og_url":"https:\/\/www.garciafaura.com\/es\/garcia-faura-pone-en-marcha-el-proyecto-al-trabajo-en-bici\/","og_site_name":"GARCIA FAURA","article_published_time":"2019-09-17T14:00:14+00:00","og_image":[{"width":1024,"height":683,"url":"https:\/\/www.garciafaura.com\/wp-content\/uploads\/2019\/09\/Bicis-electriques-02-1024x683.jpg","type":"image\/jpeg"}],"author":"David Achell","twitter_card":"summary_large_image","twitter_misc":{"Escrito por":"David Achell","Tiempo de lectura":"2 minutos"},"schema":{"@context":"https:\/\/schema.org","@graph":[{"@type":"Article","@id":"https:\/\/www.garciafaura.com\/es\/garcia-faura-pone-en-marcha-el-proyecto-al-trabajo-en-bici\/#article","isPartOf":{"@id":"https:\/\/www.garciafaura.com\/es\/garcia-faura-pone-en-marcha-el-proyecto-al-trabajo-en-bici\/"},"author":{"name":"David Achell","@id":"https:\/\/www.garciafaura.com\/fr\/#\/schema\/person\/b4b75e69b33fac3446071909bec106b0"},"headline":"GARCIA FAURA pone en marcha el proyecto &#8216;Al trabajo, en bici&#8217;","datePublished":"2019-09-17T14:00:14+00:00","mainEntityOfPage":{"@id":"https:\/\/www.garciafaura.com\/es\/garcia-faura-pone-en-marcha-el-proyecto-al-trabajo-en-bici\/"},"wordCount":353,"publisher":{"@id":"https:\/\/www.garciafaura.com\/fr\/#organization"},"image":{"@id":"https:\/\/www.garciafaura.com\/es\/garcia-faura-pone-en-marcha-el-proyecto-al-trabajo-en-bici\/#primaryimage"},"thumbnailUrl":"https:\/\/www.garciafaura.com\/wp-content\/uploads\/2019\/09\/Bicis-electriques-02.jpg","articleSection":["Actualidad"],"inLanguage":"es"},{"@type":"WebPage","@id":"https:\/\/www.garciafaura.com\/es\/garcia-faura-pone-en-marcha-el-proyecto-al-trabajo-en-bici\/","url":"https:\/\/www.garciafaura.com\/es\/garcia-faura-pone-en-marcha-el-proyecto-al-trabajo-en-bici\/","name":"GARCIA FAURA pone en marcha el proyecto 'Al trabajo, en bici' - GARCIA FAURA","isPartOf":{"@id":"https:\/\/www.garciafaura.com\/fr\/#website"},"primaryImageOfPage":{"@id":"https:\/\/www.garciafaura.com\/es\/garcia-faura-pone-en-marcha-el-proyecto-al-trabajo-en-bici\/#primaryimage"},"image":{"@id":"https:\/\/www.garciafaura.com\/es\/garcia-faura-pone-en-marcha-el-proyecto-al-trabajo-en-bici\/#primaryimage"},"thumbnailUrl":"https:\/\/www.garciafaura.com\/wp-content\/uploads\/2019\/09\/Bicis-electriques-02.jpg","datePublished":"2019-09-17T14:00:14+00:00","description":"Arquitectura en Alumini, Inox, Ferro i Vidre","breadcrumb":{"@id":"https:\/\/www.garciafaura.com\/es\/garcia-faura-pone-en-marcha-el-proyecto-al-trabajo-en-bici\/#breadcrumb"},"inLanguage":"es","potentialAction":[{"@type":"ReadAction","target":["https:\/\/www.garciafaura.com\/es\/garcia-faura-pone-en-marcha-el-proyecto-al-trabajo-en-bici\/"]}]},{"@type":"ImageObject","inLanguage":"es","@id":"https:\/\/www.garciafaura.com\/es\/garcia-faura-pone-en-marcha-el-proyecto-al-trabajo-en-bici\/#primaryimage","url":"https:\/\/www.garciafaura.com\/wp-content\/uploads\/2019\/09\/Bicis-electriques-02.jpg","contentUrl":"https:\/\/www.garciafaura.com\/wp-content\/uploads\/2019\/09\/Bicis-electriques-02.jpg","width":5061,"height":3374},{"@type":"BreadcrumbList","@id":"https:\/\/www.garciafaura.com\/es\/garcia-faura-pone-en-marcha-el-proyecto-al-trabajo-en-bici\/#breadcrumb","itemListElement":[{"@type":"ListItem","position":1,"name":"Inici","item":"https:\/\/www.garciafaura.com\/es\/"},{"@type":"ListItem","position":2,"name":"GARCIA FAURA pone en marcha el proyecto &#8216;Al trabajo, en bici&#8217;"}]},{"@type":"WebSite","@id":"https:\/\/www.garciafaura.com\/fr\/#website","url":"https:\/\/www.garciafaura.com\/fr\/","name":"GARCIA FAURA","description":"Arquitectura en Alumini, Inox, Ferro i Vidre","publisher":{"@id":"https:\/\/www.garciafaura.com\/fr\/#organization"},"potentialAction":[{"@type":"SearchAction","target":{"@type":"EntryPoint","urlTemplate":"https:\/\/www.garciafaura.com\/fr\/?s={search_term_string}"},"query-input":{"@type":"PropertyValueSpecification","valueRequired":true,"valueName":"search_term_string"}}],"inLanguage":"es"},{"@type":"Organization","@id":"https:\/\/www.garciafaura.com\/fr\/#organization","name":"GARCIA FAURA","url":"https:\/\/www.garciafaura.com\/fr\/","logo":{"@type":"ImageObject","inLanguage":"es","@id":"https:\/\/www.garciafaura.com\/fr\/#\/schema\/logo\/image\/","url":"https:\/\/www.garciafaura.com\/wp-content\/uploads\/2018\/09\/Garcia-Faura.png","contentUrl":"https:\/\/www.garciafaura.com\/wp-content\/uploads\/2018\/09\/Garcia-Faura.png","width":512,"height":512,"caption":"GARCIA FAURA"},"image":{"@id":"https:\/\/www.garciafaura.com\/fr\/#\/schema\/logo\/image\/"},"sameAs":["https:\/\/www.youtube.com\/user\/GARCIAFAURA"]},{"@type":"Person","@id":"https:\/\/www.garciafaura.com\/fr\/#\/schema\/person\/b4b75e69b33fac3446071909bec106b0","name":"David Achell","image":{"@type":"ImageObject","inLanguage":"es","@id":"https:\/\/www.garciafaura.com\/fr\/#\/schema\/person\/image\/","url":"https:\/\/secure.gravatar.com\/avatar\/03900210afc1f61bce737bcb4a79c02e2c997f171e3eca839b5a4cbe03846c90?s=96&d=blank&r=g","contentUrl":"https:\/\/secure.gravatar.com\/avatar\/03900210afc1f61bce737bcb4a79c02e2c997f171e3eca839b5a4cbe03846c90?s=96&d=blank&r=g","caption":"David Achell"}}]}},"_links":{"self":[{"href":"https:\/\/www.garciafaura.com\/es\/wp-json\/wp\/v2\/posts\/23578","targetHints":{"allow":["GET"]}}],"collection":[{"href":"https:\/\/www.garciafaura.com\/es\/wp-json\/wp\/v2\/posts"}],"about":[{"href":"https:\/\/www.garciafaura.com\/es\/wp-json\/wp\/v2\/types\/post"}],"author":[{"embeddable":true,"href":"https:\/\/www.garciafaura.com\/es\/wp-json\/wp\/v2\/users\/3"}],"replies":[{"embeddable":true,"href":"https:\/\/www.garciafaura.com\/es\/wp-json\/wp\/v2\/comments?post=23578"}],"version-history":[{"count":3,"href":"https:\/\/www.garciafaura.com\/es\/wp-json\/wp\/v2\/posts\/23578\/revisions"}],"predecessor-version":[{"id":23601,"href":"https:\/\/www.garciafaura.com\/es\/wp-json\/wp\/v2\/posts\/23578\/revisions\/23601"}],"wp:featuredmedia":[{"embeddable":true,"href":"https:\/\/www.garciafaura.com\/es\/wp-json\/wp\/v2\/media\/23599"}],"wp:attachment":[{"href":"https:\/\/www.garciafaura.com\/es\/wp-json\/wp\/v2\/media?parent=23578"}],"wp:term":[{"taxonomy":"category","embeddable":true,"href":"https:\/\/www.garciafaura.com\/es\/wp-json\/wp\/v2\/categories?post=23578"},{"taxonomy":"post_tag","embeddable":true,"href":"https:\/\/www.garciafaura.com\/es\/wp-json\/wp\/v2\/tags?post=23578"},{"taxonomy":"post_series","embeddable":true,"href":"https:\/\/www.garciafaura.com\/es\/wp-json\/wp\/v2\/post_series?post=23578"}],"curies":[{"name":"wp","href":"https:\/\/api.w.org\/{rel}","templated":true}]}}