{"id":23499,"date":"2019-09-10T09:41:55","date_gmt":"2019-09-10T07:41:55","guid":{"rendered":"https:\/\/www.garciafaura.com\/garcia-faura-aprofita-limpuls-de-la-construccio-dhabitatges-publics\/"},"modified":"2019-09-10T09:47:51","modified_gmt":"2019-09-10T07:47:51","slug":"garcia-faura-aprofita-limpuls-de-la-construccio-dhabitatges-publics","status":"publish","type":"post","link":"https:\/\/www.garciafaura.com\/es\/garcia-faura-aprofita-limpuls-de-la-construccio-dhabitatges-publics\/","title":{"rendered":"GARCIA FAURA aprovecha el impulso de la construcci\u00f3n de vivienda p\u00fablica"},"content":{"rendered":"<p style=\"text-align: justify;\">La construcci\u00f3n de vivienda protegida empieza a despertar en Catalunya. Ayuntamientos, consorcios municipales y la Generalitat lideran la edificaci\u00f3n de estos tipos de alojamientos, seg\u00fan la Agencia de la Vivienda de Catalunya. As\u00ed, en 2018 se construyeron 667 viviendas p\u00fablicas, todos en la demarcaci\u00f3n de Barcelona.<\/p>\n<p style=\"text-align: justify;\">La cifra, aunque todav\u00eda est\u00e1 lejos de las 10.000 que se empezaron a construir en 2008, antes del impacto de la crisis econ\u00f3mica, empieza a tener repercusi\u00f3n en la activitiat de <strong>GARCIA FAURA<\/strong>. De hecho, la empresa participa en algunas promociones p\u00fablicas especialmente en la ciudad de Barcelona.<\/p>\n<p style=\"text-align: justify;\">De hecho, en la capital catalana la construcci\u00f3n de vivienda p\u00fablica est\u00e1 alcanzando cifras sin precedentes. Actualmente, el Ayuntamiento de Barcelona tiene en marcha 66 proyectos que sumar\u00e1n un total de 4.547 hogares. El objetivo es que el parque de vivienda p\u00fablica en Barcelona crezca hasta los 13.000 en 2022.<\/p>\n<p style=\"text-align: justify;\">En los proyectos donde participa <strong>GARCIA FAURA<\/strong> cabe destacar las promociones en marcha en Sant Andreu y las calles Comte Borrell y Sancho de \u00c1vila y la vivienda dotacional en Fort Pienc, adem\u00e1s de las viviendas promovidas por el Instituto Metropolitano de Promoci\u00f3n de Suelo y Gesti\u00f3n Patrimonial (IMPSOL) en Sant Boi de Llobregat.<\/p>\n","protected":false},"excerpt":{"rendered":"<p>La construcci\u00f3n de vivienda protegida empieza a despertar en Catalunya. Ayuntamientos, consorcios municipales y la Generalitat lideran la edificaci\u00f3n de estos tipos de alojamientos, seg\u00fan la Agencia de la Vivienda de Catalunya. As\u00ed, en 2018 se construyeron 667 viviendas p\u00fablicas,&hellip;<\/p>\n","protected":false},"author":3,"featured_media":23302,"comment_status":"closed","ping_status":"open","sticky":false,"template":"","format":"gallery","meta":{"footnotes":""},"categories":[3],"tags":[],"post_series":[],"class_list":["post-23499","post","type-post","status-publish","format-gallery","has-post-thumbnail","hentry","category-actualidad","post_format-post-format-gallery","entry","has-media"],"yoast_head":"<!-- This site is optimized with the Yoast SEO plugin v26.7 - https:\/\/yoast.com\/wordpress\/plugins\/seo\/ -->\n<title>GARCIA FAURA aprovecha el impulso de la construcci\u00f3n de vivienda p\u00fablica - GARCIA FAURA<\/title>\n<meta name=\"description\" content=\"Arquitectura en Alumini, Inox, Ferro i Vidre\" \/>\n<meta name=\"robots\" content=\"index, follow, max-snippet:-1, max-image-preview:large, max-video-preview:-1\" \/>\n<link rel=\"canonical\" href=\"https:\/\/www.garciafaura.com\/es\/garcia-faura-aprofita-limpuls-de-la-construccio-dhabitatges-publics\/\" \/>\n<meta property=\"og:locale\" content=\"es_ES\" \/>\n<meta property=\"og:type\" content=\"article\" \/>\n<meta property=\"og:title\" content=\"GARCIA FAURA aprovecha el impulso de la construcci\u00f3n de vivienda p\u00fablica - GARCIA FAURA\" \/>\n<meta property=\"og:description\" content=\"Arquitectura en Alumini, Inox, Ferro i Vidre\" \/>\n<meta property=\"og:url\" content=\"https:\/\/www.garciafaura.com\/es\/garcia-faura-aprofita-limpuls-de-la-construccio-dhabitatges-publics\/\" \/>\n<meta property=\"og:site_name\" content=\"GARCIA FAURA\" \/>\n<meta property=\"article:published_time\" content=\"2019-09-10T07:41:55+00:00\" \/>\n<meta property=\"article:modified_time\" content=\"2019-09-10T07:47:51+00:00\" \/>\n<meta property=\"og:image\" content=\"https:\/\/www.garciafaura.com\/wp-content\/uploads\/2019\/04\/Promocio-Sancho-Avila-02.jpg\" \/>\n\t<meta property=\"og:image:width\" content=\"1200\" \/>\n\t<meta property=\"og:image:height\" content=\"628\" \/>\n\t<meta property=\"og:image:type\" content=\"image\/jpeg\" \/>\n<meta name=\"author\" content=\"David Achell\" \/>\n<meta name=\"twitter:card\" content=\"summary_large_image\" \/>\n<meta name=\"twitter:label1\" content=\"Escrito por\" \/>\n\t<meta name=\"twitter:data1\" content=\"David Achell\" \/>\n\t<meta name=\"twitter:label2\" content=\"Tiempo de lectura\" \/>\n\t<meta name=\"twitter:data2\" content=\"1 minuto\" \/>\n<script type=\"application\/ld+json\" class=\"yoast-schema-graph\">{\"@context\":\"https:\/\/schema.org\",\"@graph\":[{\"@type\":\"Article\",\"@id\":\"https:\/\/www.garciafaura.com\/es\/garcia-faura-aprofita-limpuls-de-la-construccio-dhabitatges-publics\/#article\",\"isPartOf\":{\"@id\":\"https:\/\/www.garciafaura.com\/es\/garcia-faura-aprofita-limpuls-de-la-construccio-dhabitatges-publics\/\"},\"author\":{\"name\":\"David Achell\",\"@id\":\"https:\/\/www.garciafaura.com\/fr\/#\/schema\/person\/b4b75e69b33fac3446071909bec106b0\"},\"headline\":\"GARCIA FAURA aprovecha el impulso de la construcci\u00f3n de vivienda p\u00fablica\",\"datePublished\":\"2019-09-10T07:41:55+00:00\",\"dateModified\":\"2019-09-10T07:47:51+00:00\",\"mainEntityOfPage\":{\"@id\":\"https:\/\/www.garciafaura.com\/es\/garcia-faura-aprofita-limpuls-de-la-construccio-dhabitatges-publics\/\"},\"wordCount\":219,\"publisher\":{\"@id\":\"https:\/\/www.garciafaura.com\/fr\/#organization\"},\"image\":{\"@id\":\"https:\/\/www.garciafaura.com\/es\/garcia-faura-aprofita-limpuls-de-la-construccio-dhabitatges-publics\/#primaryimage\"},\"thumbnailUrl\":\"https:\/\/www.garciafaura.com\/wp-content\/uploads\/2019\/04\/Promocio-Sancho-Avila-02.jpg\",\"articleSection\":[\"Actualidad\"],\"inLanguage\":\"es\"},{\"@type\":\"WebPage\",\"@id\":\"https:\/\/www.garciafaura.com\/es\/garcia-faura-aprofita-limpuls-de-la-construccio-dhabitatges-publics\/\",\"url\":\"https:\/\/www.garciafaura.com\/es\/garcia-faura-aprofita-limpuls-de-la-construccio-dhabitatges-publics\/\",\"name\":\"GARCIA FAURA aprovecha el impulso de la construcci\u00f3n de vivienda p\u00fablica - GARCIA FAURA\",\"isPartOf\":{\"@id\":\"https:\/\/www.garciafaura.com\/fr\/#website\"},\"primaryImageOfPage\":{\"@id\":\"https:\/\/www.garciafaura.com\/es\/garcia-faura-aprofita-limpuls-de-la-construccio-dhabitatges-publics\/#primaryimage\"},\"image\":{\"@id\":\"https:\/\/www.garciafaura.com\/es\/garcia-faura-aprofita-limpuls-de-la-construccio-dhabitatges-publics\/#primaryimage\"},\"thumbnailUrl\":\"https:\/\/www.garciafaura.com\/wp-content\/uploads\/2019\/04\/Promocio-Sancho-Avila-02.jpg\",\"datePublished\":\"2019-09-10T07:41:55+00:00\",\"dateModified\":\"2019-09-10T07:47:51+00:00\",\"description\":\"Arquitectura en Alumini, Inox, Ferro i Vidre\",\"breadcrumb\":{\"@id\":\"https:\/\/www.garciafaura.com\/es\/garcia-faura-aprofita-limpuls-de-la-construccio-dhabitatges-publics\/#breadcrumb\"},\"inLanguage\":\"es\",\"potentialAction\":[{\"@type\":\"ReadAction\",\"target\":[\"https:\/\/www.garciafaura.com\/es\/garcia-faura-aprofita-limpuls-de-la-construccio-dhabitatges-publics\/\"]}]},{\"@type\":\"ImageObject\",\"inLanguage\":\"es\",\"@id\":\"https:\/\/www.garciafaura.com\/es\/garcia-faura-aprofita-limpuls-de-la-construccio-dhabitatges-publics\/#primaryimage\",\"url\":\"https:\/\/www.garciafaura.com\/wp-content\/uploads\/2019\/04\/Promocio-Sancho-Avila-02.jpg\",\"contentUrl\":\"https:\/\/www.garciafaura.com\/wp-content\/uploads\/2019\/04\/Promocio-Sancho-Avila-02.jpg\",\"width\":1200,\"height\":628,\"caption\":\"Trabajos para promoci\u00f3n de vivienda p\u00fablica en Barcelona\"},{\"@type\":\"BreadcrumbList\",\"@id\":\"https:\/\/www.garciafaura.com\/es\/garcia-faura-aprofita-limpuls-de-la-construccio-dhabitatges-publics\/#breadcrumb\",\"itemListElement\":[{\"@type\":\"ListItem\",\"position\":1,\"name\":\"Inici\",\"item\":\"https:\/\/www.garciafaura.com\/es\/\"},{\"@type\":\"ListItem\",\"position\":2,\"name\":\"GARCIA FAURA aprovecha el impulso de la construcci\u00f3n de vivienda p\u00fablica\"}]},{\"@type\":\"WebSite\",\"@id\":\"https:\/\/www.garciafaura.com\/fr\/#website\",\"url\":\"https:\/\/www.garciafaura.com\/fr\/\",\"name\":\"GARCIA FAURA\",\"description\":\"Arquitectura en Alumini, Inox, Ferro i Vidre\",\"publisher\":{\"@id\":\"https:\/\/www.garciafaura.com\/fr\/#organization\"},\"potentialAction\":[{\"@type\":\"SearchAction\",\"target\":{\"@type\":\"EntryPoint\",\"urlTemplate\":\"https:\/\/www.garciafaura.com\/fr\/?s={search_term_string}\"},\"query-input\":{\"@type\":\"PropertyValueSpecification\",\"valueRequired\":true,\"valueName\":\"search_term_string\"}}],\"inLanguage\":\"es\"},{\"@type\":\"Organization\",\"@id\":\"https:\/\/www.garciafaura.com\/fr\/#organization\",\"name\":\"GARCIA FAURA\",\"url\":\"https:\/\/www.garciafaura.com\/fr\/\",\"logo\":{\"@type\":\"ImageObject\",\"inLanguage\":\"es\",\"@id\":\"https:\/\/www.garciafaura.com\/fr\/#\/schema\/logo\/image\/\",\"url\":\"https:\/\/www.garciafaura.com\/wp-content\/uploads\/2018\/09\/Garcia-Faura.png\",\"contentUrl\":\"https:\/\/www.garciafaura.com\/wp-content\/uploads\/2018\/09\/Garcia-Faura.png\",\"width\":512,\"height\":512,\"caption\":\"GARCIA FAURA\"},\"image\":{\"@id\":\"https:\/\/www.garciafaura.com\/fr\/#\/schema\/logo\/image\/\"},\"sameAs\":[\"https:\/\/www.youtube.com\/user\/GARCIAFAURA\"]},{\"@type\":\"Person\",\"@id\":\"https:\/\/www.garciafaura.com\/fr\/#\/schema\/person\/b4b75e69b33fac3446071909bec106b0\",\"name\":\"David Achell\",\"image\":{\"@type\":\"ImageObject\",\"inLanguage\":\"es\",\"@id\":\"https:\/\/www.garciafaura.com\/fr\/#\/schema\/person\/image\/\",\"url\":\"https:\/\/secure.gravatar.com\/avatar\/03900210afc1f61bce737bcb4a79c02e2c997f171e3eca839b5a4cbe03846c90?s=96&d=blank&r=g\",\"contentUrl\":\"https:\/\/secure.gravatar.com\/avatar\/03900210afc1f61bce737bcb4a79c02e2c997f171e3eca839b5a4cbe03846c90?s=96&d=blank&r=g\",\"caption\":\"David Achell\"}}]}<\/script>\n<!-- \/ Yoast SEO plugin. -->","yoast_head_json":{"title":"GARCIA FAURA aprovecha el impulso de la construcci\u00f3n de vivienda p\u00fablica - GARCIA FAURA","description":"Arquitectura en Alumini, Inox, Ferro i Vidre","robots":{"index":"index","follow":"follow","max-snippet":"max-snippet:-1","max-image-preview":"max-image-preview:large","max-video-preview":"max-video-preview:-1"},"canonical":"https:\/\/www.garciafaura.com\/es\/garcia-faura-aprofita-limpuls-de-la-construccio-dhabitatges-publics\/","og_locale":"es_ES","og_type":"article","og_title":"GARCIA FAURA aprovecha el impulso de la construcci\u00f3n de vivienda p\u00fablica - GARCIA FAURA","og_description":"Arquitectura en Alumini, Inox, Ferro i Vidre","og_url":"https:\/\/www.garciafaura.com\/es\/garcia-faura-aprofita-limpuls-de-la-construccio-dhabitatges-publics\/","og_site_name":"GARCIA FAURA","article_published_time":"2019-09-10T07:41:55+00:00","article_modified_time":"2019-09-10T07:47:51+00:00","og_image":[{"width":1200,"height":628,"url":"https:\/\/www.garciafaura.com\/wp-content\/uploads\/2019\/04\/Promocio-Sancho-Avila-02.jpg","type":"image\/jpeg"}],"author":"David Achell","twitter_card":"summary_large_image","twitter_misc":{"Escrito por":"David Achell","Tiempo de lectura":"1 minuto"},"schema":{"@context":"https:\/\/schema.org","@graph":[{"@type":"Article","@id":"https:\/\/www.garciafaura.com\/es\/garcia-faura-aprofita-limpuls-de-la-construccio-dhabitatges-publics\/#article","isPartOf":{"@id":"https:\/\/www.garciafaura.com\/es\/garcia-faura-aprofita-limpuls-de-la-construccio-dhabitatges-publics\/"},"author":{"name":"David Achell","@id":"https:\/\/www.garciafaura.com\/fr\/#\/schema\/person\/b4b75e69b33fac3446071909bec106b0"},"headline":"GARCIA FAURA aprovecha el impulso de la construcci\u00f3n de vivienda p\u00fablica","datePublished":"2019-09-10T07:41:55+00:00","dateModified":"2019-09-10T07:47:51+00:00","mainEntityOfPage":{"@id":"https:\/\/www.garciafaura.com\/es\/garcia-faura-aprofita-limpuls-de-la-construccio-dhabitatges-publics\/"},"wordCount":219,"publisher":{"@id":"https:\/\/www.garciafaura.com\/fr\/#organization"},"image":{"@id":"https:\/\/www.garciafaura.com\/es\/garcia-faura-aprofita-limpuls-de-la-construccio-dhabitatges-publics\/#primaryimage"},"thumbnailUrl":"https:\/\/www.garciafaura.com\/wp-content\/uploads\/2019\/04\/Promocio-Sancho-Avila-02.jpg","articleSection":["Actualidad"],"inLanguage":"es"},{"@type":"WebPage","@id":"https:\/\/www.garciafaura.com\/es\/garcia-faura-aprofita-limpuls-de-la-construccio-dhabitatges-publics\/","url":"https:\/\/www.garciafaura.com\/es\/garcia-faura-aprofita-limpuls-de-la-construccio-dhabitatges-publics\/","name":"GARCIA FAURA aprovecha el impulso de la construcci\u00f3n de vivienda p\u00fablica - GARCIA FAURA","isPartOf":{"@id":"https:\/\/www.garciafaura.com\/fr\/#website"},"primaryImageOfPage":{"@id":"https:\/\/www.garciafaura.com\/es\/garcia-faura-aprofita-limpuls-de-la-construccio-dhabitatges-publics\/#primaryimage"},"image":{"@id":"https:\/\/www.garciafaura.com\/es\/garcia-faura-aprofita-limpuls-de-la-construccio-dhabitatges-publics\/#primaryimage"},"thumbnailUrl":"https:\/\/www.garciafaura.com\/wp-content\/uploads\/2019\/04\/Promocio-Sancho-Avila-02.jpg","datePublished":"2019-09-10T07:41:55+00:00","dateModified":"2019-09-10T07:47:51+00:00","description":"Arquitectura en Alumini, Inox, Ferro i Vidre","breadcrumb":{"@id":"https:\/\/www.garciafaura.com\/es\/garcia-faura-aprofita-limpuls-de-la-construccio-dhabitatges-publics\/#breadcrumb"},"inLanguage":"es","potentialAction":[{"@type":"ReadAction","target":["https:\/\/www.garciafaura.com\/es\/garcia-faura-aprofita-limpuls-de-la-construccio-dhabitatges-publics\/"]}]},{"@type":"ImageObject","inLanguage":"es","@id":"https:\/\/www.garciafaura.com\/es\/garcia-faura-aprofita-limpuls-de-la-construccio-dhabitatges-publics\/#primaryimage","url":"https:\/\/www.garciafaura.com\/wp-content\/uploads\/2019\/04\/Promocio-Sancho-Avila-02.jpg","contentUrl":"https:\/\/www.garciafaura.com\/wp-content\/uploads\/2019\/04\/Promocio-Sancho-Avila-02.jpg","width":1200,"height":628,"caption":"Trabajos para promoci\u00f3n de vivienda p\u00fablica en Barcelona"},{"@type":"BreadcrumbList","@id":"https:\/\/www.garciafaura.com\/es\/garcia-faura-aprofita-limpuls-de-la-construccio-dhabitatges-publics\/#breadcrumb","itemListElement":[{"@type":"ListItem","position":1,"name":"Inici","item":"https:\/\/www.garciafaura.com\/es\/"},{"@type":"ListItem","position":2,"name":"GARCIA FAURA aprovecha el impulso de la construcci\u00f3n de vivienda p\u00fablica"}]},{"@type":"WebSite","@id":"https:\/\/www.garciafaura.com\/fr\/#website","url":"https:\/\/www.garciafaura.com\/fr\/","name":"GARCIA FAURA","description":"Arquitectura en Alumini, Inox, Ferro i Vidre","publisher":{"@id":"https:\/\/www.garciafaura.com\/fr\/#organization"},"potentialAction":[{"@type":"SearchAction","target":{"@type":"EntryPoint","urlTemplate":"https:\/\/www.garciafaura.com\/fr\/?s={search_term_string}"},"query-input":{"@type":"PropertyValueSpecification","valueRequired":true,"valueName":"search_term_string"}}],"inLanguage":"es"},{"@type":"Organization","@id":"https:\/\/www.garciafaura.com\/fr\/#organization","name":"GARCIA FAURA","url":"https:\/\/www.garciafaura.com\/fr\/","logo":{"@type":"ImageObject","inLanguage":"es","@id":"https:\/\/www.garciafaura.com\/fr\/#\/schema\/logo\/image\/","url":"https:\/\/www.garciafaura.com\/wp-content\/uploads\/2018\/09\/Garcia-Faura.png","contentUrl":"https:\/\/www.garciafaura.com\/wp-content\/uploads\/2018\/09\/Garcia-Faura.png","width":512,"height":512,"caption":"GARCIA FAURA"},"image":{"@id":"https:\/\/www.garciafaura.com\/fr\/#\/schema\/logo\/image\/"},"sameAs":["https:\/\/www.youtube.com\/user\/GARCIAFAURA"]},{"@type":"Person","@id":"https:\/\/www.garciafaura.com\/fr\/#\/schema\/person\/b4b75e69b33fac3446071909bec106b0","name":"David Achell","image":{"@type":"ImageObject","inLanguage":"es","@id":"https:\/\/www.garciafaura.com\/fr\/#\/schema\/person\/image\/","url":"https:\/\/secure.gravatar.com\/avatar\/03900210afc1f61bce737bcb4a79c02e2c997f171e3eca839b5a4cbe03846c90?s=96&d=blank&r=g","contentUrl":"https:\/\/secure.gravatar.com\/avatar\/03900210afc1f61bce737bcb4a79c02e2c997f171e3eca839b5a4cbe03846c90?s=96&d=blank&r=g","caption":"David Achell"}}]}},"_links":{"self":[{"href":"https:\/\/www.garciafaura.com\/es\/wp-json\/wp\/v2\/posts\/23499","targetHints":{"allow":["GET"]}}],"collection":[{"href":"https:\/\/www.garciafaura.com\/es\/wp-json\/wp\/v2\/posts"}],"about":[{"href":"https:\/\/www.garciafaura.com\/es\/wp-json\/wp\/v2\/types\/post"}],"author":[{"embeddable":true,"href":"https:\/\/www.garciafaura.com\/es\/wp-json\/wp\/v2\/users\/3"}],"replies":[{"embeddable":true,"href":"https:\/\/www.garciafaura.com\/es\/wp-json\/wp\/v2\/comments?post=23499"}],"version-history":[{"count":2,"href":"https:\/\/www.garciafaura.com\/es\/wp-json\/wp\/v2\/posts\/23499\/revisions"}],"predecessor-version":[{"id":23500,"href":"https:\/\/www.garciafaura.com\/es\/wp-json\/wp\/v2\/posts\/23499\/revisions\/23500"}],"wp:featuredmedia":[{"embeddable":true,"href":"https:\/\/www.garciafaura.com\/es\/wp-json\/wp\/v2\/media\/23302"}],"wp:attachment":[{"href":"https:\/\/www.garciafaura.com\/es\/wp-json\/wp\/v2\/media?parent=23499"}],"wp:term":[{"taxonomy":"category","embeddable":true,"href":"https:\/\/www.garciafaura.com\/es\/wp-json\/wp\/v2\/categories?post=23499"},{"taxonomy":"post_tag","embeddable":true,"href":"https:\/\/www.garciafaura.com\/es\/wp-json\/wp\/v2\/tags?post=23499"},{"taxonomy":"post_series","embeddable":true,"href":"https:\/\/www.garciafaura.com\/es\/wp-json\/wp\/v2\/post_series?post=23499"}],"curies":[{"name":"wp","href":"https:\/\/api.w.org\/{rel}","templated":true}]}}