{"id":22787,"date":"2019-08-06T12:00:19","date_gmt":"2019-08-06T10:00:19","guid":{"rendered":"https:\/\/www.garciafaura.com\/cerramientos-y-muro-cortina-de-garcia-faura-en-el-nuevo-dique-sur-del-aeropuerto-de-barcelona\/"},"modified":"2019-08-01T10:52:38","modified_gmt":"2019-08-01T08:52:38","slug":"cerramientos-y-muro-cortina-de-garcia-faura-en-el-nuevo-dique-sur-del-aeropuerto-de-barcelona","status":"publish","type":"post","link":"https:\/\/www.garciafaura.com\/es\/cerramientos-y-muro-cortina-de-garcia-faura-en-el-nuevo-dique-sur-del-aeropuerto-de-barcelona\/","title":{"rendered":"Cerramientos y muro cortina de GARCIA FAURA en el nuevo dique sur del Aeropuerto de Barcelona"},"content":{"rendered":"<p style=\"text-align: justify;\"><a href=\"http:\/\/www.aena.es\/es\/pasajeros\/pasajeros.html\" target=\"_blank\" rel=\"noopener\"><strong>Aena<\/strong><\/a>, la empresa p\u00fablica que gestiona la mayor\u00eda de los aeropuertos espa\u00f1oles, est\u00e1 remodelando y ampliando el <strong>dique sur del <a href=\"https:\/\/www.aeropuertobarcelona-elprat.com\/\" target=\"_blank\" rel=\"noopener\">Aeropuerto de Barcelona<\/a><\/strong> para adaptarlo al crecimiento de usuarios que ha experimentado la infraestructura catalana los \u00faltimos a\u00f1os, especialment provenientes de aviones de gran envergadura.<\/p>\n<p style=\"text-align: justify;\">Un crecimiento que ha obligado a ampliar el n\u00famero de lugares de estacionamiento y de puertas de embarque adaptadas especialmente a los aviones que necesitan una pasarela y estands m\u00e1s grandes en este dique sur que hasta ahora estaba destinado a vuelos procedentes del \u00e1rea Schengen sin servicio de pasarela.<\/p>\n<p style=\"text-align: justify;\">En estas obras, <strong>GARCIA FAURA<\/strong> realizar\u00e1 2.600 metros cuadrados de <strong>muro cortina<\/strong> de prepasarelas y fachada de doble envidriamiento con capa de control solar, elaborada con piezas de acero inox con una alta resistencia a la corrosi\u00f3n, ideal para instalaciones pr\u00f3ximas al mar como es el caso del Aeropuerto de Barcelona.<\/p>\n<p style=\"text-align: justify;\">Antes de estos trabajos, <strong>GARCIA FAURA<\/strong> ha desmontado parcialmente la fachada del dique sur para poder acoplar las nuevas prespasarelas. Adem\u00e1s, la empresa tambi\u00e9n instalar\u00e1 600 metros cuadrados de <strong>cerramientos<\/strong> de las escaleras de prepasarela con fachada de vidrios modulares U-Glass realizados con perfiles de aluminio de extrusi\u00f3n especial y curvados.<\/p>\n<p style=\"text-align: justify;\">Cuando acaben las obras, el dique sur quedar\u00e1 configurado en tres niveles: uno de llegadas y salidas para pasajeros de la zona Schengen y otros dos para llegadas y salidas de pasajeros internacionales.<\/p>\n","protected":false},"excerpt":{"rendered":"<p>Aena, la empresa p\u00fablica que gestiona la mayor\u00eda de los aeropuertos espa\u00f1oles, est\u00e1 remodelando y ampliando el dique sur del Aeropuerto de Barcelona para adaptarlo al crecimiento de usuarios que ha experimentado la infraestructura catalana los \u00faltimos a\u00f1os, especialment provenientes&hellip;<\/p>\n","protected":false},"author":3,"featured_media":22784,"comment_status":"closed","ping_status":"open","sticky":false,"template":"","format":"gallery","meta":{"footnotes":""},"categories":[3],"tags":[],"post_series":[],"class_list":["post-22787","post","type-post","status-publish","format-gallery","has-post-thumbnail","hentry","category-actualidad","post_format-post-format-gallery","entry","has-media"],"yoast_head":"<!-- This site is optimized with the Yoast SEO plugin v26.7 - https:\/\/yoast.com\/wordpress\/plugins\/seo\/ -->\n<title>Cerramientos y muro cortina de GARCIA FAURA en el nuevo dique sur del Aeropuerto de Barcelona - GARCIA FAURA<\/title>\n<meta name=\"description\" content=\"Arquitectura en Alumini, Inox, Ferro i Vidre\" \/>\n<meta name=\"robots\" content=\"index, follow, max-snippet:-1, max-image-preview:large, max-video-preview:-1\" \/>\n<link rel=\"canonical\" href=\"https:\/\/www.garciafaura.com\/es\/cerramientos-y-muro-cortina-de-garcia-faura-en-el-nuevo-dique-sur-del-aeropuerto-de-barcelona\/\" \/>\n<meta property=\"og:locale\" content=\"es_ES\" \/>\n<meta property=\"og:type\" content=\"article\" \/>\n<meta property=\"og:title\" content=\"Cerramientos y muro cortina de GARCIA FAURA en el nuevo dique sur del Aeropuerto de Barcelona - GARCIA FAURA\" \/>\n<meta property=\"og:description\" content=\"Arquitectura en Alumini, Inox, Ferro i Vidre\" \/>\n<meta property=\"og:url\" content=\"https:\/\/www.garciafaura.com\/es\/cerramientos-y-muro-cortina-de-garcia-faura-en-el-nuevo-dique-sur-del-aeropuerto-de-barcelona\/\" \/>\n<meta property=\"og:site_name\" content=\"GARCIA FAURA\" \/>\n<meta property=\"article:published_time\" content=\"2019-08-06T10:00:19+00:00\" \/>\n<meta property=\"og:image\" content=\"https:\/\/www.garciafaura.com\/wp-content\/uploads\/2019\/08\/BCN876450.jpg\" \/>\n\t<meta property=\"og:image:width\" content=\"4000\" \/>\n\t<meta property=\"og:image:height\" content=\"2670\" \/>\n\t<meta property=\"og:image:type\" content=\"image\/jpeg\" \/>\n<meta name=\"author\" content=\"David Achell\" \/>\n<meta name=\"twitter:card\" content=\"summary_large_image\" \/>\n<meta name=\"twitter:label1\" content=\"Escrito por\" \/>\n\t<meta name=\"twitter:data1\" content=\"David Achell\" \/>\n\t<meta name=\"twitter:label2\" content=\"Tiempo de lectura\" \/>\n\t<meta name=\"twitter:data2\" content=\"1 minuto\" \/>\n<script type=\"application\/ld+json\" class=\"yoast-schema-graph\">{\"@context\":\"https:\/\/schema.org\",\"@graph\":[{\"@type\":\"Article\",\"@id\":\"https:\/\/www.garciafaura.com\/es\/cerramientos-y-muro-cortina-de-garcia-faura-en-el-nuevo-dique-sur-del-aeropuerto-de-barcelona\/#article\",\"isPartOf\":{\"@id\":\"https:\/\/www.garciafaura.com\/es\/cerramientos-y-muro-cortina-de-garcia-faura-en-el-nuevo-dique-sur-del-aeropuerto-de-barcelona\/\"},\"author\":{\"name\":\"David Achell\",\"@id\":\"https:\/\/www.garciafaura.com\/fr\/#\/schema\/person\/b4b75e69b33fac3446071909bec106b0\"},\"headline\":\"Cerramientos y muro cortina de GARCIA FAURA en el nuevo dique sur del Aeropuerto de Barcelona\",\"datePublished\":\"2019-08-06T10:00:19+00:00\",\"mainEntityOfPage\":{\"@id\":\"https:\/\/www.garciafaura.com\/es\/cerramientos-y-muro-cortina-de-garcia-faura-en-el-nuevo-dique-sur-del-aeropuerto-de-barcelona\/\"},\"wordCount\":255,\"publisher\":{\"@id\":\"https:\/\/www.garciafaura.com\/fr\/#organization\"},\"image\":{\"@id\":\"https:\/\/www.garciafaura.com\/es\/cerramientos-y-muro-cortina-de-garcia-faura-en-el-nuevo-dique-sur-del-aeropuerto-de-barcelona\/#primaryimage\"},\"thumbnailUrl\":\"https:\/\/www.garciafaura.com\/wp-content\/uploads\/2019\/08\/BCN876450.jpg\",\"articleSection\":[\"Actualidad\"],\"inLanguage\":\"es\"},{\"@type\":\"WebPage\",\"@id\":\"https:\/\/www.garciafaura.com\/es\/cerramientos-y-muro-cortina-de-garcia-faura-en-el-nuevo-dique-sur-del-aeropuerto-de-barcelona\/\",\"url\":\"https:\/\/www.garciafaura.com\/es\/cerramientos-y-muro-cortina-de-garcia-faura-en-el-nuevo-dique-sur-del-aeropuerto-de-barcelona\/\",\"name\":\"Cerramientos y muro cortina de GARCIA FAURA en el nuevo dique sur del Aeropuerto de Barcelona - GARCIA FAURA\",\"isPartOf\":{\"@id\":\"https:\/\/www.garciafaura.com\/fr\/#website\"},\"primaryImageOfPage\":{\"@id\":\"https:\/\/www.garciafaura.com\/es\/cerramientos-y-muro-cortina-de-garcia-faura-en-el-nuevo-dique-sur-del-aeropuerto-de-barcelona\/#primaryimage\"},\"image\":{\"@id\":\"https:\/\/www.garciafaura.com\/es\/cerramientos-y-muro-cortina-de-garcia-faura-en-el-nuevo-dique-sur-del-aeropuerto-de-barcelona\/#primaryimage\"},\"thumbnailUrl\":\"https:\/\/www.garciafaura.com\/wp-content\/uploads\/2019\/08\/BCN876450.jpg\",\"datePublished\":\"2019-08-06T10:00:19+00:00\",\"description\":\"Arquitectura en Alumini, Inox, Ferro i Vidre\",\"breadcrumb\":{\"@id\":\"https:\/\/www.garciafaura.com\/es\/cerramientos-y-muro-cortina-de-garcia-faura-en-el-nuevo-dique-sur-del-aeropuerto-de-barcelona\/#breadcrumb\"},\"inLanguage\":\"es\",\"potentialAction\":[{\"@type\":\"ReadAction\",\"target\":[\"https:\/\/www.garciafaura.com\/es\/cerramientos-y-muro-cortina-de-garcia-faura-en-el-nuevo-dique-sur-del-aeropuerto-de-barcelona\/\"]}]},{\"@type\":\"ImageObject\",\"inLanguage\":\"es\",\"@id\":\"https:\/\/www.garciafaura.com\/es\/cerramientos-y-muro-cortina-de-garcia-faura-en-el-nuevo-dique-sur-del-aeropuerto-de-barcelona\/#primaryimage\",\"url\":\"https:\/\/www.garciafaura.com\/wp-content\/uploads\/2019\/08\/BCN876450.jpg\",\"contentUrl\":\"https:\/\/www.garciafaura.com\/wp-content\/uploads\/2019\/08\/BCN876450.jpg\",\"width\":4000,\"height\":2670},{\"@type\":\"BreadcrumbList\",\"@id\":\"https:\/\/www.garciafaura.com\/es\/cerramientos-y-muro-cortina-de-garcia-faura-en-el-nuevo-dique-sur-del-aeropuerto-de-barcelona\/#breadcrumb\",\"itemListElement\":[{\"@type\":\"ListItem\",\"position\":1,\"name\":\"Inici\",\"item\":\"https:\/\/www.garciafaura.com\/es\/\"},{\"@type\":\"ListItem\",\"position\":2,\"name\":\"Cerramientos y muro cortina de GARCIA FAURA en el nuevo dique sur del Aeropuerto de Barcelona\"}]},{\"@type\":\"WebSite\",\"@id\":\"https:\/\/www.garciafaura.com\/fr\/#website\",\"url\":\"https:\/\/www.garciafaura.com\/fr\/\",\"name\":\"GARCIA FAURA\",\"description\":\"Arquitectura en Alumini, Inox, Ferro i Vidre\",\"publisher\":{\"@id\":\"https:\/\/www.garciafaura.com\/fr\/#organization\"},\"potentialAction\":[{\"@type\":\"SearchAction\",\"target\":{\"@type\":\"EntryPoint\",\"urlTemplate\":\"https:\/\/www.garciafaura.com\/fr\/?s={search_term_string}\"},\"query-input\":{\"@type\":\"PropertyValueSpecification\",\"valueRequired\":true,\"valueName\":\"search_term_string\"}}],\"inLanguage\":\"es\"},{\"@type\":\"Organization\",\"@id\":\"https:\/\/www.garciafaura.com\/fr\/#organization\",\"name\":\"GARCIA FAURA\",\"url\":\"https:\/\/www.garciafaura.com\/fr\/\",\"logo\":{\"@type\":\"ImageObject\",\"inLanguage\":\"es\",\"@id\":\"https:\/\/www.garciafaura.com\/fr\/#\/schema\/logo\/image\/\",\"url\":\"https:\/\/www.garciafaura.com\/wp-content\/uploads\/2018\/09\/Garcia-Faura.png\",\"contentUrl\":\"https:\/\/www.garciafaura.com\/wp-content\/uploads\/2018\/09\/Garcia-Faura.png\",\"width\":512,\"height\":512,\"caption\":\"GARCIA FAURA\"},\"image\":{\"@id\":\"https:\/\/www.garciafaura.com\/fr\/#\/schema\/logo\/image\/\"},\"sameAs\":[\"https:\/\/www.youtube.com\/user\/GARCIAFAURA\"]},{\"@type\":\"Person\",\"@id\":\"https:\/\/www.garciafaura.com\/fr\/#\/schema\/person\/b4b75e69b33fac3446071909bec106b0\",\"name\":\"David Achell\",\"image\":{\"@type\":\"ImageObject\",\"inLanguage\":\"es\",\"@id\":\"https:\/\/www.garciafaura.com\/fr\/#\/schema\/person\/image\/\",\"url\":\"https:\/\/secure.gravatar.com\/avatar\/03900210afc1f61bce737bcb4a79c02e2c997f171e3eca839b5a4cbe03846c90?s=96&d=blank&r=g\",\"contentUrl\":\"https:\/\/secure.gravatar.com\/avatar\/03900210afc1f61bce737bcb4a79c02e2c997f171e3eca839b5a4cbe03846c90?s=96&d=blank&r=g\",\"caption\":\"David Achell\"}}]}<\/script>\n<!-- \/ Yoast SEO plugin. -->","yoast_head_json":{"title":"Cerramientos y muro cortina de GARCIA FAURA en el nuevo dique sur del Aeropuerto de Barcelona - GARCIA FAURA","description":"Arquitectura en Alumini, Inox, Ferro i Vidre","robots":{"index":"index","follow":"follow","max-snippet":"max-snippet:-1","max-image-preview":"max-image-preview:large","max-video-preview":"max-video-preview:-1"},"canonical":"https:\/\/www.garciafaura.com\/es\/cerramientos-y-muro-cortina-de-garcia-faura-en-el-nuevo-dique-sur-del-aeropuerto-de-barcelona\/","og_locale":"es_ES","og_type":"article","og_title":"Cerramientos y muro cortina de GARCIA FAURA en el nuevo dique sur del Aeropuerto de Barcelona - GARCIA FAURA","og_description":"Arquitectura en Alumini, Inox, Ferro i Vidre","og_url":"https:\/\/www.garciafaura.com\/es\/cerramientos-y-muro-cortina-de-garcia-faura-en-el-nuevo-dique-sur-del-aeropuerto-de-barcelona\/","og_site_name":"GARCIA FAURA","article_published_time":"2019-08-06T10:00:19+00:00","og_image":[{"width":4000,"height":2670,"url":"https:\/\/www.garciafaura.com\/wp-content\/uploads\/2019\/08\/BCN876450.jpg","type":"image\/jpeg"}],"author":"David Achell","twitter_card":"summary_large_image","twitter_misc":{"Escrito por":"David Achell","Tiempo de lectura":"1 minuto"},"schema":{"@context":"https:\/\/schema.org","@graph":[{"@type":"Article","@id":"https:\/\/www.garciafaura.com\/es\/cerramientos-y-muro-cortina-de-garcia-faura-en-el-nuevo-dique-sur-del-aeropuerto-de-barcelona\/#article","isPartOf":{"@id":"https:\/\/www.garciafaura.com\/es\/cerramientos-y-muro-cortina-de-garcia-faura-en-el-nuevo-dique-sur-del-aeropuerto-de-barcelona\/"},"author":{"name":"David Achell","@id":"https:\/\/www.garciafaura.com\/fr\/#\/schema\/person\/b4b75e69b33fac3446071909bec106b0"},"headline":"Cerramientos y muro cortina de GARCIA FAURA en el nuevo dique sur del Aeropuerto de Barcelona","datePublished":"2019-08-06T10:00:19+00:00","mainEntityOfPage":{"@id":"https:\/\/www.garciafaura.com\/es\/cerramientos-y-muro-cortina-de-garcia-faura-en-el-nuevo-dique-sur-del-aeropuerto-de-barcelona\/"},"wordCount":255,"publisher":{"@id":"https:\/\/www.garciafaura.com\/fr\/#organization"},"image":{"@id":"https:\/\/www.garciafaura.com\/es\/cerramientos-y-muro-cortina-de-garcia-faura-en-el-nuevo-dique-sur-del-aeropuerto-de-barcelona\/#primaryimage"},"thumbnailUrl":"https:\/\/www.garciafaura.com\/wp-content\/uploads\/2019\/08\/BCN876450.jpg","articleSection":["Actualidad"],"inLanguage":"es"},{"@type":"WebPage","@id":"https:\/\/www.garciafaura.com\/es\/cerramientos-y-muro-cortina-de-garcia-faura-en-el-nuevo-dique-sur-del-aeropuerto-de-barcelona\/","url":"https:\/\/www.garciafaura.com\/es\/cerramientos-y-muro-cortina-de-garcia-faura-en-el-nuevo-dique-sur-del-aeropuerto-de-barcelona\/","name":"Cerramientos y muro cortina de GARCIA FAURA en el nuevo dique sur del Aeropuerto de Barcelona - GARCIA FAURA","isPartOf":{"@id":"https:\/\/www.garciafaura.com\/fr\/#website"},"primaryImageOfPage":{"@id":"https:\/\/www.garciafaura.com\/es\/cerramientos-y-muro-cortina-de-garcia-faura-en-el-nuevo-dique-sur-del-aeropuerto-de-barcelona\/#primaryimage"},"image":{"@id":"https:\/\/www.garciafaura.com\/es\/cerramientos-y-muro-cortina-de-garcia-faura-en-el-nuevo-dique-sur-del-aeropuerto-de-barcelona\/#primaryimage"},"thumbnailUrl":"https:\/\/www.garciafaura.com\/wp-content\/uploads\/2019\/08\/BCN876450.jpg","datePublished":"2019-08-06T10:00:19+00:00","description":"Arquitectura en Alumini, Inox, Ferro i Vidre","breadcrumb":{"@id":"https:\/\/www.garciafaura.com\/es\/cerramientos-y-muro-cortina-de-garcia-faura-en-el-nuevo-dique-sur-del-aeropuerto-de-barcelona\/#breadcrumb"},"inLanguage":"es","potentialAction":[{"@type":"ReadAction","target":["https:\/\/www.garciafaura.com\/es\/cerramientos-y-muro-cortina-de-garcia-faura-en-el-nuevo-dique-sur-del-aeropuerto-de-barcelona\/"]}]},{"@type":"ImageObject","inLanguage":"es","@id":"https:\/\/www.garciafaura.com\/es\/cerramientos-y-muro-cortina-de-garcia-faura-en-el-nuevo-dique-sur-del-aeropuerto-de-barcelona\/#primaryimage","url":"https:\/\/www.garciafaura.com\/wp-content\/uploads\/2019\/08\/BCN876450.jpg","contentUrl":"https:\/\/www.garciafaura.com\/wp-content\/uploads\/2019\/08\/BCN876450.jpg","width":4000,"height":2670},{"@type":"BreadcrumbList","@id":"https:\/\/www.garciafaura.com\/es\/cerramientos-y-muro-cortina-de-garcia-faura-en-el-nuevo-dique-sur-del-aeropuerto-de-barcelona\/#breadcrumb","itemListElement":[{"@type":"ListItem","position":1,"name":"Inici","item":"https:\/\/www.garciafaura.com\/es\/"},{"@type":"ListItem","position":2,"name":"Cerramientos y muro cortina de GARCIA FAURA en el nuevo dique sur del Aeropuerto de Barcelona"}]},{"@type":"WebSite","@id":"https:\/\/www.garciafaura.com\/fr\/#website","url":"https:\/\/www.garciafaura.com\/fr\/","name":"GARCIA FAURA","description":"Arquitectura en Alumini, Inox, Ferro i Vidre","publisher":{"@id":"https:\/\/www.garciafaura.com\/fr\/#organization"},"potentialAction":[{"@type":"SearchAction","target":{"@type":"EntryPoint","urlTemplate":"https:\/\/www.garciafaura.com\/fr\/?s={search_term_string}"},"query-input":{"@type":"PropertyValueSpecification","valueRequired":true,"valueName":"search_term_string"}}],"inLanguage":"es"},{"@type":"Organization","@id":"https:\/\/www.garciafaura.com\/fr\/#organization","name":"GARCIA FAURA","url":"https:\/\/www.garciafaura.com\/fr\/","logo":{"@type":"ImageObject","inLanguage":"es","@id":"https:\/\/www.garciafaura.com\/fr\/#\/schema\/logo\/image\/","url":"https:\/\/www.garciafaura.com\/wp-content\/uploads\/2018\/09\/Garcia-Faura.png","contentUrl":"https:\/\/www.garciafaura.com\/wp-content\/uploads\/2018\/09\/Garcia-Faura.png","width":512,"height":512,"caption":"GARCIA FAURA"},"image":{"@id":"https:\/\/www.garciafaura.com\/fr\/#\/schema\/logo\/image\/"},"sameAs":["https:\/\/www.youtube.com\/user\/GARCIAFAURA"]},{"@type":"Person","@id":"https:\/\/www.garciafaura.com\/fr\/#\/schema\/person\/b4b75e69b33fac3446071909bec106b0","name":"David Achell","image":{"@type":"ImageObject","inLanguage":"es","@id":"https:\/\/www.garciafaura.com\/fr\/#\/schema\/person\/image\/","url":"https:\/\/secure.gravatar.com\/avatar\/03900210afc1f61bce737bcb4a79c02e2c997f171e3eca839b5a4cbe03846c90?s=96&d=blank&r=g","contentUrl":"https:\/\/secure.gravatar.com\/avatar\/03900210afc1f61bce737bcb4a79c02e2c997f171e3eca839b5a4cbe03846c90?s=96&d=blank&r=g","caption":"David Achell"}}]}},"_links":{"self":[{"href":"https:\/\/www.garciafaura.com\/es\/wp-json\/wp\/v2\/posts\/22787","targetHints":{"allow":["GET"]}}],"collection":[{"href":"https:\/\/www.garciafaura.com\/es\/wp-json\/wp\/v2\/posts"}],"about":[{"href":"https:\/\/www.garciafaura.com\/es\/wp-json\/wp\/v2\/types\/post"}],"author":[{"embeddable":true,"href":"https:\/\/www.garciafaura.com\/es\/wp-json\/wp\/v2\/users\/3"}],"replies":[{"embeddable":true,"href":"https:\/\/www.garciafaura.com\/es\/wp-json\/wp\/v2\/comments?post=22787"}],"version-history":[{"count":2,"href":"https:\/\/www.garciafaura.com\/es\/wp-json\/wp\/v2\/posts\/22787\/revisions"}],"predecessor-version":[{"id":22789,"href":"https:\/\/www.garciafaura.com\/es\/wp-json\/wp\/v2\/posts\/22787\/revisions\/22789"}],"wp:featuredmedia":[{"embeddable":true,"href":"https:\/\/www.garciafaura.com\/es\/wp-json\/wp\/v2\/media\/22784"}],"wp:attachment":[{"href":"https:\/\/www.garciafaura.com\/es\/wp-json\/wp\/v2\/media?parent=22787"}],"wp:term":[{"taxonomy":"category","embeddable":true,"href":"https:\/\/www.garciafaura.com\/es\/wp-json\/wp\/v2\/categories?post=22787"},{"taxonomy":"post_tag","embeddable":true,"href":"https:\/\/www.garciafaura.com\/es\/wp-json\/wp\/v2\/tags?post=22787"},{"taxonomy":"post_series","embeddable":true,"href":"https:\/\/www.garciafaura.com\/es\/wp-json\/wp\/v2\/post_series?post=22787"}],"curies":[{"name":"wp","href":"https:\/\/api.w.org\/{rel}","templated":true}]}}