{"id":22654,"date":"2019-07-23T12:00:59","date_gmt":"2019-07-23T10:00:59","guid":{"rendered":"https:\/\/www.garciafaura.com\/garcia-faura-presenta-el-balance-de-resultados-de-2018\/"},"modified":"2019-07-23T12:25:12","modified_gmt":"2019-07-23T10:25:12","slug":"garcia-faura-presenta-el-balance-de-resultados-de-2018","status":"publish","type":"post","link":"https:\/\/www.garciafaura.com\/es\/garcia-faura-presenta-el-balance-de-resultados-de-2018\/","title":{"rendered":"GARCIA FAURA presenta el balance de resultados de 2018"},"content":{"rendered":"<p style=\"text-align: justify;\">La empresa, referente en el desarrollo, fabricaci\u00f3n e instalaci\u00f3n de fachadas y cerramientos de aluminio, cerr\u00f3 el pasado ejercicio con una <strong>facturaci\u00f3n que roza los 30 millones de euros<\/strong>, la cifra m\u00e1s elevada de su historia. A largo del a\u00f1o se ejecutaron m\u00e1s de 400 proyectos o, lo que es el mismo, se fabricaron e instalaron m\u00e1s de 250.000 metros cuadrados de muro cortina, 11.000 m\u00f3dulos de fachada y m\u00e1s de 25.000 ventanas, para las cuales se utilizaron m\u00e1s de 500 toneladas de aluminio.<\/p>\n<p style=\"text-align: justify;\">El principal mercado de negocio de <strong>GARCIA FAURA<\/strong> contin\u00faa siendo el espa\u00f1ol, a pesar de que aumenta el porcentaje de facturaci\u00f3n generado en los mercados exteriores en los cuales tiene presencia la empresa, como son Francia, Colombia o Luxemburgo. En este sentido, la previsi\u00f3n para el a\u00f1o 2019 es que el negocio exterior represente el 40% del total de la compa\u00f1\u00eda.<\/p>\n<p style=\"text-align: justify;\">Coherente con su vocaci\u00f3n de apostar por la innovaci\u00f3n y el desarrollo constante, <strong>GARCIA FAURA<\/strong> mantiene al alza su plan de inversiones destinadas a la modernizaci\u00f3n de instalaciones, equipamiento y tecnolog\u00eda. Solo durante 2018 se destinaron m\u00e1s de 550.000 euros a la adquisici\u00f3n de nueva maquinaria especializada y este a\u00f1o se est\u00e1 ejecutando un nuevo plan de digitalizaci\u00f3n orientado espec\u00edficamente al desarrollo de software y a la automatizaci\u00f3n de procesos.<\/p>\n<h4>Confianza en el futuro<\/h4>\n<p style=\"text-align: justify;\"><strong>GARCIA FAURA<\/strong> cuenta actualmente con una plantilla de 210 trabajadores directos en su sede central, a los que hay que sumar medio centenar m\u00e1s en el conjunto de sus delegaciones. La m\u00e1s reciente es la que se ha abierto en Madrid este primer semestre de 2019, con el objetivo de gestionar los proyectos del centro y sur de Espa\u00f1a.<\/p>\n<p style=\"text-align: justify;\">Las previsiones para este a\u00f1o apuntan a una facturaci\u00f3n de 40 millones de euros, y la ejecuci\u00f3n de casi 500 proyectos en el conjunto de mercados. Para hacerlo posible se contin\u00faa apostando por un personal de alta cualificaci\u00f3n t\u00e9cnica, con la oficina de ingenier\u00eda m\u00e1s completa del sector al servicio de las necesidades del sector de la arquitectura y la construcci\u00f3n.<\/p>\n","protected":false},"excerpt":{"rendered":"<p>La empresa, referente en el desarrollo, fabricaci\u00f3n e instalaci\u00f3n de fachadas y cerramientos de aluminio, cerr\u00f3 el pasado ejercicio con una facturaci\u00f3n que roza los 30 millones de euros, la cifra m\u00e1s elevada de su historia. A largo del a\u00f1o&hellip;<\/p>\n","protected":false},"author":3,"featured_media":22646,"comment_status":"closed","ping_status":"open","sticky":false,"template":"","format":"gallery","meta":{"footnotes":""},"categories":[3],"tags":[],"post_series":[],"class_list":["post-22654","post","type-post","status-publish","format-gallery","has-post-thumbnail","hentry","category-actualidad","post_format-post-format-gallery","entry","has-media"],"yoast_head":"<!-- This site is optimized with the Yoast SEO plugin v26.7 - https:\/\/yoast.com\/wordpress\/plugins\/seo\/ -->\n<title>GARCIA FAURA presenta el balance de resultados de 2018 - GARCIA FAURA<\/title>\n<meta name=\"description\" content=\"Arquitectura en Alumini, Inox, Ferro i Vidre\" \/>\n<meta name=\"robots\" content=\"index, follow, max-snippet:-1, max-image-preview:large, max-video-preview:-1\" \/>\n<link rel=\"canonical\" href=\"https:\/\/www.garciafaura.com\/es\/garcia-faura-presenta-el-balance-de-resultados-de-2018\/\" \/>\n<meta property=\"og:locale\" content=\"es_ES\" \/>\n<meta property=\"og:type\" content=\"article\" \/>\n<meta property=\"og:title\" content=\"GARCIA FAURA presenta el balance de resultados de 2018 - GARCIA FAURA\" \/>\n<meta property=\"og:description\" content=\"Arquitectura en Alumini, Inox, Ferro i Vidre\" \/>\n<meta property=\"og:url\" content=\"https:\/\/www.garciafaura.com\/es\/garcia-faura-presenta-el-balance-de-resultados-de-2018\/\" \/>\n<meta property=\"og:site_name\" content=\"GARCIA FAURA\" \/>\n<meta property=\"article:published_time\" content=\"2019-07-23T10:00:59+00:00\" \/>\n<meta property=\"article:modified_time\" content=\"2019-07-23T10:25:12+00:00\" \/>\n<meta property=\"og:image\" content=\"https:\/\/www.garciafaura.com\/wp-content\/uploads\/2019\/07\/GF-01-005-1024x622.jpg\" \/>\n\t<meta property=\"og:image:width\" content=\"1024\" \/>\n\t<meta property=\"og:image:height\" content=\"622\" \/>\n\t<meta property=\"og:image:type\" content=\"image\/jpeg\" \/>\n<meta name=\"author\" content=\"David Achell\" \/>\n<meta name=\"twitter:card\" content=\"summary_large_image\" \/>\n<meta name=\"twitter:label1\" content=\"Escrito por\" \/>\n\t<meta name=\"twitter:data1\" content=\"David Achell\" \/>\n\t<meta name=\"twitter:label2\" content=\"Tiempo de lectura\" \/>\n\t<meta name=\"twitter:data2\" content=\"2 minutos\" \/>\n<script type=\"application\/ld+json\" class=\"yoast-schema-graph\">{\"@context\":\"https:\/\/schema.org\",\"@graph\":[{\"@type\":\"Article\",\"@id\":\"https:\/\/www.garciafaura.com\/es\/garcia-faura-presenta-el-balance-de-resultados-de-2018\/#article\",\"isPartOf\":{\"@id\":\"https:\/\/www.garciafaura.com\/es\/garcia-faura-presenta-el-balance-de-resultados-de-2018\/\"},\"author\":{\"name\":\"David Achell\",\"@id\":\"https:\/\/www.garciafaura.com\/fr\/#\/schema\/person\/b4b75e69b33fac3446071909bec106b0\"},\"headline\":\"GARCIA FAURA presenta el balance de resultados de 2018\",\"datePublished\":\"2019-07-23T10:00:59+00:00\",\"dateModified\":\"2019-07-23T10:25:12+00:00\",\"mainEntityOfPage\":{\"@id\":\"https:\/\/www.garciafaura.com\/es\/garcia-faura-presenta-el-balance-de-resultados-de-2018\/\"},\"wordCount\":371,\"publisher\":{\"@id\":\"https:\/\/www.garciafaura.com\/fr\/#organization\"},\"image\":{\"@id\":\"https:\/\/www.garciafaura.com\/es\/garcia-faura-presenta-el-balance-de-resultados-de-2018\/#primaryimage\"},\"thumbnailUrl\":\"https:\/\/www.garciafaura.com\/wp-content\/uploads\/2019\/07\/GF-01-005.jpg\",\"articleSection\":[\"Actualidad\"],\"inLanguage\":\"es\"},{\"@type\":\"WebPage\",\"@id\":\"https:\/\/www.garciafaura.com\/es\/garcia-faura-presenta-el-balance-de-resultados-de-2018\/\",\"url\":\"https:\/\/www.garciafaura.com\/es\/garcia-faura-presenta-el-balance-de-resultados-de-2018\/\",\"name\":\"GARCIA FAURA presenta el balance de resultados de 2018 - GARCIA FAURA\",\"isPartOf\":{\"@id\":\"https:\/\/www.garciafaura.com\/fr\/#website\"},\"primaryImageOfPage\":{\"@id\":\"https:\/\/www.garciafaura.com\/es\/garcia-faura-presenta-el-balance-de-resultados-de-2018\/#primaryimage\"},\"image\":{\"@id\":\"https:\/\/www.garciafaura.com\/es\/garcia-faura-presenta-el-balance-de-resultados-de-2018\/#primaryimage\"},\"thumbnailUrl\":\"https:\/\/www.garciafaura.com\/wp-content\/uploads\/2019\/07\/GF-01-005.jpg\",\"datePublished\":\"2019-07-23T10:00:59+00:00\",\"dateModified\":\"2019-07-23T10:25:12+00:00\",\"description\":\"Arquitectura en Alumini, Inox, Ferro i Vidre\",\"breadcrumb\":{\"@id\":\"https:\/\/www.garciafaura.com\/es\/garcia-faura-presenta-el-balance-de-resultados-de-2018\/#breadcrumb\"},\"inLanguage\":\"es\",\"potentialAction\":[{\"@type\":\"ReadAction\",\"target\":[\"https:\/\/www.garciafaura.com\/es\/garcia-faura-presenta-el-balance-de-resultados-de-2018\/\"]}]},{\"@type\":\"ImageObject\",\"inLanguage\":\"es\",\"@id\":\"https:\/\/www.garciafaura.com\/es\/garcia-faura-presenta-el-balance-de-resultados-de-2018\/#primaryimage\",\"url\":\"https:\/\/www.garciafaura.com\/wp-content\/uploads\/2019\/07\/GF-01-005.jpg\",\"contentUrl\":\"https:\/\/www.garciafaura.com\/wp-content\/uploads\/2019\/07\/GF-01-005.jpg\",\"width\":3872,\"height\":2352},{\"@type\":\"BreadcrumbList\",\"@id\":\"https:\/\/www.garciafaura.com\/es\/garcia-faura-presenta-el-balance-de-resultados-de-2018\/#breadcrumb\",\"itemListElement\":[{\"@type\":\"ListItem\",\"position\":1,\"name\":\"Inici\",\"item\":\"https:\/\/www.garciafaura.com\/es\/\"},{\"@type\":\"ListItem\",\"position\":2,\"name\":\"GARCIA FAURA presenta el balance de resultados de 2018\"}]},{\"@type\":\"WebSite\",\"@id\":\"https:\/\/www.garciafaura.com\/fr\/#website\",\"url\":\"https:\/\/www.garciafaura.com\/fr\/\",\"name\":\"GARCIA FAURA\",\"description\":\"Arquitectura en Alumini, Inox, Ferro i Vidre\",\"publisher\":{\"@id\":\"https:\/\/www.garciafaura.com\/fr\/#organization\"},\"potentialAction\":[{\"@type\":\"SearchAction\",\"target\":{\"@type\":\"EntryPoint\",\"urlTemplate\":\"https:\/\/www.garciafaura.com\/fr\/?s={search_term_string}\"},\"query-input\":{\"@type\":\"PropertyValueSpecification\",\"valueRequired\":true,\"valueName\":\"search_term_string\"}}],\"inLanguage\":\"es\"},{\"@type\":\"Organization\",\"@id\":\"https:\/\/www.garciafaura.com\/fr\/#organization\",\"name\":\"GARCIA FAURA\",\"url\":\"https:\/\/www.garciafaura.com\/fr\/\",\"logo\":{\"@type\":\"ImageObject\",\"inLanguage\":\"es\",\"@id\":\"https:\/\/www.garciafaura.com\/fr\/#\/schema\/logo\/image\/\",\"url\":\"https:\/\/www.garciafaura.com\/wp-content\/uploads\/2018\/09\/Garcia-Faura.png\",\"contentUrl\":\"https:\/\/www.garciafaura.com\/wp-content\/uploads\/2018\/09\/Garcia-Faura.png\",\"width\":512,\"height\":512,\"caption\":\"GARCIA FAURA\"},\"image\":{\"@id\":\"https:\/\/www.garciafaura.com\/fr\/#\/schema\/logo\/image\/\"},\"sameAs\":[\"https:\/\/www.youtube.com\/user\/GARCIAFAURA\"]},{\"@type\":\"Person\",\"@id\":\"https:\/\/www.garciafaura.com\/fr\/#\/schema\/person\/b4b75e69b33fac3446071909bec106b0\",\"name\":\"David Achell\",\"image\":{\"@type\":\"ImageObject\",\"inLanguage\":\"es\",\"@id\":\"https:\/\/www.garciafaura.com\/fr\/#\/schema\/person\/image\/\",\"url\":\"https:\/\/secure.gravatar.com\/avatar\/03900210afc1f61bce737bcb4a79c02e2c997f171e3eca839b5a4cbe03846c90?s=96&d=blank&r=g\",\"contentUrl\":\"https:\/\/secure.gravatar.com\/avatar\/03900210afc1f61bce737bcb4a79c02e2c997f171e3eca839b5a4cbe03846c90?s=96&d=blank&r=g\",\"caption\":\"David Achell\"}}]}<\/script>\n<!-- \/ Yoast SEO plugin. -->","yoast_head_json":{"title":"GARCIA FAURA presenta el balance de resultados de 2018 - GARCIA FAURA","description":"Arquitectura en Alumini, Inox, Ferro i Vidre","robots":{"index":"index","follow":"follow","max-snippet":"max-snippet:-1","max-image-preview":"max-image-preview:large","max-video-preview":"max-video-preview:-1"},"canonical":"https:\/\/www.garciafaura.com\/es\/garcia-faura-presenta-el-balance-de-resultados-de-2018\/","og_locale":"es_ES","og_type":"article","og_title":"GARCIA FAURA presenta el balance de resultados de 2018 - GARCIA FAURA","og_description":"Arquitectura en Alumini, Inox, Ferro i Vidre","og_url":"https:\/\/www.garciafaura.com\/es\/garcia-faura-presenta-el-balance-de-resultados-de-2018\/","og_site_name":"GARCIA FAURA","article_published_time":"2019-07-23T10:00:59+00:00","article_modified_time":"2019-07-23T10:25:12+00:00","og_image":[{"width":1024,"height":622,"url":"https:\/\/www.garciafaura.com\/wp-content\/uploads\/2019\/07\/GF-01-005-1024x622.jpg","type":"image\/jpeg"}],"author":"David Achell","twitter_card":"summary_large_image","twitter_misc":{"Escrito por":"David Achell","Tiempo de lectura":"2 minutos"},"schema":{"@context":"https:\/\/schema.org","@graph":[{"@type":"Article","@id":"https:\/\/www.garciafaura.com\/es\/garcia-faura-presenta-el-balance-de-resultados-de-2018\/#article","isPartOf":{"@id":"https:\/\/www.garciafaura.com\/es\/garcia-faura-presenta-el-balance-de-resultados-de-2018\/"},"author":{"name":"David Achell","@id":"https:\/\/www.garciafaura.com\/fr\/#\/schema\/person\/b4b75e69b33fac3446071909bec106b0"},"headline":"GARCIA FAURA presenta el balance de resultados de 2018","datePublished":"2019-07-23T10:00:59+00:00","dateModified":"2019-07-23T10:25:12+00:00","mainEntityOfPage":{"@id":"https:\/\/www.garciafaura.com\/es\/garcia-faura-presenta-el-balance-de-resultados-de-2018\/"},"wordCount":371,"publisher":{"@id":"https:\/\/www.garciafaura.com\/fr\/#organization"},"image":{"@id":"https:\/\/www.garciafaura.com\/es\/garcia-faura-presenta-el-balance-de-resultados-de-2018\/#primaryimage"},"thumbnailUrl":"https:\/\/www.garciafaura.com\/wp-content\/uploads\/2019\/07\/GF-01-005.jpg","articleSection":["Actualidad"],"inLanguage":"es"},{"@type":"WebPage","@id":"https:\/\/www.garciafaura.com\/es\/garcia-faura-presenta-el-balance-de-resultados-de-2018\/","url":"https:\/\/www.garciafaura.com\/es\/garcia-faura-presenta-el-balance-de-resultados-de-2018\/","name":"GARCIA FAURA presenta el balance de resultados de 2018 - GARCIA FAURA","isPartOf":{"@id":"https:\/\/www.garciafaura.com\/fr\/#website"},"primaryImageOfPage":{"@id":"https:\/\/www.garciafaura.com\/es\/garcia-faura-presenta-el-balance-de-resultados-de-2018\/#primaryimage"},"image":{"@id":"https:\/\/www.garciafaura.com\/es\/garcia-faura-presenta-el-balance-de-resultados-de-2018\/#primaryimage"},"thumbnailUrl":"https:\/\/www.garciafaura.com\/wp-content\/uploads\/2019\/07\/GF-01-005.jpg","datePublished":"2019-07-23T10:00:59+00:00","dateModified":"2019-07-23T10:25:12+00:00","description":"Arquitectura en Alumini, Inox, Ferro i Vidre","breadcrumb":{"@id":"https:\/\/www.garciafaura.com\/es\/garcia-faura-presenta-el-balance-de-resultados-de-2018\/#breadcrumb"},"inLanguage":"es","potentialAction":[{"@type":"ReadAction","target":["https:\/\/www.garciafaura.com\/es\/garcia-faura-presenta-el-balance-de-resultados-de-2018\/"]}]},{"@type":"ImageObject","inLanguage":"es","@id":"https:\/\/www.garciafaura.com\/es\/garcia-faura-presenta-el-balance-de-resultados-de-2018\/#primaryimage","url":"https:\/\/www.garciafaura.com\/wp-content\/uploads\/2019\/07\/GF-01-005.jpg","contentUrl":"https:\/\/www.garciafaura.com\/wp-content\/uploads\/2019\/07\/GF-01-005.jpg","width":3872,"height":2352},{"@type":"BreadcrumbList","@id":"https:\/\/www.garciafaura.com\/es\/garcia-faura-presenta-el-balance-de-resultados-de-2018\/#breadcrumb","itemListElement":[{"@type":"ListItem","position":1,"name":"Inici","item":"https:\/\/www.garciafaura.com\/es\/"},{"@type":"ListItem","position":2,"name":"GARCIA FAURA presenta el balance de resultados de 2018"}]},{"@type":"WebSite","@id":"https:\/\/www.garciafaura.com\/fr\/#website","url":"https:\/\/www.garciafaura.com\/fr\/","name":"GARCIA FAURA","description":"Arquitectura en Alumini, Inox, Ferro i Vidre","publisher":{"@id":"https:\/\/www.garciafaura.com\/fr\/#organization"},"potentialAction":[{"@type":"SearchAction","target":{"@type":"EntryPoint","urlTemplate":"https:\/\/www.garciafaura.com\/fr\/?s={search_term_string}"},"query-input":{"@type":"PropertyValueSpecification","valueRequired":true,"valueName":"search_term_string"}}],"inLanguage":"es"},{"@type":"Organization","@id":"https:\/\/www.garciafaura.com\/fr\/#organization","name":"GARCIA FAURA","url":"https:\/\/www.garciafaura.com\/fr\/","logo":{"@type":"ImageObject","inLanguage":"es","@id":"https:\/\/www.garciafaura.com\/fr\/#\/schema\/logo\/image\/","url":"https:\/\/www.garciafaura.com\/wp-content\/uploads\/2018\/09\/Garcia-Faura.png","contentUrl":"https:\/\/www.garciafaura.com\/wp-content\/uploads\/2018\/09\/Garcia-Faura.png","width":512,"height":512,"caption":"GARCIA FAURA"},"image":{"@id":"https:\/\/www.garciafaura.com\/fr\/#\/schema\/logo\/image\/"},"sameAs":["https:\/\/www.youtube.com\/user\/GARCIAFAURA"]},{"@type":"Person","@id":"https:\/\/www.garciafaura.com\/fr\/#\/schema\/person\/b4b75e69b33fac3446071909bec106b0","name":"David Achell","image":{"@type":"ImageObject","inLanguage":"es","@id":"https:\/\/www.garciafaura.com\/fr\/#\/schema\/person\/image\/","url":"https:\/\/secure.gravatar.com\/avatar\/03900210afc1f61bce737bcb4a79c02e2c997f171e3eca839b5a4cbe03846c90?s=96&d=blank&r=g","contentUrl":"https:\/\/secure.gravatar.com\/avatar\/03900210afc1f61bce737bcb4a79c02e2c997f171e3eca839b5a4cbe03846c90?s=96&d=blank&r=g","caption":"David Achell"}}]}},"_links":{"self":[{"href":"https:\/\/www.garciafaura.com\/es\/wp-json\/wp\/v2\/posts\/22654","targetHints":{"allow":["GET"]}}],"collection":[{"href":"https:\/\/www.garciafaura.com\/es\/wp-json\/wp\/v2\/posts"}],"about":[{"href":"https:\/\/www.garciafaura.com\/es\/wp-json\/wp\/v2\/types\/post"}],"author":[{"embeddable":true,"href":"https:\/\/www.garciafaura.com\/es\/wp-json\/wp\/v2\/users\/3"}],"replies":[{"embeddable":true,"href":"https:\/\/www.garciafaura.com\/es\/wp-json\/wp\/v2\/comments?post=22654"}],"version-history":[{"count":2,"href":"https:\/\/www.garciafaura.com\/es\/wp-json\/wp\/v2\/posts\/22654\/revisions"}],"predecessor-version":[{"id":22656,"href":"https:\/\/www.garciafaura.com\/es\/wp-json\/wp\/v2\/posts\/22654\/revisions\/22656"}],"wp:featuredmedia":[{"embeddable":true,"href":"https:\/\/www.garciafaura.com\/es\/wp-json\/wp\/v2\/media\/22646"}],"wp:attachment":[{"href":"https:\/\/www.garciafaura.com\/es\/wp-json\/wp\/v2\/media?parent=22654"}],"wp:term":[{"taxonomy":"category","embeddable":true,"href":"https:\/\/www.garciafaura.com\/es\/wp-json\/wp\/v2\/categories?post=22654"},{"taxonomy":"post_tag","embeddable":true,"href":"https:\/\/www.garciafaura.com\/es\/wp-json\/wp\/v2\/tags?post=22654"},{"taxonomy":"post_series","embeddable":true,"href":"https:\/\/www.garciafaura.com\/es\/wp-json\/wp\/v2\/post_series?post=22654"}],"curies":[{"name":"wp","href":"https:\/\/api.w.org\/{rel}","templated":true}]}}