{"id":22488,"date":"2019-06-27T10:11:12","date_gmt":"2019-06-27T10:11:12","guid":{"rendered":"https:\/\/www.garciafaura.com\/garcia-faura-estrena-nueva-web\/"},"modified":"2019-07-19T11:22:18","modified_gmt":"2019-07-19T11:22:18","slug":"garcia-faura-estrena-nueva-web","status":"publish","type":"post","link":"https:\/\/www.garciafaura.com\/es\/garcia-faura-estrena-nueva-web\/","title":{"rendered":"\u00a1GARCIA FAURA estrena nueva web!"},"content":{"rendered":"<p style=\"text-align: justify;\">La web de <strong>GARCIA FAURA<\/strong> se renueva completamente. La empresa ha realizado un <strong>nuevo dise\u00f1o de su espacio virtual<\/strong> con el objetivo de ofrecer una imagen m\u00e1s actual, de navegaci\u00f3n pr\u00e1ctica, \u00fatil y, sobre todo, un entorno ideal para ofrecer el mejor servicio a sus usuarios y clientes.<\/p>\n<p style=\"text-align: justify;\">La nueva web incluye muchas <strong>novedades y mejoras, tanto en cuanto al dise\u00f1o como a la navegaci\u00f3n y los contenidos<\/strong>, donde la principal caracter\u00edstica son las im\u00e1genes. En este sentido, el nuevo web de <strong>GARCIA FAURA<\/strong> se encuentran <strong>m\u00e1s de 4.000 fotograf\u00edas de proyectos y v\u00eddeos tem\u00e1ticos<\/strong>de diferentes aspectos de la empresa.<\/p>\n<p style=\"text-align: justify;\">El espacio virtual, que sigue siendo <strong>accesible en cuatro idiomas<\/strong> (catal\u00e1n, castellano, ingl\u00e9s y franc\u00e9s), tambi\u00e9n incorpora <strong>m\u00e1s de 300 proyectos referenciados<\/strong> divididos en edificios corporativos, de servicios, residenciales, hoteles, fachadas, en rehabilitaci\u00f3n o, incluso, futuros proyectos.<\/p>\n<p style=\"text-align: justify;\">En la web tambi\u00e9n mantiene el apartado de noticias e incorpora un nuevo espacio dedicado a los servicios que ofrece: Oficina T\u00e9cnica, Ingenier\u00eda, C\u00e1lculo y Dise\u00f1o, Producci\u00f3n e Instalaci\u00f3n, entre otra informaci\u00f3n de inter\u00e9s para los profesionales del sector y para los clientes de la compa\u00f1\u00eda en todo el mundo. Tambi\u00e9n ofrece la posibilidad de darse de alta en el bolet\u00edn electr\u00f3nico mensual para estar al d\u00eda de la actualidad de la empresa.<\/p>\n","protected":false},"excerpt":{"rendered":"<p>La web de GARCIA FAURA se renueva completamente. La empresa ha realizado un nuevo dise\u00f1o de su espacio virtual con el objetivo de ofrecer una imagen m\u00e1s actual, de navegaci\u00f3n pr\u00e1ctica, \u00fatil y, sobre todo, un entorno ideal para ofrecer&hellip;<\/p>\n","protected":false},"author":3,"featured_media":22486,"comment_status":"closed","ping_status":"open","sticky":false,"template":"","format":"standard","meta":{"footnotes":""},"categories":[3],"tags":[],"post_series":[],"class_list":["post-22488","post","type-post","status-publish","format-standard","has-post-thumbnail","hentry","category-actualidad","entry","has-media"],"yoast_head":"<!-- This site is optimized with the Yoast SEO plugin v26.7 - https:\/\/yoast.com\/wordpress\/plugins\/seo\/ -->\n<title>\u00a1GARCIA FAURA estrena nueva web! - GARCIA FAURA<\/title>\n<meta name=\"description\" content=\"Arquitectura en Alumini, Inox, Ferro i Vidre\" \/>\n<meta name=\"robots\" content=\"index, follow, max-snippet:-1, max-image-preview:large, max-video-preview:-1\" \/>\n<link rel=\"canonical\" href=\"https:\/\/www.garciafaura.com\/es\/garcia-faura-estrena-nueva-web\/\" \/>\n<meta property=\"og:locale\" content=\"es_ES\" \/>\n<meta property=\"og:type\" content=\"article\" \/>\n<meta property=\"og:title\" content=\"\u00a1GARCIA FAURA estrena nueva web! - GARCIA FAURA\" \/>\n<meta property=\"og:description\" content=\"Arquitectura en Alumini, Inox, Ferro i Vidre\" \/>\n<meta property=\"og:url\" content=\"https:\/\/www.garciafaura.com\/es\/garcia-faura-estrena-nueva-web\/\" \/>\n<meta property=\"og:site_name\" content=\"GARCIA FAURA\" \/>\n<meta property=\"article:published_time\" content=\"2019-06-27T10:11:12+00:00\" \/>\n<meta property=\"article:modified_time\" content=\"2019-07-19T11:22:18+00:00\" \/>\n<meta property=\"og:image\" content=\"https:\/\/www.garciafaura.com\/wp-content\/uploads\/2019\/06\/Captura-de-pantalla-2019-06-27-a-las-12.05.31-1024x626.png\" \/>\n\t<meta property=\"og:image:width\" content=\"1024\" \/>\n\t<meta property=\"og:image:height\" content=\"626\" \/>\n\t<meta property=\"og:image:type\" content=\"image\/png\" \/>\n<meta name=\"author\" content=\"David Achell\" \/>\n<meta name=\"twitter:card\" content=\"summary_large_image\" \/>\n<meta name=\"twitter:label1\" content=\"Escrito por\" \/>\n\t<meta name=\"twitter:data1\" content=\"David Achell\" \/>\n\t<meta name=\"twitter:label2\" content=\"Tiempo de lectura\" \/>\n\t<meta name=\"twitter:data2\" content=\"1 minuto\" \/>\n<script type=\"application\/ld+json\" class=\"yoast-schema-graph\">{\"@context\":\"https:\/\/schema.org\",\"@graph\":[{\"@type\":\"Article\",\"@id\":\"https:\/\/www.garciafaura.com\/es\/garcia-faura-estrena-nueva-web\/#article\",\"isPartOf\":{\"@id\":\"https:\/\/www.garciafaura.com\/es\/garcia-faura-estrena-nueva-web\/\"},\"author\":{\"name\":\"David Achell\",\"@id\":\"https:\/\/www.garciafaura.com\/fr\/#\/schema\/person\/b4b75e69b33fac3446071909bec106b0\"},\"headline\":\"\u00a1GARCIA FAURA estrena nueva web!\",\"datePublished\":\"2019-06-27T10:11:12+00:00\",\"dateModified\":\"2019-07-19T11:22:18+00:00\",\"mainEntityOfPage\":{\"@id\":\"https:\/\/www.garciafaura.com\/es\/garcia-faura-estrena-nueva-web\/\"},\"wordCount\":245,\"publisher\":{\"@id\":\"https:\/\/www.garciafaura.com\/fr\/#organization\"},\"image\":{\"@id\":\"https:\/\/www.garciafaura.com\/es\/garcia-faura-estrena-nueva-web\/#primaryimage\"},\"thumbnailUrl\":\"https:\/\/www.garciafaura.com\/wp-content\/uploads\/2019\/06\/Captura-de-pantalla-2019-06-27-a-las-12.05.31.png\",\"articleSection\":[\"Actualidad\"],\"inLanguage\":\"es\"},{\"@type\":\"WebPage\",\"@id\":\"https:\/\/www.garciafaura.com\/es\/garcia-faura-estrena-nueva-web\/\",\"url\":\"https:\/\/www.garciafaura.com\/es\/garcia-faura-estrena-nueva-web\/\",\"name\":\"\u00a1GARCIA FAURA estrena nueva web! - GARCIA FAURA\",\"isPartOf\":{\"@id\":\"https:\/\/www.garciafaura.com\/fr\/#website\"},\"primaryImageOfPage\":{\"@id\":\"https:\/\/www.garciafaura.com\/es\/garcia-faura-estrena-nueva-web\/#primaryimage\"},\"image\":{\"@id\":\"https:\/\/www.garciafaura.com\/es\/garcia-faura-estrena-nueva-web\/#primaryimage\"},\"thumbnailUrl\":\"https:\/\/www.garciafaura.com\/wp-content\/uploads\/2019\/06\/Captura-de-pantalla-2019-06-27-a-las-12.05.31.png\",\"datePublished\":\"2019-06-27T10:11:12+00:00\",\"dateModified\":\"2019-07-19T11:22:18+00:00\",\"description\":\"Arquitectura en Alumini, Inox, Ferro i Vidre\",\"breadcrumb\":{\"@id\":\"https:\/\/www.garciafaura.com\/es\/garcia-faura-estrena-nueva-web\/#breadcrumb\"},\"inLanguage\":\"es\",\"potentialAction\":[{\"@type\":\"ReadAction\",\"target\":[\"https:\/\/www.garciafaura.com\/es\/garcia-faura-estrena-nueva-web\/\"]}]},{\"@type\":\"ImageObject\",\"inLanguage\":\"es\",\"@id\":\"https:\/\/www.garciafaura.com\/es\/garcia-faura-estrena-nueva-web\/#primaryimage\",\"url\":\"https:\/\/www.garciafaura.com\/wp-content\/uploads\/2019\/06\/Captura-de-pantalla-2019-06-27-a-las-12.05.31.png\",\"contentUrl\":\"https:\/\/www.garciafaura.com\/wp-content\/uploads\/2019\/06\/Captura-de-pantalla-2019-06-27-a-las-12.05.31.png\",\"width\":1897,\"height\":1159},{\"@type\":\"BreadcrumbList\",\"@id\":\"https:\/\/www.garciafaura.com\/es\/garcia-faura-estrena-nueva-web\/#breadcrumb\",\"itemListElement\":[{\"@type\":\"ListItem\",\"position\":1,\"name\":\"Inici\",\"item\":\"https:\/\/www.garciafaura.com\/es\/\"},{\"@type\":\"ListItem\",\"position\":2,\"name\":\"\u00a1GARCIA FAURA estrena nueva web!\"}]},{\"@type\":\"WebSite\",\"@id\":\"https:\/\/www.garciafaura.com\/fr\/#website\",\"url\":\"https:\/\/www.garciafaura.com\/fr\/\",\"name\":\"GARCIA FAURA\",\"description\":\"Arquitectura en Alumini, Inox, Ferro i Vidre\",\"publisher\":{\"@id\":\"https:\/\/www.garciafaura.com\/fr\/#organization\"},\"potentialAction\":[{\"@type\":\"SearchAction\",\"target\":{\"@type\":\"EntryPoint\",\"urlTemplate\":\"https:\/\/www.garciafaura.com\/fr\/?s={search_term_string}\"},\"query-input\":{\"@type\":\"PropertyValueSpecification\",\"valueRequired\":true,\"valueName\":\"search_term_string\"}}],\"inLanguage\":\"es\"},{\"@type\":\"Organization\",\"@id\":\"https:\/\/www.garciafaura.com\/fr\/#organization\",\"name\":\"GARCIA FAURA\",\"url\":\"https:\/\/www.garciafaura.com\/fr\/\",\"logo\":{\"@type\":\"ImageObject\",\"inLanguage\":\"es\",\"@id\":\"https:\/\/www.garciafaura.com\/fr\/#\/schema\/logo\/image\/\",\"url\":\"https:\/\/www.garciafaura.com\/wp-content\/uploads\/2018\/09\/Garcia-Faura.png\",\"contentUrl\":\"https:\/\/www.garciafaura.com\/wp-content\/uploads\/2018\/09\/Garcia-Faura.png\",\"width\":512,\"height\":512,\"caption\":\"GARCIA FAURA\"},\"image\":{\"@id\":\"https:\/\/www.garciafaura.com\/fr\/#\/schema\/logo\/image\/\"},\"sameAs\":[\"https:\/\/www.youtube.com\/user\/GARCIAFAURA\"]},{\"@type\":\"Person\",\"@id\":\"https:\/\/www.garciafaura.com\/fr\/#\/schema\/person\/b4b75e69b33fac3446071909bec106b0\",\"name\":\"David Achell\",\"image\":{\"@type\":\"ImageObject\",\"inLanguage\":\"es\",\"@id\":\"https:\/\/www.garciafaura.com\/fr\/#\/schema\/person\/image\/\",\"url\":\"https:\/\/secure.gravatar.com\/avatar\/03900210afc1f61bce737bcb4a79c02e2c997f171e3eca839b5a4cbe03846c90?s=96&d=blank&r=g\",\"contentUrl\":\"https:\/\/secure.gravatar.com\/avatar\/03900210afc1f61bce737bcb4a79c02e2c997f171e3eca839b5a4cbe03846c90?s=96&d=blank&r=g\",\"caption\":\"David Achell\"}}]}<\/script>\n<!-- \/ Yoast SEO plugin. -->","yoast_head_json":{"title":"\u00a1GARCIA FAURA estrena nueva web! - GARCIA FAURA","description":"Arquitectura en Alumini, Inox, Ferro i Vidre","robots":{"index":"index","follow":"follow","max-snippet":"max-snippet:-1","max-image-preview":"max-image-preview:large","max-video-preview":"max-video-preview:-1"},"canonical":"https:\/\/www.garciafaura.com\/es\/garcia-faura-estrena-nueva-web\/","og_locale":"es_ES","og_type":"article","og_title":"\u00a1GARCIA FAURA estrena nueva web! - GARCIA FAURA","og_description":"Arquitectura en Alumini, Inox, Ferro i Vidre","og_url":"https:\/\/www.garciafaura.com\/es\/garcia-faura-estrena-nueva-web\/","og_site_name":"GARCIA FAURA","article_published_time":"2019-06-27T10:11:12+00:00","article_modified_time":"2019-07-19T11:22:18+00:00","og_image":[{"width":1024,"height":626,"url":"https:\/\/www.garciafaura.com\/wp-content\/uploads\/2019\/06\/Captura-de-pantalla-2019-06-27-a-las-12.05.31-1024x626.png","type":"image\/png"}],"author":"David Achell","twitter_card":"summary_large_image","twitter_misc":{"Escrito por":"David Achell","Tiempo de lectura":"1 minuto"},"schema":{"@context":"https:\/\/schema.org","@graph":[{"@type":"Article","@id":"https:\/\/www.garciafaura.com\/es\/garcia-faura-estrena-nueva-web\/#article","isPartOf":{"@id":"https:\/\/www.garciafaura.com\/es\/garcia-faura-estrena-nueva-web\/"},"author":{"name":"David Achell","@id":"https:\/\/www.garciafaura.com\/fr\/#\/schema\/person\/b4b75e69b33fac3446071909bec106b0"},"headline":"\u00a1GARCIA FAURA estrena nueva web!","datePublished":"2019-06-27T10:11:12+00:00","dateModified":"2019-07-19T11:22:18+00:00","mainEntityOfPage":{"@id":"https:\/\/www.garciafaura.com\/es\/garcia-faura-estrena-nueva-web\/"},"wordCount":245,"publisher":{"@id":"https:\/\/www.garciafaura.com\/fr\/#organization"},"image":{"@id":"https:\/\/www.garciafaura.com\/es\/garcia-faura-estrena-nueva-web\/#primaryimage"},"thumbnailUrl":"https:\/\/www.garciafaura.com\/wp-content\/uploads\/2019\/06\/Captura-de-pantalla-2019-06-27-a-las-12.05.31.png","articleSection":["Actualidad"],"inLanguage":"es"},{"@type":"WebPage","@id":"https:\/\/www.garciafaura.com\/es\/garcia-faura-estrena-nueva-web\/","url":"https:\/\/www.garciafaura.com\/es\/garcia-faura-estrena-nueva-web\/","name":"\u00a1GARCIA FAURA estrena nueva web! - GARCIA FAURA","isPartOf":{"@id":"https:\/\/www.garciafaura.com\/fr\/#website"},"primaryImageOfPage":{"@id":"https:\/\/www.garciafaura.com\/es\/garcia-faura-estrena-nueva-web\/#primaryimage"},"image":{"@id":"https:\/\/www.garciafaura.com\/es\/garcia-faura-estrena-nueva-web\/#primaryimage"},"thumbnailUrl":"https:\/\/www.garciafaura.com\/wp-content\/uploads\/2019\/06\/Captura-de-pantalla-2019-06-27-a-las-12.05.31.png","datePublished":"2019-06-27T10:11:12+00:00","dateModified":"2019-07-19T11:22:18+00:00","description":"Arquitectura en Alumini, Inox, Ferro i Vidre","breadcrumb":{"@id":"https:\/\/www.garciafaura.com\/es\/garcia-faura-estrena-nueva-web\/#breadcrumb"},"inLanguage":"es","potentialAction":[{"@type":"ReadAction","target":["https:\/\/www.garciafaura.com\/es\/garcia-faura-estrena-nueva-web\/"]}]},{"@type":"ImageObject","inLanguage":"es","@id":"https:\/\/www.garciafaura.com\/es\/garcia-faura-estrena-nueva-web\/#primaryimage","url":"https:\/\/www.garciafaura.com\/wp-content\/uploads\/2019\/06\/Captura-de-pantalla-2019-06-27-a-las-12.05.31.png","contentUrl":"https:\/\/www.garciafaura.com\/wp-content\/uploads\/2019\/06\/Captura-de-pantalla-2019-06-27-a-las-12.05.31.png","width":1897,"height":1159},{"@type":"BreadcrumbList","@id":"https:\/\/www.garciafaura.com\/es\/garcia-faura-estrena-nueva-web\/#breadcrumb","itemListElement":[{"@type":"ListItem","position":1,"name":"Inici","item":"https:\/\/www.garciafaura.com\/es\/"},{"@type":"ListItem","position":2,"name":"\u00a1GARCIA FAURA estrena nueva web!"}]},{"@type":"WebSite","@id":"https:\/\/www.garciafaura.com\/fr\/#website","url":"https:\/\/www.garciafaura.com\/fr\/","name":"GARCIA FAURA","description":"Arquitectura en Alumini, Inox, Ferro i Vidre","publisher":{"@id":"https:\/\/www.garciafaura.com\/fr\/#organization"},"potentialAction":[{"@type":"SearchAction","target":{"@type":"EntryPoint","urlTemplate":"https:\/\/www.garciafaura.com\/fr\/?s={search_term_string}"},"query-input":{"@type":"PropertyValueSpecification","valueRequired":true,"valueName":"search_term_string"}}],"inLanguage":"es"},{"@type":"Organization","@id":"https:\/\/www.garciafaura.com\/fr\/#organization","name":"GARCIA FAURA","url":"https:\/\/www.garciafaura.com\/fr\/","logo":{"@type":"ImageObject","inLanguage":"es","@id":"https:\/\/www.garciafaura.com\/fr\/#\/schema\/logo\/image\/","url":"https:\/\/www.garciafaura.com\/wp-content\/uploads\/2018\/09\/Garcia-Faura.png","contentUrl":"https:\/\/www.garciafaura.com\/wp-content\/uploads\/2018\/09\/Garcia-Faura.png","width":512,"height":512,"caption":"GARCIA FAURA"},"image":{"@id":"https:\/\/www.garciafaura.com\/fr\/#\/schema\/logo\/image\/"},"sameAs":["https:\/\/www.youtube.com\/user\/GARCIAFAURA"]},{"@type":"Person","@id":"https:\/\/www.garciafaura.com\/fr\/#\/schema\/person\/b4b75e69b33fac3446071909bec106b0","name":"David Achell","image":{"@type":"ImageObject","inLanguage":"es","@id":"https:\/\/www.garciafaura.com\/fr\/#\/schema\/person\/image\/","url":"https:\/\/secure.gravatar.com\/avatar\/03900210afc1f61bce737bcb4a79c02e2c997f171e3eca839b5a4cbe03846c90?s=96&d=blank&r=g","contentUrl":"https:\/\/secure.gravatar.com\/avatar\/03900210afc1f61bce737bcb4a79c02e2c997f171e3eca839b5a4cbe03846c90?s=96&d=blank&r=g","caption":"David Achell"}}]}},"_links":{"self":[{"href":"https:\/\/www.garciafaura.com\/es\/wp-json\/wp\/v2\/posts\/22488","targetHints":{"allow":["GET"]}}],"collection":[{"href":"https:\/\/www.garciafaura.com\/es\/wp-json\/wp\/v2\/posts"}],"about":[{"href":"https:\/\/www.garciafaura.com\/es\/wp-json\/wp\/v2\/types\/post"}],"author":[{"embeddable":true,"href":"https:\/\/www.garciafaura.com\/es\/wp-json\/wp\/v2\/users\/3"}],"replies":[{"embeddable":true,"href":"https:\/\/www.garciafaura.com\/es\/wp-json\/wp\/v2\/comments?post=22488"}],"version-history":[{"count":1,"href":"https:\/\/www.garciafaura.com\/es\/wp-json\/wp\/v2\/posts\/22488\/revisions"}],"predecessor-version":[{"id":22489,"href":"https:\/\/www.garciafaura.com\/es\/wp-json\/wp\/v2\/posts\/22488\/revisions\/22489"}],"wp:featuredmedia":[{"embeddable":true,"href":"https:\/\/www.garciafaura.com\/es\/wp-json\/wp\/v2\/media\/22486"}],"wp:attachment":[{"href":"https:\/\/www.garciafaura.com\/es\/wp-json\/wp\/v2\/media?parent=22488"}],"wp:term":[{"taxonomy":"category","embeddable":true,"href":"https:\/\/www.garciafaura.com\/es\/wp-json\/wp\/v2\/categories?post=22488"},{"taxonomy":"post_tag","embeddable":true,"href":"https:\/\/www.garciafaura.com\/es\/wp-json\/wp\/v2\/tags?post=22488"},{"taxonomy":"post_series","embeddable":true,"href":"https:\/\/www.garciafaura.com\/es\/wp-json\/wp\/v2\/post_series?post=22488"}],"curies":[{"name":"wp","href":"https:\/\/api.w.org\/{rel}","templated":true}]}}