{"id":22473,"date":"2019-06-18T14:00:16","date_gmt":"2019-06-18T14:00:16","guid":{"rendered":"https:\/\/www.garciafaura.com\/garcia-faura-con-el-master-de-fachadas-ligeras-de-la-upc\/"},"modified":"2019-07-19T11:22:24","modified_gmt":"2019-07-19T11:22:24","slug":"garcia-faura-con-el-master-de-fachadas-ligeras-de-la-upc","status":"publish","type":"post","link":"https:\/\/www.garciafaura.com\/es\/garcia-faura-con-el-master-de-fachadas-ligeras-de-la-upc\/","title":{"rendered":"GARCIA FAURA, con el M\u00e1ster de Fachadas Ligeras de la UPC"},"content":{"rendered":"<p style=\"text-align: justify;\"><strong>GARCIA FAURA<\/strong> ha participado recientemente en la jornada titulada <strong><em>La formaci\u00f3n en el sector de la envolvente arquitect\u00f3nica<\/em><\/strong> celebrada en el <a href=\"https:\/\/www.trespa.com\/es\/design_center\/trespa-design-centre-barcelona\" target=\"_blank\" rel=\"noopener\"><strong>Trespa Design Centre<\/strong><\/a> de Barcelona. La jornada sirvi\u00f3 para presentar el <a href=\"https:\/\/www.masterfachadasligeras.es\/mfl-a-barcelona\/\" target=\"_blank\" rel=\"noopener\"><strong>Master de Fachadas Ligeras<\/strong><\/a> que, tras dos ediciones en Madrid, este a\u00f1o se impartir\u00e1 en la UPC de la capital catalana.<\/p>\n<p style=\"text-align: justify;\">El gerente de <strong>GARCIA FAURA<\/strong>, el ingeniero especializado en fachadas <strong>Javier Paredes<\/strong>, form\u00f3 parte de una mesa redonda donde comparti\u00f3 protagonismo con, entre otros, prestigiosos actores del sector como <strong>Xavi Ferr\u00e9s<\/strong>, de <strong>Ferr\u00e9s Arquitectos i Consultores<\/strong>, o <strong>Jes\u00fas Rom\u00e1n<\/strong>, de la firma de arquitectos <a href=\"http:\/\/www.rafaeldelahoz.com\/\" target=\"_blank\" rel=\"noopener\"><strong>Rafael de La Hoz<\/strong><\/a>.<\/p>\n<p style=\"text-align: justify;\">La sesi\u00f3n sirvi\u00f3 para presentar la tercera edici\u00f3n del <strong>M\u00e1ster de Fachadas Ligeras<\/strong> que, despu\u00e9s de dos a\u00f1os realiz\u00e1ndose en Madrid, en esta ocasi\u00f3n se desarrollar\u00e0 en la<strong>Escuela T\u00e9cnica Superior de Arquitectura de la Universidad Polit\u00e9cnica de Catalunya<\/strong> (UPC).<\/p>\n<p style=\"text-align: justify;\">El M\u00e1ster busca formar ingenieros en la especializaci\u00f3n del estudio, an\u00e1lisis y desarrollo de fachadas ligeras. Una necesidad del sector, que requiere cada vez m\u00e1s de t\u00e9cnicos especialistas que aporten conocimiento y valor a una soluci\u00f3n constructiva al alza.<\/p>\n","protected":false},"excerpt":{"rendered":"<p>GARCIA FAURA ha participado recientemente en la jornada titulada La formaci\u00f3n en el sector de la envolvente arquitect\u00f3nica celebrada en el Trespa Design Centre de Barcelona. La jornada sirvi\u00f3 para presentar el Master de Fachadas Ligeras que, tras dos ediciones&hellip;<\/p>\n","protected":false},"author":3,"featured_media":22471,"comment_status":"closed","ping_status":"open","sticky":false,"template":"","format":"gallery","meta":{"footnotes":""},"categories":[3],"tags":[],"post_series":[],"class_list":["post-22473","post","type-post","status-publish","format-gallery","has-post-thumbnail","hentry","category-actualidad","post_format-post-format-gallery","entry","has-media"],"yoast_head":"<!-- This site is optimized with the Yoast SEO plugin v26.7 - https:\/\/yoast.com\/wordpress\/plugins\/seo\/ -->\n<title>GARCIA FAURA, con el M\u00e1ster de Fachadas Ligeras de la UPC - GARCIA FAURA<\/title>\n<meta name=\"description\" content=\"Arquitectura en Alumini, Inox, Ferro i Vidre\" \/>\n<meta name=\"robots\" content=\"index, follow, max-snippet:-1, max-image-preview:large, max-video-preview:-1\" \/>\n<link rel=\"canonical\" href=\"https:\/\/www.garciafaura.com\/es\/garcia-faura-con-el-master-de-fachadas-ligeras-de-la-upc\/\" \/>\n<meta property=\"og:locale\" content=\"es_ES\" \/>\n<meta property=\"og:type\" content=\"article\" \/>\n<meta property=\"og:title\" content=\"GARCIA FAURA, con el M\u00e1ster de Fachadas Ligeras de la UPC - GARCIA FAURA\" \/>\n<meta property=\"og:description\" content=\"Arquitectura en Alumini, Inox, Ferro i Vidre\" \/>\n<meta property=\"og:url\" content=\"https:\/\/www.garciafaura.com\/es\/garcia-faura-con-el-master-de-fachadas-ligeras-de-la-upc\/\" \/>\n<meta property=\"og:site_name\" content=\"GARCIA FAURA\" \/>\n<meta property=\"article:published_time\" content=\"2019-06-18T14:00:16+00:00\" \/>\n<meta property=\"article:modified_time\" content=\"2019-07-19T11:22:24+00:00\" \/>\n<meta property=\"og:image\" content=\"https:\/\/www.garciafaura.com\/wp-content\/uploads\/2019\/06\/MasterFachadas02-1024x768.jpg\" \/>\n\t<meta property=\"og:image:width\" content=\"1024\" \/>\n\t<meta property=\"og:image:height\" content=\"768\" \/>\n\t<meta property=\"og:image:type\" content=\"image\/jpeg\" \/>\n<meta name=\"author\" content=\"David Achell\" \/>\n<meta name=\"twitter:card\" content=\"summary_large_image\" \/>\n<meta name=\"twitter:label1\" content=\"Escrito por\" \/>\n\t<meta name=\"twitter:data1\" content=\"David Achell\" \/>\n\t<meta name=\"twitter:label2\" content=\"Tiempo de lectura\" \/>\n\t<meta name=\"twitter:data2\" content=\"1 minuto\" \/>\n<script type=\"application\/ld+json\" class=\"yoast-schema-graph\">{\"@context\":\"https:\/\/schema.org\",\"@graph\":[{\"@type\":\"Article\",\"@id\":\"https:\/\/www.garciafaura.com\/es\/garcia-faura-con-el-master-de-fachadas-ligeras-de-la-upc\/#article\",\"isPartOf\":{\"@id\":\"https:\/\/www.garciafaura.com\/es\/garcia-faura-con-el-master-de-fachadas-ligeras-de-la-upc\/\"},\"author\":{\"name\":\"David Achell\",\"@id\":\"https:\/\/www.garciafaura.com\/fr\/#\/schema\/person\/b4b75e69b33fac3446071909bec106b0\"},\"headline\":\"GARCIA FAURA, con el M\u00e1ster de Fachadas Ligeras de la UPC\",\"datePublished\":\"2019-06-18T14:00:16+00:00\",\"dateModified\":\"2019-07-19T11:22:24+00:00\",\"mainEntityOfPage\":{\"@id\":\"https:\/\/www.garciafaura.com\/es\/garcia-faura-con-el-master-de-fachadas-ligeras-de-la-upc\/\"},\"wordCount\":213,\"publisher\":{\"@id\":\"https:\/\/www.garciafaura.com\/fr\/#organization\"},\"image\":{\"@id\":\"https:\/\/www.garciafaura.com\/es\/garcia-faura-con-el-master-de-fachadas-ligeras-de-la-upc\/#primaryimage\"},\"thumbnailUrl\":\"https:\/\/www.garciafaura.com\/wp-content\/uploads\/2019\/06\/MasterFachadas02.jpg\",\"articleSection\":[\"Actualidad\"],\"inLanguage\":\"es\"},{\"@type\":\"WebPage\",\"@id\":\"https:\/\/www.garciafaura.com\/es\/garcia-faura-con-el-master-de-fachadas-ligeras-de-la-upc\/\",\"url\":\"https:\/\/www.garciafaura.com\/es\/garcia-faura-con-el-master-de-fachadas-ligeras-de-la-upc\/\",\"name\":\"GARCIA FAURA, con el M\u00e1ster de Fachadas Ligeras de la UPC - GARCIA FAURA\",\"isPartOf\":{\"@id\":\"https:\/\/www.garciafaura.com\/fr\/#website\"},\"primaryImageOfPage\":{\"@id\":\"https:\/\/www.garciafaura.com\/es\/garcia-faura-con-el-master-de-fachadas-ligeras-de-la-upc\/#primaryimage\"},\"image\":{\"@id\":\"https:\/\/www.garciafaura.com\/es\/garcia-faura-con-el-master-de-fachadas-ligeras-de-la-upc\/#primaryimage\"},\"thumbnailUrl\":\"https:\/\/www.garciafaura.com\/wp-content\/uploads\/2019\/06\/MasterFachadas02.jpg\",\"datePublished\":\"2019-06-18T14:00:16+00:00\",\"dateModified\":\"2019-07-19T11:22:24+00:00\",\"description\":\"Arquitectura en Alumini, Inox, Ferro i Vidre\",\"breadcrumb\":{\"@id\":\"https:\/\/www.garciafaura.com\/es\/garcia-faura-con-el-master-de-fachadas-ligeras-de-la-upc\/#breadcrumb\"},\"inLanguage\":\"es\",\"potentialAction\":[{\"@type\":\"ReadAction\",\"target\":[\"https:\/\/www.garciafaura.com\/es\/garcia-faura-con-el-master-de-fachadas-ligeras-de-la-upc\/\"]}]},{\"@type\":\"ImageObject\",\"inLanguage\":\"es\",\"@id\":\"https:\/\/www.garciafaura.com\/es\/garcia-faura-con-el-master-de-fachadas-ligeras-de-la-upc\/#primaryimage\",\"url\":\"https:\/\/www.garciafaura.com\/wp-content\/uploads\/2019\/06\/MasterFachadas02.jpg\",\"contentUrl\":\"https:\/\/www.garciafaura.com\/wp-content\/uploads\/2019\/06\/MasterFachadas02.jpg\",\"width\":4032,\"height\":3024},{\"@type\":\"BreadcrumbList\",\"@id\":\"https:\/\/www.garciafaura.com\/es\/garcia-faura-con-el-master-de-fachadas-ligeras-de-la-upc\/#breadcrumb\",\"itemListElement\":[{\"@type\":\"ListItem\",\"position\":1,\"name\":\"Inici\",\"item\":\"https:\/\/www.garciafaura.com\/es\/\"},{\"@type\":\"ListItem\",\"position\":2,\"name\":\"GARCIA FAURA, con el M\u00e1ster de Fachadas Ligeras de la UPC\"}]},{\"@type\":\"WebSite\",\"@id\":\"https:\/\/www.garciafaura.com\/fr\/#website\",\"url\":\"https:\/\/www.garciafaura.com\/fr\/\",\"name\":\"GARCIA FAURA\",\"description\":\"Arquitectura en Alumini, Inox, Ferro i Vidre\",\"publisher\":{\"@id\":\"https:\/\/www.garciafaura.com\/fr\/#organization\"},\"potentialAction\":[{\"@type\":\"SearchAction\",\"target\":{\"@type\":\"EntryPoint\",\"urlTemplate\":\"https:\/\/www.garciafaura.com\/fr\/?s={search_term_string}\"},\"query-input\":{\"@type\":\"PropertyValueSpecification\",\"valueRequired\":true,\"valueName\":\"search_term_string\"}}],\"inLanguage\":\"es\"},{\"@type\":\"Organization\",\"@id\":\"https:\/\/www.garciafaura.com\/fr\/#organization\",\"name\":\"GARCIA FAURA\",\"url\":\"https:\/\/www.garciafaura.com\/fr\/\",\"logo\":{\"@type\":\"ImageObject\",\"inLanguage\":\"es\",\"@id\":\"https:\/\/www.garciafaura.com\/fr\/#\/schema\/logo\/image\/\",\"url\":\"https:\/\/www.garciafaura.com\/wp-content\/uploads\/2018\/09\/Garcia-Faura.png\",\"contentUrl\":\"https:\/\/www.garciafaura.com\/wp-content\/uploads\/2018\/09\/Garcia-Faura.png\",\"width\":512,\"height\":512,\"caption\":\"GARCIA FAURA\"},\"image\":{\"@id\":\"https:\/\/www.garciafaura.com\/fr\/#\/schema\/logo\/image\/\"},\"sameAs\":[\"https:\/\/www.youtube.com\/user\/GARCIAFAURA\"]},{\"@type\":\"Person\",\"@id\":\"https:\/\/www.garciafaura.com\/fr\/#\/schema\/person\/b4b75e69b33fac3446071909bec106b0\",\"name\":\"David Achell\",\"image\":{\"@type\":\"ImageObject\",\"inLanguage\":\"es\",\"@id\":\"https:\/\/www.garciafaura.com\/fr\/#\/schema\/person\/image\/\",\"url\":\"https:\/\/secure.gravatar.com\/avatar\/03900210afc1f61bce737bcb4a79c02e2c997f171e3eca839b5a4cbe03846c90?s=96&d=blank&r=g\",\"contentUrl\":\"https:\/\/secure.gravatar.com\/avatar\/03900210afc1f61bce737bcb4a79c02e2c997f171e3eca839b5a4cbe03846c90?s=96&d=blank&r=g\",\"caption\":\"David Achell\"}}]}<\/script>\n<!-- \/ Yoast SEO plugin. -->","yoast_head_json":{"title":"GARCIA FAURA, con el M\u00e1ster de Fachadas Ligeras de la UPC - GARCIA FAURA","description":"Arquitectura en Alumini, Inox, Ferro i Vidre","robots":{"index":"index","follow":"follow","max-snippet":"max-snippet:-1","max-image-preview":"max-image-preview:large","max-video-preview":"max-video-preview:-1"},"canonical":"https:\/\/www.garciafaura.com\/es\/garcia-faura-con-el-master-de-fachadas-ligeras-de-la-upc\/","og_locale":"es_ES","og_type":"article","og_title":"GARCIA FAURA, con el M\u00e1ster de Fachadas Ligeras de la UPC - GARCIA FAURA","og_description":"Arquitectura en Alumini, Inox, Ferro i Vidre","og_url":"https:\/\/www.garciafaura.com\/es\/garcia-faura-con-el-master-de-fachadas-ligeras-de-la-upc\/","og_site_name":"GARCIA FAURA","article_published_time":"2019-06-18T14:00:16+00:00","article_modified_time":"2019-07-19T11:22:24+00:00","og_image":[{"width":1024,"height":768,"url":"https:\/\/www.garciafaura.com\/wp-content\/uploads\/2019\/06\/MasterFachadas02-1024x768.jpg","type":"image\/jpeg"}],"author":"David Achell","twitter_card":"summary_large_image","twitter_misc":{"Escrito por":"David Achell","Tiempo de lectura":"1 minuto"},"schema":{"@context":"https:\/\/schema.org","@graph":[{"@type":"Article","@id":"https:\/\/www.garciafaura.com\/es\/garcia-faura-con-el-master-de-fachadas-ligeras-de-la-upc\/#article","isPartOf":{"@id":"https:\/\/www.garciafaura.com\/es\/garcia-faura-con-el-master-de-fachadas-ligeras-de-la-upc\/"},"author":{"name":"David Achell","@id":"https:\/\/www.garciafaura.com\/fr\/#\/schema\/person\/b4b75e69b33fac3446071909bec106b0"},"headline":"GARCIA FAURA, con el M\u00e1ster de Fachadas Ligeras de la UPC","datePublished":"2019-06-18T14:00:16+00:00","dateModified":"2019-07-19T11:22:24+00:00","mainEntityOfPage":{"@id":"https:\/\/www.garciafaura.com\/es\/garcia-faura-con-el-master-de-fachadas-ligeras-de-la-upc\/"},"wordCount":213,"publisher":{"@id":"https:\/\/www.garciafaura.com\/fr\/#organization"},"image":{"@id":"https:\/\/www.garciafaura.com\/es\/garcia-faura-con-el-master-de-fachadas-ligeras-de-la-upc\/#primaryimage"},"thumbnailUrl":"https:\/\/www.garciafaura.com\/wp-content\/uploads\/2019\/06\/MasterFachadas02.jpg","articleSection":["Actualidad"],"inLanguage":"es"},{"@type":"WebPage","@id":"https:\/\/www.garciafaura.com\/es\/garcia-faura-con-el-master-de-fachadas-ligeras-de-la-upc\/","url":"https:\/\/www.garciafaura.com\/es\/garcia-faura-con-el-master-de-fachadas-ligeras-de-la-upc\/","name":"GARCIA FAURA, con el M\u00e1ster de Fachadas Ligeras de la UPC - GARCIA FAURA","isPartOf":{"@id":"https:\/\/www.garciafaura.com\/fr\/#website"},"primaryImageOfPage":{"@id":"https:\/\/www.garciafaura.com\/es\/garcia-faura-con-el-master-de-fachadas-ligeras-de-la-upc\/#primaryimage"},"image":{"@id":"https:\/\/www.garciafaura.com\/es\/garcia-faura-con-el-master-de-fachadas-ligeras-de-la-upc\/#primaryimage"},"thumbnailUrl":"https:\/\/www.garciafaura.com\/wp-content\/uploads\/2019\/06\/MasterFachadas02.jpg","datePublished":"2019-06-18T14:00:16+00:00","dateModified":"2019-07-19T11:22:24+00:00","description":"Arquitectura en Alumini, Inox, Ferro i Vidre","breadcrumb":{"@id":"https:\/\/www.garciafaura.com\/es\/garcia-faura-con-el-master-de-fachadas-ligeras-de-la-upc\/#breadcrumb"},"inLanguage":"es","potentialAction":[{"@type":"ReadAction","target":["https:\/\/www.garciafaura.com\/es\/garcia-faura-con-el-master-de-fachadas-ligeras-de-la-upc\/"]}]},{"@type":"ImageObject","inLanguage":"es","@id":"https:\/\/www.garciafaura.com\/es\/garcia-faura-con-el-master-de-fachadas-ligeras-de-la-upc\/#primaryimage","url":"https:\/\/www.garciafaura.com\/wp-content\/uploads\/2019\/06\/MasterFachadas02.jpg","contentUrl":"https:\/\/www.garciafaura.com\/wp-content\/uploads\/2019\/06\/MasterFachadas02.jpg","width":4032,"height":3024},{"@type":"BreadcrumbList","@id":"https:\/\/www.garciafaura.com\/es\/garcia-faura-con-el-master-de-fachadas-ligeras-de-la-upc\/#breadcrumb","itemListElement":[{"@type":"ListItem","position":1,"name":"Inici","item":"https:\/\/www.garciafaura.com\/es\/"},{"@type":"ListItem","position":2,"name":"GARCIA FAURA, con el M\u00e1ster de Fachadas Ligeras de la UPC"}]},{"@type":"WebSite","@id":"https:\/\/www.garciafaura.com\/fr\/#website","url":"https:\/\/www.garciafaura.com\/fr\/","name":"GARCIA FAURA","description":"Arquitectura en Alumini, Inox, Ferro i Vidre","publisher":{"@id":"https:\/\/www.garciafaura.com\/fr\/#organization"},"potentialAction":[{"@type":"SearchAction","target":{"@type":"EntryPoint","urlTemplate":"https:\/\/www.garciafaura.com\/fr\/?s={search_term_string}"},"query-input":{"@type":"PropertyValueSpecification","valueRequired":true,"valueName":"search_term_string"}}],"inLanguage":"es"},{"@type":"Organization","@id":"https:\/\/www.garciafaura.com\/fr\/#organization","name":"GARCIA FAURA","url":"https:\/\/www.garciafaura.com\/fr\/","logo":{"@type":"ImageObject","inLanguage":"es","@id":"https:\/\/www.garciafaura.com\/fr\/#\/schema\/logo\/image\/","url":"https:\/\/www.garciafaura.com\/wp-content\/uploads\/2018\/09\/Garcia-Faura.png","contentUrl":"https:\/\/www.garciafaura.com\/wp-content\/uploads\/2018\/09\/Garcia-Faura.png","width":512,"height":512,"caption":"GARCIA FAURA"},"image":{"@id":"https:\/\/www.garciafaura.com\/fr\/#\/schema\/logo\/image\/"},"sameAs":["https:\/\/www.youtube.com\/user\/GARCIAFAURA"]},{"@type":"Person","@id":"https:\/\/www.garciafaura.com\/fr\/#\/schema\/person\/b4b75e69b33fac3446071909bec106b0","name":"David Achell","image":{"@type":"ImageObject","inLanguage":"es","@id":"https:\/\/www.garciafaura.com\/fr\/#\/schema\/person\/image\/","url":"https:\/\/secure.gravatar.com\/avatar\/03900210afc1f61bce737bcb4a79c02e2c997f171e3eca839b5a4cbe03846c90?s=96&d=blank&r=g","contentUrl":"https:\/\/secure.gravatar.com\/avatar\/03900210afc1f61bce737bcb4a79c02e2c997f171e3eca839b5a4cbe03846c90?s=96&d=blank&r=g","caption":"David Achell"}}]}},"_links":{"self":[{"href":"https:\/\/www.garciafaura.com\/es\/wp-json\/wp\/v2\/posts\/22473","targetHints":{"allow":["GET"]}}],"collection":[{"href":"https:\/\/www.garciafaura.com\/es\/wp-json\/wp\/v2\/posts"}],"about":[{"href":"https:\/\/www.garciafaura.com\/es\/wp-json\/wp\/v2\/types\/post"}],"author":[{"embeddable":true,"href":"https:\/\/www.garciafaura.com\/es\/wp-json\/wp\/v2\/users\/3"}],"replies":[{"embeddable":true,"href":"https:\/\/www.garciafaura.com\/es\/wp-json\/wp\/v2\/comments?post=22473"}],"version-history":[{"count":1,"href":"https:\/\/www.garciafaura.com\/es\/wp-json\/wp\/v2\/posts\/22473\/revisions"}],"predecessor-version":[{"id":22474,"href":"https:\/\/www.garciafaura.com\/es\/wp-json\/wp\/v2\/posts\/22473\/revisions\/22474"}],"wp:featuredmedia":[{"embeddable":true,"href":"https:\/\/www.garciafaura.com\/es\/wp-json\/wp\/v2\/media\/22471"}],"wp:attachment":[{"href":"https:\/\/www.garciafaura.com\/es\/wp-json\/wp\/v2\/media?parent=22473"}],"wp:term":[{"taxonomy":"category","embeddable":true,"href":"https:\/\/www.garciafaura.com\/es\/wp-json\/wp\/v2\/categories?post=22473"},{"taxonomy":"post_tag","embeddable":true,"href":"https:\/\/www.garciafaura.com\/es\/wp-json\/wp\/v2\/tags?post=22473"},{"taxonomy":"post_series","embeddable":true,"href":"https:\/\/www.garciafaura.com\/es\/wp-json\/wp\/v2\/post_series?post=22473"}],"curies":[{"name":"wp","href":"https:\/\/api.w.org\/{rel}","templated":true}]}}