{"id":19998,"date":"2019-05-21T07:27:22","date_gmt":"2019-05-21T07:27:22","guid":{"rendered":"https:\/\/www.garciafaura.com\/garcia-faura-participa-en-la-construccion-de-la-ciudad-de-las-humanidades-y-las-ciencias-de-paris\/"},"modified":"2019-07-19T11:22:31","modified_gmt":"2019-07-19T11:22:31","slug":"garcia-faura-participa-en-la-construccion-de-la-ciudad-de-las-humanidades-y-las-ciencias-de-paris","status":"publish","type":"post","link":"https:\/\/www.garciafaura.com\/es\/garcia-faura-participa-en-la-construccion-de-la-ciudad-de-las-humanidades-y-las-ciencias-de-paris\/","title":{"rendered":"GARCIA FAURA participa en la construcci\u00f3n de la Ciudad de las Humanidades y las Ciencias de Par\u00eds"},"content":{"rendered":"<p style=\"text-align: justify;\">Recta final de las obras que <strong>GARCIA FAURA<\/strong> est\u00e1 ejecutando en el <a href=\"https:\/\/www.campus-condorcet.fr\/Accueil\" target=\"_blank\" rel=\"noopener\"><strong>Campus Condorcet<\/strong><\/a>, al norte de Par\u00eds (Francia). La tambi\u00e9n conocida como la <strong>Ciudad de las Humanidades y de las Ciencias Sociales<\/strong> se convertir\u00e1 en el campus europeo m\u00e1s grande del \u00e1mbito de la investigaci\u00f3n en ciencias humanas y sociales.<\/p>\n<p style=\"text-align: justify;\">En uno de los edificios del Campus, <strong>GARCIA FAURA<\/strong> ha instalado varios <strong>cerramientos<\/strong> de planta baja de doble altura realizados \u00edntegramente con <strong>muro cortina<\/strong> mixto de acero y aluminio de aproximadamente 1.500 metros cuadrados.<\/p>\n<p style=\"text-align: justify;\">Tambi\u00e9n se han realizado los cerramientos de aluminio de las plantas superiores, elaborados con chasis de aluminio de apertura practicable a la francesa, con perfiles de hoja oculta y rotura t\u00e9rmica con un total de aproximadamente 2.780 metros cuadrados.<\/p>\n<p style=\"text-align: justify;\">Finalmente, se han instalado lamas de perfil de aluminio de extrusi\u00f3n, creando cierres para ventilaci\u00f3n por un total de aproximadamente 400 metros cuadrados. Actualmente se est\u00e1n realizando los trabajos de repaso final y puesta en funcionamiento de todos los elementos instalados. Todo un reto logrado con \u00e9xito.<\/p>\n","protected":false},"excerpt":{"rendered":"<p>Recta final de las obras que GARCIA FAURA est\u00e1 ejecutando en el Campus Condorcet, al norte de Par\u00eds (Francia). La tambi\u00e9n conocida como la Ciudad de las Humanidades y de las Ciencias Sociales se convertir\u00e1 en el campus europeo m\u00e1s&hellip;<\/p>\n","protected":false},"author":3,"featured_media":19983,"comment_status":"open","ping_status":"open","sticky":false,"template":"","format":"gallery","meta":{"footnotes":""},"categories":[3],"tags":[],"post_series":[],"class_list":["post-19998","post","type-post","status-publish","format-gallery","has-post-thumbnail","hentry","category-actualidad","post_format-post-format-gallery","entry","has-media"],"yoast_head":"<!-- This site is optimized with the Yoast SEO plugin v26.7 - https:\/\/yoast.com\/wordpress\/plugins\/seo\/ -->\n<title>GARCIA FAURA participa en la construcci\u00f3n de la Ciudad de las Humanidades y las Ciencias de Par\u00eds - GARCIA FAURA<\/title>\n<meta name=\"description\" content=\"Arquitectura en Alumini, Inox, Ferro i Vidre\" \/>\n<meta name=\"robots\" content=\"index, follow, max-snippet:-1, max-image-preview:large, max-video-preview:-1\" \/>\n<link rel=\"canonical\" href=\"https:\/\/www.garciafaura.com\/es\/garcia-faura-participa-en-la-construccion-de-la-ciudad-de-las-humanidades-y-las-ciencias-de-paris\/\" \/>\n<meta property=\"og:locale\" content=\"es_ES\" \/>\n<meta property=\"og:type\" content=\"article\" \/>\n<meta property=\"og:title\" content=\"GARCIA FAURA participa en la construcci\u00f3n de la Ciudad de las Humanidades y las Ciencias de Par\u00eds - GARCIA FAURA\" \/>\n<meta property=\"og:description\" content=\"Arquitectura en Alumini, Inox, Ferro i Vidre\" \/>\n<meta property=\"og:url\" content=\"https:\/\/www.garciafaura.com\/es\/garcia-faura-participa-en-la-construccion-de-la-ciudad-de-las-humanidades-y-las-ciencias-de-paris\/\" \/>\n<meta property=\"og:site_name\" content=\"GARCIA FAURA\" \/>\n<meta property=\"article:published_time\" content=\"2019-05-21T07:27:22+00:00\" \/>\n<meta property=\"article:modified_time\" content=\"2019-07-19T11:22:31+00:00\" \/>\n<meta property=\"og:image\" content=\"https:\/\/www.garciafaura.com\/wp-content\/uploads\/2019\/05\/Campus-Condorcet-02-1024x768.jpg\" \/>\n\t<meta property=\"og:image:width\" content=\"1024\" \/>\n\t<meta property=\"og:image:height\" content=\"768\" \/>\n\t<meta property=\"og:image:type\" content=\"image\/jpeg\" \/>\n<meta name=\"author\" content=\"David Achell\" \/>\n<meta name=\"twitter:card\" content=\"summary_large_image\" \/>\n<meta name=\"twitter:label1\" content=\"Escrito por\" \/>\n\t<meta name=\"twitter:data1\" content=\"David Achell\" \/>\n\t<meta name=\"twitter:label2\" content=\"Tiempo de lectura\" \/>\n\t<meta name=\"twitter:data2\" content=\"1 minuto\" \/>\n<script type=\"application\/ld+json\" class=\"yoast-schema-graph\">{\"@context\":\"https:\/\/schema.org\",\"@graph\":[{\"@type\":\"Article\",\"@id\":\"https:\/\/www.garciafaura.com\/es\/garcia-faura-participa-en-la-construccion-de-la-ciudad-de-las-humanidades-y-las-ciencias-de-paris\/#article\",\"isPartOf\":{\"@id\":\"https:\/\/www.garciafaura.com\/es\/garcia-faura-participa-en-la-construccion-de-la-ciudad-de-las-humanidades-y-las-ciencias-de-paris\/\"},\"author\":{\"name\":\"David Achell\",\"@id\":\"https:\/\/www.garciafaura.com\/fr\/#\/schema\/person\/b4b75e69b33fac3446071909bec106b0\"},\"headline\":\"GARCIA FAURA participa en la construcci\u00f3n de la Ciudad de las Humanidades y las Ciencias de Par\u00eds\",\"datePublished\":\"2019-05-21T07:27:22+00:00\",\"dateModified\":\"2019-07-19T11:22:31+00:00\",\"mainEntityOfPage\":{\"@id\":\"https:\/\/www.garciafaura.com\/es\/garcia-faura-participa-en-la-construccion-de-la-ciudad-de-las-humanidades-y-las-ciencias-de-paris\/\"},\"wordCount\":196,\"commentCount\":0,\"publisher\":{\"@id\":\"https:\/\/www.garciafaura.com\/fr\/#organization\"},\"image\":{\"@id\":\"https:\/\/www.garciafaura.com\/es\/garcia-faura-participa-en-la-construccion-de-la-ciudad-de-las-humanidades-y-las-ciencias-de-paris\/#primaryimage\"},\"thumbnailUrl\":\"https:\/\/www.garciafaura.com\/wp-content\/uploads\/2019\/05\/Campus-Condorcet-02.jpg\",\"articleSection\":[\"Actualidad\"],\"inLanguage\":\"es\",\"potentialAction\":[{\"@type\":\"CommentAction\",\"name\":\"Comment\",\"target\":[\"https:\/\/www.garciafaura.com\/es\/garcia-faura-participa-en-la-construccion-de-la-ciudad-de-las-humanidades-y-las-ciencias-de-paris\/#respond\"]}]},{\"@type\":\"WebPage\",\"@id\":\"https:\/\/www.garciafaura.com\/es\/garcia-faura-participa-en-la-construccion-de-la-ciudad-de-las-humanidades-y-las-ciencias-de-paris\/\",\"url\":\"https:\/\/www.garciafaura.com\/es\/garcia-faura-participa-en-la-construccion-de-la-ciudad-de-las-humanidades-y-las-ciencias-de-paris\/\",\"name\":\"GARCIA FAURA participa en la construcci\u00f3n de la Ciudad de las Humanidades y las Ciencias de Par\u00eds - GARCIA FAURA\",\"isPartOf\":{\"@id\":\"https:\/\/www.garciafaura.com\/fr\/#website\"},\"primaryImageOfPage\":{\"@id\":\"https:\/\/www.garciafaura.com\/es\/garcia-faura-participa-en-la-construccion-de-la-ciudad-de-las-humanidades-y-las-ciencias-de-paris\/#primaryimage\"},\"image\":{\"@id\":\"https:\/\/www.garciafaura.com\/es\/garcia-faura-participa-en-la-construccion-de-la-ciudad-de-las-humanidades-y-las-ciencias-de-paris\/#primaryimage\"},\"thumbnailUrl\":\"https:\/\/www.garciafaura.com\/wp-content\/uploads\/2019\/05\/Campus-Condorcet-02.jpg\",\"datePublished\":\"2019-05-21T07:27:22+00:00\",\"dateModified\":\"2019-07-19T11:22:31+00:00\",\"description\":\"Arquitectura en Alumini, Inox, Ferro i Vidre\",\"breadcrumb\":{\"@id\":\"https:\/\/www.garciafaura.com\/es\/garcia-faura-participa-en-la-construccion-de-la-ciudad-de-las-humanidades-y-las-ciencias-de-paris\/#breadcrumb\"},\"inLanguage\":\"es\",\"potentialAction\":[{\"@type\":\"ReadAction\",\"target\":[\"https:\/\/www.garciafaura.com\/es\/garcia-faura-participa-en-la-construccion-de-la-ciudad-de-las-humanidades-y-las-ciencias-de-paris\/\"]}]},{\"@type\":\"ImageObject\",\"inLanguage\":\"es\",\"@id\":\"https:\/\/www.garciafaura.com\/es\/garcia-faura-participa-en-la-construccion-de-la-ciudad-de-las-humanidades-y-las-ciencias-de-paris\/#primaryimage\",\"url\":\"https:\/\/www.garciafaura.com\/wp-content\/uploads\/2019\/05\/Campus-Condorcet-02.jpg\",\"contentUrl\":\"https:\/\/www.garciafaura.com\/wp-content\/uploads\/2019\/05\/Campus-Condorcet-02.jpg\",\"width\":4160,\"height\":3120},{\"@type\":\"BreadcrumbList\",\"@id\":\"https:\/\/www.garciafaura.com\/es\/garcia-faura-participa-en-la-construccion-de-la-ciudad-de-las-humanidades-y-las-ciencias-de-paris\/#breadcrumb\",\"itemListElement\":[{\"@type\":\"ListItem\",\"position\":1,\"name\":\"Inici\",\"item\":\"https:\/\/www.garciafaura.com\/es\/\"},{\"@type\":\"ListItem\",\"position\":2,\"name\":\"GARCIA FAURA participa en la construcci\u00f3n de la Ciudad de las Humanidades y las Ciencias de Par\u00eds\"}]},{\"@type\":\"WebSite\",\"@id\":\"https:\/\/www.garciafaura.com\/fr\/#website\",\"url\":\"https:\/\/www.garciafaura.com\/fr\/\",\"name\":\"GARCIA FAURA\",\"description\":\"Arquitectura en Alumini, Inox, Ferro i Vidre\",\"publisher\":{\"@id\":\"https:\/\/www.garciafaura.com\/fr\/#organization\"},\"potentialAction\":[{\"@type\":\"SearchAction\",\"target\":{\"@type\":\"EntryPoint\",\"urlTemplate\":\"https:\/\/www.garciafaura.com\/fr\/?s={search_term_string}\"},\"query-input\":{\"@type\":\"PropertyValueSpecification\",\"valueRequired\":true,\"valueName\":\"search_term_string\"}}],\"inLanguage\":\"es\"},{\"@type\":\"Organization\",\"@id\":\"https:\/\/www.garciafaura.com\/fr\/#organization\",\"name\":\"GARCIA FAURA\",\"url\":\"https:\/\/www.garciafaura.com\/fr\/\",\"logo\":{\"@type\":\"ImageObject\",\"inLanguage\":\"es\",\"@id\":\"https:\/\/www.garciafaura.com\/fr\/#\/schema\/logo\/image\/\",\"url\":\"https:\/\/www.garciafaura.com\/wp-content\/uploads\/2018\/09\/Garcia-Faura.png\",\"contentUrl\":\"https:\/\/www.garciafaura.com\/wp-content\/uploads\/2018\/09\/Garcia-Faura.png\",\"width\":512,\"height\":512,\"caption\":\"GARCIA FAURA\"},\"image\":{\"@id\":\"https:\/\/www.garciafaura.com\/fr\/#\/schema\/logo\/image\/\"},\"sameAs\":[\"https:\/\/www.youtube.com\/user\/GARCIAFAURA\"]},{\"@type\":\"Person\",\"@id\":\"https:\/\/www.garciafaura.com\/fr\/#\/schema\/person\/b4b75e69b33fac3446071909bec106b0\",\"name\":\"David Achell\",\"image\":{\"@type\":\"ImageObject\",\"inLanguage\":\"es\",\"@id\":\"https:\/\/www.garciafaura.com\/fr\/#\/schema\/person\/image\/\",\"url\":\"https:\/\/secure.gravatar.com\/avatar\/03900210afc1f61bce737bcb4a79c02e2c997f171e3eca839b5a4cbe03846c90?s=96&d=blank&r=g\",\"contentUrl\":\"https:\/\/secure.gravatar.com\/avatar\/03900210afc1f61bce737bcb4a79c02e2c997f171e3eca839b5a4cbe03846c90?s=96&d=blank&r=g\",\"caption\":\"David Achell\"}}]}<\/script>\n<!-- \/ Yoast SEO plugin. -->","yoast_head_json":{"title":"GARCIA FAURA participa en la construcci\u00f3n de la Ciudad de las Humanidades y las Ciencias de Par\u00eds - GARCIA FAURA","description":"Arquitectura en Alumini, Inox, Ferro i Vidre","robots":{"index":"index","follow":"follow","max-snippet":"max-snippet:-1","max-image-preview":"max-image-preview:large","max-video-preview":"max-video-preview:-1"},"canonical":"https:\/\/www.garciafaura.com\/es\/garcia-faura-participa-en-la-construccion-de-la-ciudad-de-las-humanidades-y-las-ciencias-de-paris\/","og_locale":"es_ES","og_type":"article","og_title":"GARCIA FAURA participa en la construcci\u00f3n de la Ciudad de las Humanidades y las Ciencias de Par\u00eds - GARCIA FAURA","og_description":"Arquitectura en Alumini, Inox, Ferro i Vidre","og_url":"https:\/\/www.garciafaura.com\/es\/garcia-faura-participa-en-la-construccion-de-la-ciudad-de-las-humanidades-y-las-ciencias-de-paris\/","og_site_name":"GARCIA FAURA","article_published_time":"2019-05-21T07:27:22+00:00","article_modified_time":"2019-07-19T11:22:31+00:00","og_image":[{"width":1024,"height":768,"url":"https:\/\/www.garciafaura.com\/wp-content\/uploads\/2019\/05\/Campus-Condorcet-02-1024x768.jpg","type":"image\/jpeg"}],"author":"David Achell","twitter_card":"summary_large_image","twitter_misc":{"Escrito por":"David Achell","Tiempo de lectura":"1 minuto"},"schema":{"@context":"https:\/\/schema.org","@graph":[{"@type":"Article","@id":"https:\/\/www.garciafaura.com\/es\/garcia-faura-participa-en-la-construccion-de-la-ciudad-de-las-humanidades-y-las-ciencias-de-paris\/#article","isPartOf":{"@id":"https:\/\/www.garciafaura.com\/es\/garcia-faura-participa-en-la-construccion-de-la-ciudad-de-las-humanidades-y-las-ciencias-de-paris\/"},"author":{"name":"David Achell","@id":"https:\/\/www.garciafaura.com\/fr\/#\/schema\/person\/b4b75e69b33fac3446071909bec106b0"},"headline":"GARCIA FAURA participa en la construcci\u00f3n de la Ciudad de las Humanidades y las Ciencias de Par\u00eds","datePublished":"2019-05-21T07:27:22+00:00","dateModified":"2019-07-19T11:22:31+00:00","mainEntityOfPage":{"@id":"https:\/\/www.garciafaura.com\/es\/garcia-faura-participa-en-la-construccion-de-la-ciudad-de-las-humanidades-y-las-ciencias-de-paris\/"},"wordCount":196,"commentCount":0,"publisher":{"@id":"https:\/\/www.garciafaura.com\/fr\/#organization"},"image":{"@id":"https:\/\/www.garciafaura.com\/es\/garcia-faura-participa-en-la-construccion-de-la-ciudad-de-las-humanidades-y-las-ciencias-de-paris\/#primaryimage"},"thumbnailUrl":"https:\/\/www.garciafaura.com\/wp-content\/uploads\/2019\/05\/Campus-Condorcet-02.jpg","articleSection":["Actualidad"],"inLanguage":"es","potentialAction":[{"@type":"CommentAction","name":"Comment","target":["https:\/\/www.garciafaura.com\/es\/garcia-faura-participa-en-la-construccion-de-la-ciudad-de-las-humanidades-y-las-ciencias-de-paris\/#respond"]}]},{"@type":"WebPage","@id":"https:\/\/www.garciafaura.com\/es\/garcia-faura-participa-en-la-construccion-de-la-ciudad-de-las-humanidades-y-las-ciencias-de-paris\/","url":"https:\/\/www.garciafaura.com\/es\/garcia-faura-participa-en-la-construccion-de-la-ciudad-de-las-humanidades-y-las-ciencias-de-paris\/","name":"GARCIA FAURA participa en la construcci\u00f3n de la Ciudad de las Humanidades y las Ciencias de Par\u00eds - GARCIA FAURA","isPartOf":{"@id":"https:\/\/www.garciafaura.com\/fr\/#website"},"primaryImageOfPage":{"@id":"https:\/\/www.garciafaura.com\/es\/garcia-faura-participa-en-la-construccion-de-la-ciudad-de-las-humanidades-y-las-ciencias-de-paris\/#primaryimage"},"image":{"@id":"https:\/\/www.garciafaura.com\/es\/garcia-faura-participa-en-la-construccion-de-la-ciudad-de-las-humanidades-y-las-ciencias-de-paris\/#primaryimage"},"thumbnailUrl":"https:\/\/www.garciafaura.com\/wp-content\/uploads\/2019\/05\/Campus-Condorcet-02.jpg","datePublished":"2019-05-21T07:27:22+00:00","dateModified":"2019-07-19T11:22:31+00:00","description":"Arquitectura en Alumini, Inox, Ferro i Vidre","breadcrumb":{"@id":"https:\/\/www.garciafaura.com\/es\/garcia-faura-participa-en-la-construccion-de-la-ciudad-de-las-humanidades-y-las-ciencias-de-paris\/#breadcrumb"},"inLanguage":"es","potentialAction":[{"@type":"ReadAction","target":["https:\/\/www.garciafaura.com\/es\/garcia-faura-participa-en-la-construccion-de-la-ciudad-de-las-humanidades-y-las-ciencias-de-paris\/"]}]},{"@type":"ImageObject","inLanguage":"es","@id":"https:\/\/www.garciafaura.com\/es\/garcia-faura-participa-en-la-construccion-de-la-ciudad-de-las-humanidades-y-las-ciencias-de-paris\/#primaryimage","url":"https:\/\/www.garciafaura.com\/wp-content\/uploads\/2019\/05\/Campus-Condorcet-02.jpg","contentUrl":"https:\/\/www.garciafaura.com\/wp-content\/uploads\/2019\/05\/Campus-Condorcet-02.jpg","width":4160,"height":3120},{"@type":"BreadcrumbList","@id":"https:\/\/www.garciafaura.com\/es\/garcia-faura-participa-en-la-construccion-de-la-ciudad-de-las-humanidades-y-las-ciencias-de-paris\/#breadcrumb","itemListElement":[{"@type":"ListItem","position":1,"name":"Inici","item":"https:\/\/www.garciafaura.com\/es\/"},{"@type":"ListItem","position":2,"name":"GARCIA FAURA participa en la construcci\u00f3n de la Ciudad de las Humanidades y las Ciencias de Par\u00eds"}]},{"@type":"WebSite","@id":"https:\/\/www.garciafaura.com\/fr\/#website","url":"https:\/\/www.garciafaura.com\/fr\/","name":"GARCIA FAURA","description":"Arquitectura en Alumini, Inox, Ferro i Vidre","publisher":{"@id":"https:\/\/www.garciafaura.com\/fr\/#organization"},"potentialAction":[{"@type":"SearchAction","target":{"@type":"EntryPoint","urlTemplate":"https:\/\/www.garciafaura.com\/fr\/?s={search_term_string}"},"query-input":{"@type":"PropertyValueSpecification","valueRequired":true,"valueName":"search_term_string"}}],"inLanguage":"es"},{"@type":"Organization","@id":"https:\/\/www.garciafaura.com\/fr\/#organization","name":"GARCIA FAURA","url":"https:\/\/www.garciafaura.com\/fr\/","logo":{"@type":"ImageObject","inLanguage":"es","@id":"https:\/\/www.garciafaura.com\/fr\/#\/schema\/logo\/image\/","url":"https:\/\/www.garciafaura.com\/wp-content\/uploads\/2018\/09\/Garcia-Faura.png","contentUrl":"https:\/\/www.garciafaura.com\/wp-content\/uploads\/2018\/09\/Garcia-Faura.png","width":512,"height":512,"caption":"GARCIA FAURA"},"image":{"@id":"https:\/\/www.garciafaura.com\/fr\/#\/schema\/logo\/image\/"},"sameAs":["https:\/\/www.youtube.com\/user\/GARCIAFAURA"]},{"@type":"Person","@id":"https:\/\/www.garciafaura.com\/fr\/#\/schema\/person\/b4b75e69b33fac3446071909bec106b0","name":"David Achell","image":{"@type":"ImageObject","inLanguage":"es","@id":"https:\/\/www.garciafaura.com\/fr\/#\/schema\/person\/image\/","url":"https:\/\/secure.gravatar.com\/avatar\/03900210afc1f61bce737bcb4a79c02e2c997f171e3eca839b5a4cbe03846c90?s=96&d=blank&r=g","contentUrl":"https:\/\/secure.gravatar.com\/avatar\/03900210afc1f61bce737bcb4a79c02e2c997f171e3eca839b5a4cbe03846c90?s=96&d=blank&r=g","caption":"David Achell"}}]}},"_links":{"self":[{"href":"https:\/\/www.garciafaura.com\/es\/wp-json\/wp\/v2\/posts\/19998","targetHints":{"allow":["GET"]}}],"collection":[{"href":"https:\/\/www.garciafaura.com\/es\/wp-json\/wp\/v2\/posts"}],"about":[{"href":"https:\/\/www.garciafaura.com\/es\/wp-json\/wp\/v2\/types\/post"}],"author":[{"embeddable":true,"href":"https:\/\/www.garciafaura.com\/es\/wp-json\/wp\/v2\/users\/3"}],"replies":[{"embeddable":true,"href":"https:\/\/www.garciafaura.com\/es\/wp-json\/wp\/v2\/comments?post=19998"}],"version-history":[{"count":3,"href":"https:\/\/www.garciafaura.com\/es\/wp-json\/wp\/v2\/posts\/19998\/revisions"}],"predecessor-version":[{"id":21248,"href":"https:\/\/www.garciafaura.com\/es\/wp-json\/wp\/v2\/posts\/19998\/revisions\/21248"}],"wp:featuredmedia":[{"embeddable":true,"href":"https:\/\/www.garciafaura.com\/es\/wp-json\/wp\/v2\/media\/19983"}],"wp:attachment":[{"href":"https:\/\/www.garciafaura.com\/es\/wp-json\/wp\/v2\/media?parent=19998"}],"wp:term":[{"taxonomy":"category","embeddable":true,"href":"https:\/\/www.garciafaura.com\/es\/wp-json\/wp\/v2\/categories?post=19998"},{"taxonomy":"post_tag","embeddable":true,"href":"https:\/\/www.garciafaura.com\/es\/wp-json\/wp\/v2\/tags?post=19998"},{"taxonomy":"post_series","embeddable":true,"href":"https:\/\/www.garciafaura.com\/es\/wp-json\/wp\/v2\/post_series?post=19998"}],"curies":[{"name":"wp","href":"https:\/\/api.w.org\/{rel}","templated":true}]}}