{"id":19893,"date":"2019-05-10T11:51:30","date_gmt":"2019-05-10T11:51:30","guid":{"rendered":"https:\/\/www.garciafaura.com\/cerramientos-con-rotura-de-puente-termico-para-vivienda-social-en-barcelona\/"},"modified":"2019-07-19T11:22:37","modified_gmt":"2019-07-19T11:22:37","slug":"cerramientos-con-rotura-de-puente-termico-para-vivienda-social-en-barcelona","status":"publish","type":"post","link":"https:\/\/www.garciafaura.com\/es\/cerramientos-con-rotura-de-puente-termico-para-vivienda-social-en-barcelona\/","title":{"rendered":"Cerramientos con rotura de puente t\u00e9rmico para vivienda social en Barcelona"},"content":{"rendered":"<p style=\"text-align: justify;\"><strong>GARCIA FAURA<\/strong> est\u00e1 trabajando en la instalaci\u00f3n de 1.245 metros cuadrados de <strong>cerramientos de aluminio con rotura de puente t\u00e9rmico<\/strong> en un bloque de pisos de alquiler social situado en el n\u00famero 159 de la calle Comte Borrell, en Barcelona, en concreto en el barrio de la Nova Esquerra de l&#8217;Eixample, en un solar conocido como<strong>espacio Germanetes<\/strong>.<\/p>\n<p style=\"text-align: justify;\">Se trata de un solar de 630 metros cuadrados donde se levanta un edificio de 5.800 metros cuadrados que dispondr\u00e1 de 35 pisos de 2 habitaciones todos ellos, aunque de superficies que variar\u00e1n entre los 54 y los 69 metros cuadrados.<\/p>\n<p style=\"text-align: justify;\">Adem\u00e1s de las <strong> viviendas sociales<\/strong>, el inmueble acoger\u00e1 en la planta baja una <strong>guarder\u00eda<\/strong> de 850 metros cuadrados. En los bajos habr\u00e1 un <strong>p\u00e1rquing<\/strong> con capacidad pera 22 coches y 18 motocicletas.<\/p>\n<p style=\"text-align: justify;\">La obra est\u00e1 impulsada por el Ayuntamiento de Barcelona a trav\u00e9s del Instituto Municipal de la Vivienda y la Rehabilitaci\u00f3n y est\u00e1 <strong>finananciada con cr\u00e9ditos del Banco Europeo de Inversiones (BEI) y el Banco del Consejo de Europa (BEC)<\/strong><\/p>\n<p style=\"text-align: justify;\">En el dise\u00f1o del edificio se han tenido en cuenta factores medioambientales como una buena orientaci\u00f3n o la incorporaci\u00f3n de ventilaci\u00f3n cruzada. La calificaci\u00f3n energ\u00e9tica de todo el edificio es A.<\/p>\n","protected":false},"excerpt":{"rendered":"<p>GARCIA FAURA est\u00e1 trabajando en la instalaci\u00f3n de 1.245 metros cuadrados de cerramientos de aluminio con rotura de puente t\u00e9rmico en un bloque de pisos de alquiler social situado en el n\u00famero 159 de la calle Comte Borrell, en Barcelona,&hellip;<\/p>\n","protected":false},"author":3,"featured_media":19879,"comment_status":"open","ping_status":"open","sticky":false,"template":"","format":"standard","meta":{"footnotes":""},"categories":[3],"tags":[],"post_series":[],"class_list":["post-19893","post","type-post","status-publish","format-standard","has-post-thumbnail","hentry","category-actualidad","entry","has-media"],"yoast_head":"<!-- This site is optimized with the Yoast SEO plugin v26.7 - https:\/\/yoast.com\/wordpress\/plugins\/seo\/ -->\n<title>Cerramientos con rotura de puente t\u00e9rmico para vivienda social en Barcelona - GARCIA FAURA<\/title>\n<meta name=\"description\" content=\"Arquitectura en Alumini, Inox, Ferro i Vidre\" \/>\n<meta name=\"robots\" content=\"index, follow, max-snippet:-1, max-image-preview:large, max-video-preview:-1\" \/>\n<link rel=\"canonical\" href=\"https:\/\/www.garciafaura.com\/es\/cerramientos-con-rotura-de-puente-termico-para-vivienda-social-en-barcelona\/\" \/>\n<meta property=\"og:locale\" content=\"es_ES\" \/>\n<meta property=\"og:type\" content=\"article\" \/>\n<meta property=\"og:title\" content=\"Cerramientos con rotura de puente t\u00e9rmico para vivienda social en Barcelona - GARCIA FAURA\" \/>\n<meta property=\"og:description\" content=\"Arquitectura en Alumini, Inox, Ferro i Vidre\" \/>\n<meta property=\"og:url\" content=\"https:\/\/www.garciafaura.com\/es\/cerramientos-con-rotura-de-puente-termico-para-vivienda-social-en-barcelona\/\" \/>\n<meta property=\"og:site_name\" content=\"GARCIA FAURA\" \/>\n<meta property=\"article:published_time\" content=\"2019-05-10T11:51:30+00:00\" \/>\n<meta property=\"article:modified_time\" content=\"2019-07-19T11:22:37+00:00\" \/>\n<meta property=\"og:image\" content=\"https:\/\/www.garciafaura.com\/wp-content\/uploads\/2019\/05\/HabitatgeDotacionalEscolaBressol.jpg\" \/>\n\t<meta property=\"og:image:width\" content=\"1200\" \/>\n\t<meta property=\"og:image:height\" content=\"628\" \/>\n\t<meta property=\"og:image:type\" content=\"image\/jpeg\" \/>\n<meta name=\"author\" content=\"David Achell\" \/>\n<meta name=\"twitter:card\" content=\"summary_large_image\" \/>\n<meta name=\"twitter:label1\" content=\"Escrito por\" \/>\n\t<meta name=\"twitter:data1\" content=\"David Achell\" \/>\n\t<meta name=\"twitter:label2\" content=\"Tiempo de lectura\" \/>\n\t<meta name=\"twitter:data2\" content=\"1 minuto\" \/>\n<script type=\"application\/ld+json\" class=\"yoast-schema-graph\">{\"@context\":\"https:\/\/schema.org\",\"@graph\":[{\"@type\":\"Article\",\"@id\":\"https:\/\/www.garciafaura.com\/es\/cerramientos-con-rotura-de-puente-termico-para-vivienda-social-en-barcelona\/#article\",\"isPartOf\":{\"@id\":\"https:\/\/www.garciafaura.com\/es\/cerramientos-con-rotura-de-puente-termico-para-vivienda-social-en-barcelona\/\"},\"author\":{\"name\":\"David Achell\",\"@id\":\"https:\/\/www.garciafaura.com\/fr\/#\/schema\/person\/b4b75e69b33fac3446071909bec106b0\"},\"headline\":\"Cerramientos con rotura de puente t\u00e9rmico para vivienda social en Barcelona\",\"datePublished\":\"2019-05-10T11:51:30+00:00\",\"dateModified\":\"2019-07-19T11:22:37+00:00\",\"mainEntityOfPage\":{\"@id\":\"https:\/\/www.garciafaura.com\/es\/cerramientos-con-rotura-de-puente-termico-para-vivienda-social-en-barcelona\/\"},\"wordCount\":218,\"commentCount\":0,\"publisher\":{\"@id\":\"https:\/\/www.garciafaura.com\/fr\/#organization\"},\"image\":{\"@id\":\"https:\/\/www.garciafaura.com\/es\/cerramientos-con-rotura-de-puente-termico-para-vivienda-social-en-barcelona\/#primaryimage\"},\"thumbnailUrl\":\"https:\/\/www.garciafaura.com\/wp-content\/uploads\/2019\/05\/HabitatgeDotacionalEscolaBressol.jpg\",\"articleSection\":[\"Actualidad\"],\"inLanguage\":\"es\",\"potentialAction\":[{\"@type\":\"CommentAction\",\"name\":\"Comment\",\"target\":[\"https:\/\/www.garciafaura.com\/es\/cerramientos-con-rotura-de-puente-termico-para-vivienda-social-en-barcelona\/#respond\"]}]},{\"@type\":\"WebPage\",\"@id\":\"https:\/\/www.garciafaura.com\/es\/cerramientos-con-rotura-de-puente-termico-para-vivienda-social-en-barcelona\/\",\"url\":\"https:\/\/www.garciafaura.com\/es\/cerramientos-con-rotura-de-puente-termico-para-vivienda-social-en-barcelona\/\",\"name\":\"Cerramientos con rotura de puente t\u00e9rmico para vivienda social en Barcelona - GARCIA FAURA\",\"isPartOf\":{\"@id\":\"https:\/\/www.garciafaura.com\/fr\/#website\"},\"primaryImageOfPage\":{\"@id\":\"https:\/\/www.garciafaura.com\/es\/cerramientos-con-rotura-de-puente-termico-para-vivienda-social-en-barcelona\/#primaryimage\"},\"image\":{\"@id\":\"https:\/\/www.garciafaura.com\/es\/cerramientos-con-rotura-de-puente-termico-para-vivienda-social-en-barcelona\/#primaryimage\"},\"thumbnailUrl\":\"https:\/\/www.garciafaura.com\/wp-content\/uploads\/2019\/05\/HabitatgeDotacionalEscolaBressol.jpg\",\"datePublished\":\"2019-05-10T11:51:30+00:00\",\"dateModified\":\"2019-07-19T11:22:37+00:00\",\"description\":\"Arquitectura en Alumini, Inox, Ferro i Vidre\",\"breadcrumb\":{\"@id\":\"https:\/\/www.garciafaura.com\/es\/cerramientos-con-rotura-de-puente-termico-para-vivienda-social-en-barcelona\/#breadcrumb\"},\"inLanguage\":\"es\",\"potentialAction\":[{\"@type\":\"ReadAction\",\"target\":[\"https:\/\/www.garciafaura.com\/es\/cerramientos-con-rotura-de-puente-termico-para-vivienda-social-en-barcelona\/\"]}]},{\"@type\":\"ImageObject\",\"inLanguage\":\"es\",\"@id\":\"https:\/\/www.garciafaura.com\/es\/cerramientos-con-rotura-de-puente-termico-para-vivienda-social-en-barcelona\/#primaryimage\",\"url\":\"https:\/\/www.garciafaura.com\/wp-content\/uploads\/2019\/05\/HabitatgeDotacionalEscolaBressol.jpg\",\"contentUrl\":\"https:\/\/www.garciafaura.com\/wp-content\/uploads\/2019\/05\/HabitatgeDotacionalEscolaBressol.jpg\",\"width\":1200,\"height\":628,\"caption\":\"Habitatge social Comte Borrell\"},{\"@type\":\"BreadcrumbList\",\"@id\":\"https:\/\/www.garciafaura.com\/es\/cerramientos-con-rotura-de-puente-termico-para-vivienda-social-en-barcelona\/#breadcrumb\",\"itemListElement\":[{\"@type\":\"ListItem\",\"position\":1,\"name\":\"Inici\",\"item\":\"https:\/\/www.garciafaura.com\/es\/\"},{\"@type\":\"ListItem\",\"position\":2,\"name\":\"Cerramientos con rotura de puente t\u00e9rmico para vivienda social en Barcelona\"}]},{\"@type\":\"WebSite\",\"@id\":\"https:\/\/www.garciafaura.com\/fr\/#website\",\"url\":\"https:\/\/www.garciafaura.com\/fr\/\",\"name\":\"GARCIA FAURA\",\"description\":\"Arquitectura en Alumini, Inox, Ferro i Vidre\",\"publisher\":{\"@id\":\"https:\/\/www.garciafaura.com\/fr\/#organization\"},\"potentialAction\":[{\"@type\":\"SearchAction\",\"target\":{\"@type\":\"EntryPoint\",\"urlTemplate\":\"https:\/\/www.garciafaura.com\/fr\/?s={search_term_string}\"},\"query-input\":{\"@type\":\"PropertyValueSpecification\",\"valueRequired\":true,\"valueName\":\"search_term_string\"}}],\"inLanguage\":\"es\"},{\"@type\":\"Organization\",\"@id\":\"https:\/\/www.garciafaura.com\/fr\/#organization\",\"name\":\"GARCIA FAURA\",\"url\":\"https:\/\/www.garciafaura.com\/fr\/\",\"logo\":{\"@type\":\"ImageObject\",\"inLanguage\":\"es\",\"@id\":\"https:\/\/www.garciafaura.com\/fr\/#\/schema\/logo\/image\/\",\"url\":\"https:\/\/www.garciafaura.com\/wp-content\/uploads\/2018\/09\/Garcia-Faura.png\",\"contentUrl\":\"https:\/\/www.garciafaura.com\/wp-content\/uploads\/2018\/09\/Garcia-Faura.png\",\"width\":512,\"height\":512,\"caption\":\"GARCIA FAURA\"},\"image\":{\"@id\":\"https:\/\/www.garciafaura.com\/fr\/#\/schema\/logo\/image\/\"},\"sameAs\":[\"https:\/\/www.youtube.com\/user\/GARCIAFAURA\"]},{\"@type\":\"Person\",\"@id\":\"https:\/\/www.garciafaura.com\/fr\/#\/schema\/person\/b4b75e69b33fac3446071909bec106b0\",\"name\":\"David Achell\",\"image\":{\"@type\":\"ImageObject\",\"inLanguage\":\"es\",\"@id\":\"https:\/\/www.garciafaura.com\/fr\/#\/schema\/person\/image\/\",\"url\":\"https:\/\/secure.gravatar.com\/avatar\/03900210afc1f61bce737bcb4a79c02e2c997f171e3eca839b5a4cbe03846c90?s=96&d=blank&r=g\",\"contentUrl\":\"https:\/\/secure.gravatar.com\/avatar\/03900210afc1f61bce737bcb4a79c02e2c997f171e3eca839b5a4cbe03846c90?s=96&d=blank&r=g\",\"caption\":\"David Achell\"}}]}<\/script>\n<!-- \/ Yoast SEO plugin. -->","yoast_head_json":{"title":"Cerramientos con rotura de puente t\u00e9rmico para vivienda social en Barcelona - GARCIA FAURA","description":"Arquitectura en Alumini, Inox, Ferro i Vidre","robots":{"index":"index","follow":"follow","max-snippet":"max-snippet:-1","max-image-preview":"max-image-preview:large","max-video-preview":"max-video-preview:-1"},"canonical":"https:\/\/www.garciafaura.com\/es\/cerramientos-con-rotura-de-puente-termico-para-vivienda-social-en-barcelona\/","og_locale":"es_ES","og_type":"article","og_title":"Cerramientos con rotura de puente t\u00e9rmico para vivienda social en Barcelona - GARCIA FAURA","og_description":"Arquitectura en Alumini, Inox, Ferro i Vidre","og_url":"https:\/\/www.garciafaura.com\/es\/cerramientos-con-rotura-de-puente-termico-para-vivienda-social-en-barcelona\/","og_site_name":"GARCIA FAURA","article_published_time":"2019-05-10T11:51:30+00:00","article_modified_time":"2019-07-19T11:22:37+00:00","og_image":[{"width":1200,"height":628,"url":"https:\/\/www.garciafaura.com\/wp-content\/uploads\/2019\/05\/HabitatgeDotacionalEscolaBressol.jpg","type":"image\/jpeg"}],"author":"David Achell","twitter_card":"summary_large_image","twitter_misc":{"Escrito por":"David Achell","Tiempo de lectura":"1 minuto"},"schema":{"@context":"https:\/\/schema.org","@graph":[{"@type":"Article","@id":"https:\/\/www.garciafaura.com\/es\/cerramientos-con-rotura-de-puente-termico-para-vivienda-social-en-barcelona\/#article","isPartOf":{"@id":"https:\/\/www.garciafaura.com\/es\/cerramientos-con-rotura-de-puente-termico-para-vivienda-social-en-barcelona\/"},"author":{"name":"David Achell","@id":"https:\/\/www.garciafaura.com\/fr\/#\/schema\/person\/b4b75e69b33fac3446071909bec106b0"},"headline":"Cerramientos con rotura de puente t\u00e9rmico para vivienda social en Barcelona","datePublished":"2019-05-10T11:51:30+00:00","dateModified":"2019-07-19T11:22:37+00:00","mainEntityOfPage":{"@id":"https:\/\/www.garciafaura.com\/es\/cerramientos-con-rotura-de-puente-termico-para-vivienda-social-en-barcelona\/"},"wordCount":218,"commentCount":0,"publisher":{"@id":"https:\/\/www.garciafaura.com\/fr\/#organization"},"image":{"@id":"https:\/\/www.garciafaura.com\/es\/cerramientos-con-rotura-de-puente-termico-para-vivienda-social-en-barcelona\/#primaryimage"},"thumbnailUrl":"https:\/\/www.garciafaura.com\/wp-content\/uploads\/2019\/05\/HabitatgeDotacionalEscolaBressol.jpg","articleSection":["Actualidad"],"inLanguage":"es","potentialAction":[{"@type":"CommentAction","name":"Comment","target":["https:\/\/www.garciafaura.com\/es\/cerramientos-con-rotura-de-puente-termico-para-vivienda-social-en-barcelona\/#respond"]}]},{"@type":"WebPage","@id":"https:\/\/www.garciafaura.com\/es\/cerramientos-con-rotura-de-puente-termico-para-vivienda-social-en-barcelona\/","url":"https:\/\/www.garciafaura.com\/es\/cerramientos-con-rotura-de-puente-termico-para-vivienda-social-en-barcelona\/","name":"Cerramientos con rotura de puente t\u00e9rmico para vivienda social en Barcelona - GARCIA FAURA","isPartOf":{"@id":"https:\/\/www.garciafaura.com\/fr\/#website"},"primaryImageOfPage":{"@id":"https:\/\/www.garciafaura.com\/es\/cerramientos-con-rotura-de-puente-termico-para-vivienda-social-en-barcelona\/#primaryimage"},"image":{"@id":"https:\/\/www.garciafaura.com\/es\/cerramientos-con-rotura-de-puente-termico-para-vivienda-social-en-barcelona\/#primaryimage"},"thumbnailUrl":"https:\/\/www.garciafaura.com\/wp-content\/uploads\/2019\/05\/HabitatgeDotacionalEscolaBressol.jpg","datePublished":"2019-05-10T11:51:30+00:00","dateModified":"2019-07-19T11:22:37+00:00","description":"Arquitectura en Alumini, Inox, Ferro i Vidre","breadcrumb":{"@id":"https:\/\/www.garciafaura.com\/es\/cerramientos-con-rotura-de-puente-termico-para-vivienda-social-en-barcelona\/#breadcrumb"},"inLanguage":"es","potentialAction":[{"@type":"ReadAction","target":["https:\/\/www.garciafaura.com\/es\/cerramientos-con-rotura-de-puente-termico-para-vivienda-social-en-barcelona\/"]}]},{"@type":"ImageObject","inLanguage":"es","@id":"https:\/\/www.garciafaura.com\/es\/cerramientos-con-rotura-de-puente-termico-para-vivienda-social-en-barcelona\/#primaryimage","url":"https:\/\/www.garciafaura.com\/wp-content\/uploads\/2019\/05\/HabitatgeDotacionalEscolaBressol.jpg","contentUrl":"https:\/\/www.garciafaura.com\/wp-content\/uploads\/2019\/05\/HabitatgeDotacionalEscolaBressol.jpg","width":1200,"height":628,"caption":"Habitatge social Comte Borrell"},{"@type":"BreadcrumbList","@id":"https:\/\/www.garciafaura.com\/es\/cerramientos-con-rotura-de-puente-termico-para-vivienda-social-en-barcelona\/#breadcrumb","itemListElement":[{"@type":"ListItem","position":1,"name":"Inici","item":"https:\/\/www.garciafaura.com\/es\/"},{"@type":"ListItem","position":2,"name":"Cerramientos con rotura de puente t\u00e9rmico para vivienda social en Barcelona"}]},{"@type":"WebSite","@id":"https:\/\/www.garciafaura.com\/fr\/#website","url":"https:\/\/www.garciafaura.com\/fr\/","name":"GARCIA FAURA","description":"Arquitectura en Alumini, Inox, Ferro i Vidre","publisher":{"@id":"https:\/\/www.garciafaura.com\/fr\/#organization"},"potentialAction":[{"@type":"SearchAction","target":{"@type":"EntryPoint","urlTemplate":"https:\/\/www.garciafaura.com\/fr\/?s={search_term_string}"},"query-input":{"@type":"PropertyValueSpecification","valueRequired":true,"valueName":"search_term_string"}}],"inLanguage":"es"},{"@type":"Organization","@id":"https:\/\/www.garciafaura.com\/fr\/#organization","name":"GARCIA FAURA","url":"https:\/\/www.garciafaura.com\/fr\/","logo":{"@type":"ImageObject","inLanguage":"es","@id":"https:\/\/www.garciafaura.com\/fr\/#\/schema\/logo\/image\/","url":"https:\/\/www.garciafaura.com\/wp-content\/uploads\/2018\/09\/Garcia-Faura.png","contentUrl":"https:\/\/www.garciafaura.com\/wp-content\/uploads\/2018\/09\/Garcia-Faura.png","width":512,"height":512,"caption":"GARCIA FAURA"},"image":{"@id":"https:\/\/www.garciafaura.com\/fr\/#\/schema\/logo\/image\/"},"sameAs":["https:\/\/www.youtube.com\/user\/GARCIAFAURA"]},{"@type":"Person","@id":"https:\/\/www.garciafaura.com\/fr\/#\/schema\/person\/b4b75e69b33fac3446071909bec106b0","name":"David Achell","image":{"@type":"ImageObject","inLanguage":"es","@id":"https:\/\/www.garciafaura.com\/fr\/#\/schema\/person\/image\/","url":"https:\/\/secure.gravatar.com\/avatar\/03900210afc1f61bce737bcb4a79c02e2c997f171e3eca839b5a4cbe03846c90?s=96&d=blank&r=g","contentUrl":"https:\/\/secure.gravatar.com\/avatar\/03900210afc1f61bce737bcb4a79c02e2c997f171e3eca839b5a4cbe03846c90?s=96&d=blank&r=g","caption":"David Achell"}}]}},"_links":{"self":[{"href":"https:\/\/www.garciafaura.com\/es\/wp-json\/wp\/v2\/posts\/19893","targetHints":{"allow":["GET"]}}],"collection":[{"href":"https:\/\/www.garciafaura.com\/es\/wp-json\/wp\/v2\/posts"}],"about":[{"href":"https:\/\/www.garciafaura.com\/es\/wp-json\/wp\/v2\/types\/post"}],"author":[{"embeddable":true,"href":"https:\/\/www.garciafaura.com\/es\/wp-json\/wp\/v2\/users\/3"}],"replies":[{"embeddable":true,"href":"https:\/\/www.garciafaura.com\/es\/wp-json\/wp\/v2\/comments?post=19893"}],"version-history":[{"count":1,"href":"https:\/\/www.garciafaura.com\/es\/wp-json\/wp\/v2\/posts\/19893\/revisions"}],"predecessor-version":[{"id":19894,"href":"https:\/\/www.garciafaura.com\/es\/wp-json\/wp\/v2\/posts\/19893\/revisions\/19894"}],"wp:featuredmedia":[{"embeddable":true,"href":"https:\/\/www.garciafaura.com\/es\/wp-json\/wp\/v2\/media\/19879"}],"wp:attachment":[{"href":"https:\/\/www.garciafaura.com\/es\/wp-json\/wp\/v2\/media?parent=19893"}],"wp:term":[{"taxonomy":"category","embeddable":true,"href":"https:\/\/www.garciafaura.com\/es\/wp-json\/wp\/v2\/categories?post=19893"},{"taxonomy":"post_tag","embeddable":true,"href":"https:\/\/www.garciafaura.com\/es\/wp-json\/wp\/v2\/tags?post=19893"},{"taxonomy":"post_series","embeddable":true,"href":"https:\/\/www.garciafaura.com\/es\/wp-json\/wp\/v2\/post_series?post=19893"}],"curies":[{"name":"wp","href":"https:\/\/api.w.org\/{rel}","templated":true}]}}