{"id":19873,"date":"2019-04-25T10:17:32","date_gmt":"2019-04-25T10:17:32","guid":{"rendered":"https:\/\/www.garciafaura.com\/garcia-faura-deja-su-marca-en-el-nuevo-hotel-barcelo-diagonal-414\/"},"modified":"2019-07-19T11:22:43","modified_gmt":"2019-07-19T11:22:43","slug":"garcia-faura-deja-su-marca-en-el-nuevo-hotel-barcelo-diagonal-414","status":"publish","type":"post","link":"https:\/\/www.garciafaura.com\/es\/garcia-faura-deja-su-marca-en-el-nuevo-hotel-barcelo-diagonal-414\/","title":{"rendered":"GARCIA FAURA deja su marca en el nuevo Hotel Barcel\u00f3 Diagonal 414"},"content":{"rendered":"<p style=\"text-align: justify;\">El 1 de agosto est\u00e1 pevisto que abra sus puertas el <strong>Hotel Barcel\u00f3 Diagonal 414<\/strong>, un establecimiento de m\u00e1s de 5.000 metros cuadrados el el cual <strong>GARCIA FAURA<\/strong> dejar\u00e1 su huella en puertas y ventanas, y tambi\u00e9n con un muro cortina, entre otros trabajos.<\/p>\n<p style=\"text-align: justify;\">En concreto, la empresa fabricar\u00e1 e instalar\u00e1<strong>103 cerramientos de aluminio y vidrio entre puertas y ventanas, todos ellos con rotura de puente t\u00e9rmico y altas prestaciones de aislamiento ac\u00fastico y t\u00e9rmico<\/strong> para garantizar el m\u00e1ximo confort a las personas usuarias del hotel.<\/p>\n<p style=\"text-align: justify;\">En el patio interior se colocar\u00e1n 442 metros cuadrados de muro cortina de tapeta exterior horizontal y vertical, as\u00ed como un lucernario de 40 metros cuadrados sobre una estructura portante de acero.<\/p>\n<p style=\"text-align: justify;\">El hotel est\u00e1 situado en medio de la avenida Diagonal, uno de los esos comerciales m\u00e1s importantes de Barcelona, y ante la Casa de les Punxes, uno de los iconos modernistas de la capital catalana. Tambi\u00e9n se encuentra muy cerca del paseo de Gracia, uno de los principales puntos tur\u00edsticos de la ciudad.<\/p>\n<p style=\"text-align: justify;\">El establecimiento cuenta con un centenar de habitaciones, gimnasio de 25 metros cuadrados abierto las 24 horas del d\u00eda, tres salas multifuncionales para la celebraci\u00f3n de reuniones y acontecimientos diversos, adem\u00e1s de un aparcamiento privado exclusivo para las personas clientas del hotel.<\/p>\n","protected":false},"excerpt":{"rendered":"<p>El 1 de agosto est\u00e1 pevisto que abra sus puertas el Hotel Barcel\u00f3 Diagonal 414, un establecimiento de m\u00e1s de 5.000 metros cuadrados el el cual GARCIA FAURA dejar\u00e1 su huella en puertas y ventanas, y tambi\u00e9n con un muro&hellip;<\/p>\n","protected":false},"author":3,"featured_media":19871,"comment_status":"open","ping_status":"open","sticky":false,"template":"","format":"standard","meta":{"footnotes":""},"categories":[3],"tags":[],"post_series":[],"class_list":["post-19873","post","type-post","status-publish","format-standard","has-post-thumbnail","hentry","category-actualidad","entry","has-media"],"yoast_head":"<!-- This site is optimized with the Yoast SEO plugin v26.7 - https:\/\/yoast.com\/wordpress\/plugins\/seo\/ -->\n<title>GARCIA FAURA deja su marca en el nuevo Hotel Barcel\u00f3 Diagonal 414 - GARCIA FAURA<\/title>\n<meta name=\"description\" content=\"Arquitectura en Alumini, Inox, Ferro i Vidre\" \/>\n<meta name=\"robots\" content=\"index, follow, max-snippet:-1, max-image-preview:large, max-video-preview:-1\" \/>\n<link rel=\"canonical\" href=\"https:\/\/www.garciafaura.com\/es\/garcia-faura-deja-su-marca-en-el-nuevo-hotel-barcelo-diagonal-414\/\" \/>\n<meta property=\"og:locale\" content=\"es_ES\" \/>\n<meta property=\"og:type\" content=\"article\" \/>\n<meta property=\"og:title\" content=\"GARCIA FAURA deja su marca en el nuevo Hotel Barcel\u00f3 Diagonal 414 - GARCIA FAURA\" \/>\n<meta property=\"og:description\" content=\"Arquitectura en Alumini, Inox, Ferro i Vidre\" \/>\n<meta property=\"og:url\" content=\"https:\/\/www.garciafaura.com\/es\/garcia-faura-deja-su-marca-en-el-nuevo-hotel-barcelo-diagonal-414\/\" \/>\n<meta property=\"og:site_name\" content=\"GARCIA FAURA\" \/>\n<meta property=\"article:published_time\" content=\"2019-04-25T10:17:32+00:00\" \/>\n<meta property=\"article:modified_time\" content=\"2019-07-19T11:22:43+00:00\" \/>\n<meta property=\"og:image\" content=\"https:\/\/www.garciafaura.com\/wp-content\/uploads\/2019\/04\/HotelBarceloDiagonal-1.jpg\" \/>\n\t<meta property=\"og:image:width\" content=\"1200\" \/>\n\t<meta property=\"og:image:height\" content=\"628\" \/>\n\t<meta property=\"og:image:type\" content=\"image\/jpeg\" \/>\n<meta name=\"author\" content=\"David Achell\" \/>\n<meta name=\"twitter:card\" content=\"summary_large_image\" \/>\n<meta name=\"twitter:label1\" content=\"Escrito por\" \/>\n\t<meta name=\"twitter:data1\" content=\"David Achell\" \/>\n\t<meta name=\"twitter:label2\" content=\"Tiempo de lectura\" \/>\n\t<meta name=\"twitter:data2\" content=\"1 minuto\" \/>\n<script type=\"application\/ld+json\" class=\"yoast-schema-graph\">{\"@context\":\"https:\/\/schema.org\",\"@graph\":[{\"@type\":\"Article\",\"@id\":\"https:\/\/www.garciafaura.com\/es\/garcia-faura-deja-su-marca-en-el-nuevo-hotel-barcelo-diagonal-414\/#article\",\"isPartOf\":{\"@id\":\"https:\/\/www.garciafaura.com\/es\/garcia-faura-deja-su-marca-en-el-nuevo-hotel-barcelo-diagonal-414\/\"},\"author\":{\"name\":\"David Achell\",\"@id\":\"https:\/\/www.garciafaura.com\/fr\/#\/schema\/person\/b4b75e69b33fac3446071909bec106b0\"},\"headline\":\"GARCIA FAURA deja su marca en el nuevo Hotel Barcel\u00f3 Diagonal 414\",\"datePublished\":\"2019-04-25T10:17:32+00:00\",\"dateModified\":\"2019-07-19T11:22:43+00:00\",\"mainEntityOfPage\":{\"@id\":\"https:\/\/www.garciafaura.com\/es\/garcia-faura-deja-su-marca-en-el-nuevo-hotel-barcelo-diagonal-414\/\"},\"wordCount\":230,\"commentCount\":0,\"publisher\":{\"@id\":\"https:\/\/www.garciafaura.com\/fr\/#organization\"},\"image\":{\"@id\":\"https:\/\/www.garciafaura.com\/es\/garcia-faura-deja-su-marca-en-el-nuevo-hotel-barcelo-diagonal-414\/#primaryimage\"},\"thumbnailUrl\":\"https:\/\/www.garciafaura.com\/wp-content\/uploads\/2019\/04\/HotelBarceloDiagonal-1.jpg\",\"articleSection\":[\"Actualidad\"],\"inLanguage\":\"es\",\"potentialAction\":[{\"@type\":\"CommentAction\",\"name\":\"Comment\",\"target\":[\"https:\/\/www.garciafaura.com\/es\/garcia-faura-deja-su-marca-en-el-nuevo-hotel-barcelo-diagonal-414\/#respond\"]}]},{\"@type\":\"WebPage\",\"@id\":\"https:\/\/www.garciafaura.com\/es\/garcia-faura-deja-su-marca-en-el-nuevo-hotel-barcelo-diagonal-414\/\",\"url\":\"https:\/\/www.garciafaura.com\/es\/garcia-faura-deja-su-marca-en-el-nuevo-hotel-barcelo-diagonal-414\/\",\"name\":\"GARCIA FAURA deja su marca en el nuevo Hotel Barcel\u00f3 Diagonal 414 - GARCIA FAURA\",\"isPartOf\":{\"@id\":\"https:\/\/www.garciafaura.com\/fr\/#website\"},\"primaryImageOfPage\":{\"@id\":\"https:\/\/www.garciafaura.com\/es\/garcia-faura-deja-su-marca-en-el-nuevo-hotel-barcelo-diagonal-414\/#primaryimage\"},\"image\":{\"@id\":\"https:\/\/www.garciafaura.com\/es\/garcia-faura-deja-su-marca-en-el-nuevo-hotel-barcelo-diagonal-414\/#primaryimage\"},\"thumbnailUrl\":\"https:\/\/www.garciafaura.com\/wp-content\/uploads\/2019\/04\/HotelBarceloDiagonal-1.jpg\",\"datePublished\":\"2019-04-25T10:17:32+00:00\",\"dateModified\":\"2019-07-19T11:22:43+00:00\",\"description\":\"Arquitectura en Alumini, Inox, Ferro i Vidre\",\"breadcrumb\":{\"@id\":\"https:\/\/www.garciafaura.com\/es\/garcia-faura-deja-su-marca-en-el-nuevo-hotel-barcelo-diagonal-414\/#breadcrumb\"},\"inLanguage\":\"es\",\"potentialAction\":[{\"@type\":\"ReadAction\",\"target\":[\"https:\/\/www.garciafaura.com\/es\/garcia-faura-deja-su-marca-en-el-nuevo-hotel-barcelo-diagonal-414\/\"]}]},{\"@type\":\"ImageObject\",\"inLanguage\":\"es\",\"@id\":\"https:\/\/www.garciafaura.com\/es\/garcia-faura-deja-su-marca-en-el-nuevo-hotel-barcelo-diagonal-414\/#primaryimage\",\"url\":\"https:\/\/www.garciafaura.com\/wp-content\/uploads\/2019\/04\/HotelBarceloDiagonal-1.jpg\",\"contentUrl\":\"https:\/\/www.garciafaura.com\/wp-content\/uploads\/2019\/04\/HotelBarceloDiagonal-1.jpg\",\"width\":1200,\"height\":628,\"caption\":\"Hotel Barcel\u00f3 Diagonal 414\"},{\"@type\":\"BreadcrumbList\",\"@id\":\"https:\/\/www.garciafaura.com\/es\/garcia-faura-deja-su-marca-en-el-nuevo-hotel-barcelo-diagonal-414\/#breadcrumb\",\"itemListElement\":[{\"@type\":\"ListItem\",\"position\":1,\"name\":\"Inici\",\"item\":\"https:\/\/www.garciafaura.com\/es\/\"},{\"@type\":\"ListItem\",\"position\":2,\"name\":\"GARCIA FAURA deja su marca en el nuevo Hotel Barcel\u00f3 Diagonal 414\"}]},{\"@type\":\"WebSite\",\"@id\":\"https:\/\/www.garciafaura.com\/fr\/#website\",\"url\":\"https:\/\/www.garciafaura.com\/fr\/\",\"name\":\"GARCIA FAURA\",\"description\":\"Arquitectura en Alumini, Inox, Ferro i Vidre\",\"publisher\":{\"@id\":\"https:\/\/www.garciafaura.com\/fr\/#organization\"},\"potentialAction\":[{\"@type\":\"SearchAction\",\"target\":{\"@type\":\"EntryPoint\",\"urlTemplate\":\"https:\/\/www.garciafaura.com\/fr\/?s={search_term_string}\"},\"query-input\":{\"@type\":\"PropertyValueSpecification\",\"valueRequired\":true,\"valueName\":\"search_term_string\"}}],\"inLanguage\":\"es\"},{\"@type\":\"Organization\",\"@id\":\"https:\/\/www.garciafaura.com\/fr\/#organization\",\"name\":\"GARCIA FAURA\",\"url\":\"https:\/\/www.garciafaura.com\/fr\/\",\"logo\":{\"@type\":\"ImageObject\",\"inLanguage\":\"es\",\"@id\":\"https:\/\/www.garciafaura.com\/fr\/#\/schema\/logo\/image\/\",\"url\":\"https:\/\/www.garciafaura.com\/wp-content\/uploads\/2018\/09\/Garcia-Faura.png\",\"contentUrl\":\"https:\/\/www.garciafaura.com\/wp-content\/uploads\/2018\/09\/Garcia-Faura.png\",\"width\":512,\"height\":512,\"caption\":\"GARCIA FAURA\"},\"image\":{\"@id\":\"https:\/\/www.garciafaura.com\/fr\/#\/schema\/logo\/image\/\"},\"sameAs\":[\"https:\/\/www.youtube.com\/user\/GARCIAFAURA\"]},{\"@type\":\"Person\",\"@id\":\"https:\/\/www.garciafaura.com\/fr\/#\/schema\/person\/b4b75e69b33fac3446071909bec106b0\",\"name\":\"David Achell\",\"image\":{\"@type\":\"ImageObject\",\"inLanguage\":\"es\",\"@id\":\"https:\/\/www.garciafaura.com\/fr\/#\/schema\/person\/image\/\",\"url\":\"https:\/\/secure.gravatar.com\/avatar\/03900210afc1f61bce737bcb4a79c02e2c997f171e3eca839b5a4cbe03846c90?s=96&d=blank&r=g\",\"contentUrl\":\"https:\/\/secure.gravatar.com\/avatar\/03900210afc1f61bce737bcb4a79c02e2c997f171e3eca839b5a4cbe03846c90?s=96&d=blank&r=g\",\"caption\":\"David Achell\"}}]}<\/script>\n<!-- \/ Yoast SEO plugin. -->","yoast_head_json":{"title":"GARCIA FAURA deja su marca en el nuevo Hotel Barcel\u00f3 Diagonal 414 - GARCIA FAURA","description":"Arquitectura en Alumini, Inox, Ferro i Vidre","robots":{"index":"index","follow":"follow","max-snippet":"max-snippet:-1","max-image-preview":"max-image-preview:large","max-video-preview":"max-video-preview:-1"},"canonical":"https:\/\/www.garciafaura.com\/es\/garcia-faura-deja-su-marca-en-el-nuevo-hotel-barcelo-diagonal-414\/","og_locale":"es_ES","og_type":"article","og_title":"GARCIA FAURA deja su marca en el nuevo Hotel Barcel\u00f3 Diagonal 414 - GARCIA FAURA","og_description":"Arquitectura en Alumini, Inox, Ferro i Vidre","og_url":"https:\/\/www.garciafaura.com\/es\/garcia-faura-deja-su-marca-en-el-nuevo-hotel-barcelo-diagonal-414\/","og_site_name":"GARCIA FAURA","article_published_time":"2019-04-25T10:17:32+00:00","article_modified_time":"2019-07-19T11:22:43+00:00","og_image":[{"width":1200,"height":628,"url":"https:\/\/www.garciafaura.com\/wp-content\/uploads\/2019\/04\/HotelBarceloDiagonal-1.jpg","type":"image\/jpeg"}],"author":"David Achell","twitter_card":"summary_large_image","twitter_misc":{"Escrito por":"David Achell","Tiempo de lectura":"1 minuto"},"schema":{"@context":"https:\/\/schema.org","@graph":[{"@type":"Article","@id":"https:\/\/www.garciafaura.com\/es\/garcia-faura-deja-su-marca-en-el-nuevo-hotel-barcelo-diagonal-414\/#article","isPartOf":{"@id":"https:\/\/www.garciafaura.com\/es\/garcia-faura-deja-su-marca-en-el-nuevo-hotel-barcelo-diagonal-414\/"},"author":{"name":"David Achell","@id":"https:\/\/www.garciafaura.com\/fr\/#\/schema\/person\/b4b75e69b33fac3446071909bec106b0"},"headline":"GARCIA FAURA deja su marca en el nuevo Hotel Barcel\u00f3 Diagonal 414","datePublished":"2019-04-25T10:17:32+00:00","dateModified":"2019-07-19T11:22:43+00:00","mainEntityOfPage":{"@id":"https:\/\/www.garciafaura.com\/es\/garcia-faura-deja-su-marca-en-el-nuevo-hotel-barcelo-diagonal-414\/"},"wordCount":230,"commentCount":0,"publisher":{"@id":"https:\/\/www.garciafaura.com\/fr\/#organization"},"image":{"@id":"https:\/\/www.garciafaura.com\/es\/garcia-faura-deja-su-marca-en-el-nuevo-hotel-barcelo-diagonal-414\/#primaryimage"},"thumbnailUrl":"https:\/\/www.garciafaura.com\/wp-content\/uploads\/2019\/04\/HotelBarceloDiagonal-1.jpg","articleSection":["Actualidad"],"inLanguage":"es","potentialAction":[{"@type":"CommentAction","name":"Comment","target":["https:\/\/www.garciafaura.com\/es\/garcia-faura-deja-su-marca-en-el-nuevo-hotel-barcelo-diagonal-414\/#respond"]}]},{"@type":"WebPage","@id":"https:\/\/www.garciafaura.com\/es\/garcia-faura-deja-su-marca-en-el-nuevo-hotel-barcelo-diagonal-414\/","url":"https:\/\/www.garciafaura.com\/es\/garcia-faura-deja-su-marca-en-el-nuevo-hotel-barcelo-diagonal-414\/","name":"GARCIA FAURA deja su marca en el nuevo Hotel Barcel\u00f3 Diagonal 414 - GARCIA FAURA","isPartOf":{"@id":"https:\/\/www.garciafaura.com\/fr\/#website"},"primaryImageOfPage":{"@id":"https:\/\/www.garciafaura.com\/es\/garcia-faura-deja-su-marca-en-el-nuevo-hotel-barcelo-diagonal-414\/#primaryimage"},"image":{"@id":"https:\/\/www.garciafaura.com\/es\/garcia-faura-deja-su-marca-en-el-nuevo-hotel-barcelo-diagonal-414\/#primaryimage"},"thumbnailUrl":"https:\/\/www.garciafaura.com\/wp-content\/uploads\/2019\/04\/HotelBarceloDiagonal-1.jpg","datePublished":"2019-04-25T10:17:32+00:00","dateModified":"2019-07-19T11:22:43+00:00","description":"Arquitectura en Alumini, Inox, Ferro i Vidre","breadcrumb":{"@id":"https:\/\/www.garciafaura.com\/es\/garcia-faura-deja-su-marca-en-el-nuevo-hotel-barcelo-diagonal-414\/#breadcrumb"},"inLanguage":"es","potentialAction":[{"@type":"ReadAction","target":["https:\/\/www.garciafaura.com\/es\/garcia-faura-deja-su-marca-en-el-nuevo-hotel-barcelo-diagonal-414\/"]}]},{"@type":"ImageObject","inLanguage":"es","@id":"https:\/\/www.garciafaura.com\/es\/garcia-faura-deja-su-marca-en-el-nuevo-hotel-barcelo-diagonal-414\/#primaryimage","url":"https:\/\/www.garciafaura.com\/wp-content\/uploads\/2019\/04\/HotelBarceloDiagonal-1.jpg","contentUrl":"https:\/\/www.garciafaura.com\/wp-content\/uploads\/2019\/04\/HotelBarceloDiagonal-1.jpg","width":1200,"height":628,"caption":"Hotel Barcel\u00f3 Diagonal 414"},{"@type":"BreadcrumbList","@id":"https:\/\/www.garciafaura.com\/es\/garcia-faura-deja-su-marca-en-el-nuevo-hotel-barcelo-diagonal-414\/#breadcrumb","itemListElement":[{"@type":"ListItem","position":1,"name":"Inici","item":"https:\/\/www.garciafaura.com\/es\/"},{"@type":"ListItem","position":2,"name":"GARCIA FAURA deja su marca en el nuevo Hotel Barcel\u00f3 Diagonal 414"}]},{"@type":"WebSite","@id":"https:\/\/www.garciafaura.com\/fr\/#website","url":"https:\/\/www.garciafaura.com\/fr\/","name":"GARCIA FAURA","description":"Arquitectura en Alumini, Inox, Ferro i Vidre","publisher":{"@id":"https:\/\/www.garciafaura.com\/fr\/#organization"},"potentialAction":[{"@type":"SearchAction","target":{"@type":"EntryPoint","urlTemplate":"https:\/\/www.garciafaura.com\/fr\/?s={search_term_string}"},"query-input":{"@type":"PropertyValueSpecification","valueRequired":true,"valueName":"search_term_string"}}],"inLanguage":"es"},{"@type":"Organization","@id":"https:\/\/www.garciafaura.com\/fr\/#organization","name":"GARCIA FAURA","url":"https:\/\/www.garciafaura.com\/fr\/","logo":{"@type":"ImageObject","inLanguage":"es","@id":"https:\/\/www.garciafaura.com\/fr\/#\/schema\/logo\/image\/","url":"https:\/\/www.garciafaura.com\/wp-content\/uploads\/2018\/09\/Garcia-Faura.png","contentUrl":"https:\/\/www.garciafaura.com\/wp-content\/uploads\/2018\/09\/Garcia-Faura.png","width":512,"height":512,"caption":"GARCIA FAURA"},"image":{"@id":"https:\/\/www.garciafaura.com\/fr\/#\/schema\/logo\/image\/"},"sameAs":["https:\/\/www.youtube.com\/user\/GARCIAFAURA"]},{"@type":"Person","@id":"https:\/\/www.garciafaura.com\/fr\/#\/schema\/person\/b4b75e69b33fac3446071909bec106b0","name":"David Achell","image":{"@type":"ImageObject","inLanguage":"es","@id":"https:\/\/www.garciafaura.com\/fr\/#\/schema\/person\/image\/","url":"https:\/\/secure.gravatar.com\/avatar\/03900210afc1f61bce737bcb4a79c02e2c997f171e3eca839b5a4cbe03846c90?s=96&d=blank&r=g","contentUrl":"https:\/\/secure.gravatar.com\/avatar\/03900210afc1f61bce737bcb4a79c02e2c997f171e3eca839b5a4cbe03846c90?s=96&d=blank&r=g","caption":"David Achell"}}]}},"_links":{"self":[{"href":"https:\/\/www.garciafaura.com\/es\/wp-json\/wp\/v2\/posts\/19873","targetHints":{"allow":["GET"]}}],"collection":[{"href":"https:\/\/www.garciafaura.com\/es\/wp-json\/wp\/v2\/posts"}],"about":[{"href":"https:\/\/www.garciafaura.com\/es\/wp-json\/wp\/v2\/types\/post"}],"author":[{"embeddable":true,"href":"https:\/\/www.garciafaura.com\/es\/wp-json\/wp\/v2\/users\/3"}],"replies":[{"embeddable":true,"href":"https:\/\/www.garciafaura.com\/es\/wp-json\/wp\/v2\/comments?post=19873"}],"version-history":[{"count":2,"href":"https:\/\/www.garciafaura.com\/es\/wp-json\/wp\/v2\/posts\/19873\/revisions"}],"predecessor-version":[{"id":21249,"href":"https:\/\/www.garciafaura.com\/es\/wp-json\/wp\/v2\/posts\/19873\/revisions\/21249"}],"wp:featuredmedia":[{"embeddable":true,"href":"https:\/\/www.garciafaura.com\/es\/wp-json\/wp\/v2\/media\/19871"}],"wp:attachment":[{"href":"https:\/\/www.garciafaura.com\/es\/wp-json\/wp\/v2\/media?parent=19873"}],"wp:term":[{"taxonomy":"category","embeddable":true,"href":"https:\/\/www.garciafaura.com\/es\/wp-json\/wp\/v2\/categories?post=19873"},{"taxonomy":"post_tag","embeddable":true,"href":"https:\/\/www.garciafaura.com\/es\/wp-json\/wp\/v2\/tags?post=19873"},{"taxonomy":"post_series","embeddable":true,"href":"https:\/\/www.garciafaura.com\/es\/wp-json\/wp\/v2\/post_series?post=19873"}],"curies":[{"name":"wp","href":"https:\/\/api.w.org\/{rel}","templated":true}]}}