{"id":17203,"date":"2019-02-12T10:26:21","date_gmt":"2019-02-12T10:26:21","guid":{"rendered":"https:\/\/www.garciafaura.com\/cerramientos-de-aluminio-de-garcia-faura-en-el-gran-hotel-torre-catalunya\/"},"modified":"2019-07-19T11:23:06","modified_gmt":"2019-07-19T11:23:06","slug":"cerramientos-de-aluminio-de-garcia-faura-en-el-gran-hotel-torre-catalunya","status":"publish","type":"post","link":"https:\/\/www.garciafaura.com\/es\/cerramientos-de-aluminio-de-garcia-faura-en-el-gran-hotel-torre-catalunya\/","title":{"rendered":"Cerramientos de aluminio de GARCIA FAURA en el Gran Hotel Torre Catalunya"},"content":{"rendered":"<p style=\"text-align: justify;\"><strong>GARCIA FAURA<\/strong> participar\u00e1 en la renovaci\u00f3n y rehabilitaci\u00f3n del Gran Hotel Torre Catalunya, en Barcelona, situado cerca de la estaci\u00f3n de Sants. El establecimiento, que se reinaugur\u00f3 en 2004, ya cuenta con las salas nobles, de spa y suites reformadas. El resto de estancias se remodelar\u00e1n a lo largo de este a\u00f1o.<\/p>\n<p style=\"text-align: justify;\">El Gran Hotel Torre Catalunya ocupa un edificio construido en los a\u00f1os 70 del siglo pasado donde antes hab\u00eda habido oficinas. Con la reforma (que cuenta con una inversi\u00f3n de 30 millones de euros) el hotel tendr\u00e1 en la planta 23 un restaurante Nobu (con vistas de 360 \u200b\u200bgrados de Barcelona) pero perder\u00e1 habitaciones, pasando de las 272 actuales a las 265.<\/p>\n<p style=\"text-align: justify;\"><strong>GARCIA FAURA<\/strong> instalar\u00e1 870 metros cuadrados de recintos de aluminio, principalmente <s>en<\/s> ventanas con perfil de hoja oculto, que ampl\u00edan al m\u00e1ximo la entrada de luz natural. Las ventanas presentan un dise\u00f1o con l\u00edneas rectas y m\u00e1xima ergonom\u00eda. Tambi\u00e9n se instalar\u00e1n puertas de altas prestaciones t\u00e9rmicas.<\/p>\n<p style=\"text-align: justify;\">Otras obras que <strong>GARCIA FAURA<\/strong> har\u00e1 en este hotel ser\u00e1n la instalaci\u00f3n de nuevas barandillas de vidrio y el reemplazo de todos los cristales de la pared cortina actual para otros de mejor rendimiento t\u00e9rmico y ac\u00fastico.<\/p>\n<p style=\"text-align: justify;\">El Gran Hotel Torre Catalunya es propiedad del grupo Selenta pero es gestionado por Nobu Hospitality. Selenta tiene actualmente seis hoteles, tres de ellos en Barcelona y el resto en Marbella, Tenerife y Valencia. En total dispone de 2.800 habitaciones y una plantilla de unas 1.400 personas.<\/p>\n","protected":false},"excerpt":{"rendered":"<p>GARCIA FAURA participar\u00e1 en la renovaci\u00f3n y rehabilitaci\u00f3n del Gran Hotel Torre Catalunya, en Barcelona, situado cerca de la estaci\u00f3n de Sants. El establecimiento, que se reinaugur\u00f3 en 2004, ya cuenta con las salas nobles, de spa y suites reformadas.&hellip;<\/p>\n","protected":false},"author":3,"featured_media":17184,"comment_status":"open","ping_status":"open","sticky":false,"template":"","format":"standard","meta":{"footnotes":""},"categories":[3],"tags":[],"post_series":[],"class_list":["post-17203","post","type-post","status-publish","format-standard","has-post-thumbnail","hentry","category-actualidad","entry","has-media"],"yoast_head":"<!-- This site is optimized with the Yoast SEO plugin v26.7 - https:\/\/yoast.com\/wordpress\/plugins\/seo\/ -->\n<title>Cerramientos de aluminio de GARCIA FAURA en el Gran Hotel Torre Catalunya - GARCIA FAURA<\/title>\n<meta name=\"description\" content=\"Arquitectura en Alumini, Inox, Ferro i Vidre\" \/>\n<meta name=\"robots\" content=\"index, follow, max-snippet:-1, max-image-preview:large, max-video-preview:-1\" \/>\n<link rel=\"canonical\" href=\"https:\/\/www.garciafaura.com\/es\/cerramientos-de-aluminio-de-garcia-faura-en-el-gran-hotel-torre-catalunya\/\" \/>\n<meta property=\"og:locale\" content=\"es_ES\" \/>\n<meta property=\"og:type\" content=\"article\" \/>\n<meta property=\"og:title\" content=\"Cerramientos de aluminio de GARCIA FAURA en el Gran Hotel Torre Catalunya - GARCIA FAURA\" \/>\n<meta property=\"og:description\" content=\"Arquitectura en Alumini, Inox, Ferro i Vidre\" \/>\n<meta property=\"og:url\" content=\"https:\/\/www.garciafaura.com\/es\/cerramientos-de-aluminio-de-garcia-faura-en-el-gran-hotel-torre-catalunya\/\" \/>\n<meta property=\"og:site_name\" content=\"GARCIA FAURA\" \/>\n<meta property=\"article:published_time\" content=\"2019-02-12T10:26:21+00:00\" \/>\n<meta property=\"article:modified_time\" content=\"2019-07-19T11:23:06+00:00\" \/>\n<meta property=\"og:image\" content=\"https:\/\/www.garciafaura.com\/wp-content\/uploads\/2019\/02\/hoteltorrecatalunya2.jpg\" \/>\n\t<meta property=\"og:image:width\" content=\"800\" \/>\n\t<meta property=\"og:image:height\" content=\"419\" \/>\n\t<meta property=\"og:image:type\" content=\"image\/jpeg\" \/>\n<meta name=\"author\" content=\"David Achell\" \/>\n<meta name=\"twitter:card\" content=\"summary_large_image\" \/>\n<meta name=\"twitter:label1\" content=\"Escrito por\" \/>\n\t<meta name=\"twitter:data1\" content=\"David Achell\" \/>\n\t<meta name=\"twitter:label2\" content=\"Tiempo de lectura\" \/>\n\t<meta name=\"twitter:data2\" content=\"1 minuto\" \/>\n<script type=\"application\/ld+json\" class=\"yoast-schema-graph\">{\"@context\":\"https:\/\/schema.org\",\"@graph\":[{\"@type\":\"Article\",\"@id\":\"https:\/\/www.garciafaura.com\/es\/cerramientos-de-aluminio-de-garcia-faura-en-el-gran-hotel-torre-catalunya\/#article\",\"isPartOf\":{\"@id\":\"https:\/\/www.garciafaura.com\/es\/cerramientos-de-aluminio-de-garcia-faura-en-el-gran-hotel-torre-catalunya\/\"},\"author\":{\"name\":\"David Achell\",\"@id\":\"https:\/\/www.garciafaura.com\/fr\/#\/schema\/person\/b4b75e69b33fac3446071909bec106b0\"},\"headline\":\"Cerramientos de aluminio de GARCIA FAURA en el Gran Hotel Torre Catalunya\",\"datePublished\":\"2019-02-12T10:26:21+00:00\",\"dateModified\":\"2019-07-19T11:23:06+00:00\",\"mainEntityOfPage\":{\"@id\":\"https:\/\/www.garciafaura.com\/es\/cerramientos-de-aluminio-de-garcia-faura-en-el-gran-hotel-torre-catalunya\/\"},\"wordCount\":267,\"commentCount\":0,\"publisher\":{\"@id\":\"https:\/\/www.garciafaura.com\/fr\/#organization\"},\"image\":{\"@id\":\"https:\/\/www.garciafaura.com\/es\/cerramientos-de-aluminio-de-garcia-faura-en-el-gran-hotel-torre-catalunya\/#primaryimage\"},\"thumbnailUrl\":\"https:\/\/www.garciafaura.com\/wp-content\/uploads\/2019\/02\/hoteltorrecatalunya2.jpg\",\"articleSection\":[\"Actualidad\"],\"inLanguage\":\"es\",\"potentialAction\":[{\"@type\":\"CommentAction\",\"name\":\"Comment\",\"target\":[\"https:\/\/www.garciafaura.com\/es\/cerramientos-de-aluminio-de-garcia-faura-en-el-gran-hotel-torre-catalunya\/#respond\"]}]},{\"@type\":\"WebPage\",\"@id\":\"https:\/\/www.garciafaura.com\/es\/cerramientos-de-aluminio-de-garcia-faura-en-el-gran-hotel-torre-catalunya\/\",\"url\":\"https:\/\/www.garciafaura.com\/es\/cerramientos-de-aluminio-de-garcia-faura-en-el-gran-hotel-torre-catalunya\/\",\"name\":\"Cerramientos de aluminio de GARCIA FAURA en el Gran Hotel Torre Catalunya - GARCIA FAURA\",\"isPartOf\":{\"@id\":\"https:\/\/www.garciafaura.com\/fr\/#website\"},\"primaryImageOfPage\":{\"@id\":\"https:\/\/www.garciafaura.com\/es\/cerramientos-de-aluminio-de-garcia-faura-en-el-gran-hotel-torre-catalunya\/#primaryimage\"},\"image\":{\"@id\":\"https:\/\/www.garciafaura.com\/es\/cerramientos-de-aluminio-de-garcia-faura-en-el-gran-hotel-torre-catalunya\/#primaryimage\"},\"thumbnailUrl\":\"https:\/\/www.garciafaura.com\/wp-content\/uploads\/2019\/02\/hoteltorrecatalunya2.jpg\",\"datePublished\":\"2019-02-12T10:26:21+00:00\",\"dateModified\":\"2019-07-19T11:23:06+00:00\",\"description\":\"Arquitectura en Alumini, Inox, Ferro i Vidre\",\"breadcrumb\":{\"@id\":\"https:\/\/www.garciafaura.com\/es\/cerramientos-de-aluminio-de-garcia-faura-en-el-gran-hotel-torre-catalunya\/#breadcrumb\"},\"inLanguage\":\"es\",\"potentialAction\":[{\"@type\":\"ReadAction\",\"target\":[\"https:\/\/www.garciafaura.com\/es\/cerramientos-de-aluminio-de-garcia-faura-en-el-gran-hotel-torre-catalunya\/\"]}]},{\"@type\":\"ImageObject\",\"inLanguage\":\"es\",\"@id\":\"https:\/\/www.garciafaura.com\/es\/cerramientos-de-aluminio-de-garcia-faura-en-el-gran-hotel-torre-catalunya\/#primaryimage\",\"url\":\"https:\/\/www.garciafaura.com\/wp-content\/uploads\/2019\/02\/hoteltorrecatalunya2.jpg\",\"contentUrl\":\"https:\/\/www.garciafaura.com\/wp-content\/uploads\/2019\/02\/hoteltorrecatalunya2.jpg\",\"width\":800,\"height\":419,\"caption\":\"Travaux de r\u00e9habilitation d'un h\u00f4tel du centre de Barcelone\"},{\"@type\":\"BreadcrumbList\",\"@id\":\"https:\/\/www.garciafaura.com\/es\/cerramientos-de-aluminio-de-garcia-faura-en-el-gran-hotel-torre-catalunya\/#breadcrumb\",\"itemListElement\":[{\"@type\":\"ListItem\",\"position\":1,\"name\":\"Inici\",\"item\":\"https:\/\/www.garciafaura.com\/es\/\"},{\"@type\":\"ListItem\",\"position\":2,\"name\":\"Cerramientos de aluminio de GARCIA FAURA en el Gran Hotel Torre Catalunya\"}]},{\"@type\":\"WebSite\",\"@id\":\"https:\/\/www.garciafaura.com\/fr\/#website\",\"url\":\"https:\/\/www.garciafaura.com\/fr\/\",\"name\":\"GARCIA FAURA\",\"description\":\"Arquitectura en Alumini, Inox, Ferro i Vidre\",\"publisher\":{\"@id\":\"https:\/\/www.garciafaura.com\/fr\/#organization\"},\"potentialAction\":[{\"@type\":\"SearchAction\",\"target\":{\"@type\":\"EntryPoint\",\"urlTemplate\":\"https:\/\/www.garciafaura.com\/fr\/?s={search_term_string}\"},\"query-input\":{\"@type\":\"PropertyValueSpecification\",\"valueRequired\":true,\"valueName\":\"search_term_string\"}}],\"inLanguage\":\"es\"},{\"@type\":\"Organization\",\"@id\":\"https:\/\/www.garciafaura.com\/fr\/#organization\",\"name\":\"GARCIA FAURA\",\"url\":\"https:\/\/www.garciafaura.com\/fr\/\",\"logo\":{\"@type\":\"ImageObject\",\"inLanguage\":\"es\",\"@id\":\"https:\/\/www.garciafaura.com\/fr\/#\/schema\/logo\/image\/\",\"url\":\"https:\/\/www.garciafaura.com\/wp-content\/uploads\/2018\/09\/Garcia-Faura.png\",\"contentUrl\":\"https:\/\/www.garciafaura.com\/wp-content\/uploads\/2018\/09\/Garcia-Faura.png\",\"width\":512,\"height\":512,\"caption\":\"GARCIA FAURA\"},\"image\":{\"@id\":\"https:\/\/www.garciafaura.com\/fr\/#\/schema\/logo\/image\/\"},\"sameAs\":[\"https:\/\/www.youtube.com\/user\/GARCIAFAURA\"]},{\"@type\":\"Person\",\"@id\":\"https:\/\/www.garciafaura.com\/fr\/#\/schema\/person\/b4b75e69b33fac3446071909bec106b0\",\"name\":\"David Achell\",\"image\":{\"@type\":\"ImageObject\",\"inLanguage\":\"es\",\"@id\":\"https:\/\/www.garciafaura.com\/fr\/#\/schema\/person\/image\/\",\"url\":\"https:\/\/secure.gravatar.com\/avatar\/03900210afc1f61bce737bcb4a79c02e2c997f171e3eca839b5a4cbe03846c90?s=96&d=blank&r=g\",\"contentUrl\":\"https:\/\/secure.gravatar.com\/avatar\/03900210afc1f61bce737bcb4a79c02e2c997f171e3eca839b5a4cbe03846c90?s=96&d=blank&r=g\",\"caption\":\"David Achell\"}}]}<\/script>\n<!-- \/ Yoast SEO plugin. -->","yoast_head_json":{"title":"Cerramientos de aluminio de GARCIA FAURA en el Gran Hotel Torre Catalunya - GARCIA FAURA","description":"Arquitectura en Alumini, Inox, Ferro i Vidre","robots":{"index":"index","follow":"follow","max-snippet":"max-snippet:-1","max-image-preview":"max-image-preview:large","max-video-preview":"max-video-preview:-1"},"canonical":"https:\/\/www.garciafaura.com\/es\/cerramientos-de-aluminio-de-garcia-faura-en-el-gran-hotel-torre-catalunya\/","og_locale":"es_ES","og_type":"article","og_title":"Cerramientos de aluminio de GARCIA FAURA en el Gran Hotel Torre Catalunya - GARCIA FAURA","og_description":"Arquitectura en Alumini, Inox, Ferro i Vidre","og_url":"https:\/\/www.garciafaura.com\/es\/cerramientos-de-aluminio-de-garcia-faura-en-el-gran-hotel-torre-catalunya\/","og_site_name":"GARCIA FAURA","article_published_time":"2019-02-12T10:26:21+00:00","article_modified_time":"2019-07-19T11:23:06+00:00","og_image":[{"width":800,"height":419,"url":"https:\/\/www.garciafaura.com\/wp-content\/uploads\/2019\/02\/hoteltorrecatalunya2.jpg","type":"image\/jpeg"}],"author":"David Achell","twitter_card":"summary_large_image","twitter_misc":{"Escrito por":"David Achell","Tiempo de lectura":"1 minuto"},"schema":{"@context":"https:\/\/schema.org","@graph":[{"@type":"Article","@id":"https:\/\/www.garciafaura.com\/es\/cerramientos-de-aluminio-de-garcia-faura-en-el-gran-hotel-torre-catalunya\/#article","isPartOf":{"@id":"https:\/\/www.garciafaura.com\/es\/cerramientos-de-aluminio-de-garcia-faura-en-el-gran-hotel-torre-catalunya\/"},"author":{"name":"David Achell","@id":"https:\/\/www.garciafaura.com\/fr\/#\/schema\/person\/b4b75e69b33fac3446071909bec106b0"},"headline":"Cerramientos de aluminio de GARCIA FAURA en el Gran Hotel Torre Catalunya","datePublished":"2019-02-12T10:26:21+00:00","dateModified":"2019-07-19T11:23:06+00:00","mainEntityOfPage":{"@id":"https:\/\/www.garciafaura.com\/es\/cerramientos-de-aluminio-de-garcia-faura-en-el-gran-hotel-torre-catalunya\/"},"wordCount":267,"commentCount":0,"publisher":{"@id":"https:\/\/www.garciafaura.com\/fr\/#organization"},"image":{"@id":"https:\/\/www.garciafaura.com\/es\/cerramientos-de-aluminio-de-garcia-faura-en-el-gran-hotel-torre-catalunya\/#primaryimage"},"thumbnailUrl":"https:\/\/www.garciafaura.com\/wp-content\/uploads\/2019\/02\/hoteltorrecatalunya2.jpg","articleSection":["Actualidad"],"inLanguage":"es","potentialAction":[{"@type":"CommentAction","name":"Comment","target":["https:\/\/www.garciafaura.com\/es\/cerramientos-de-aluminio-de-garcia-faura-en-el-gran-hotel-torre-catalunya\/#respond"]}]},{"@type":"WebPage","@id":"https:\/\/www.garciafaura.com\/es\/cerramientos-de-aluminio-de-garcia-faura-en-el-gran-hotel-torre-catalunya\/","url":"https:\/\/www.garciafaura.com\/es\/cerramientos-de-aluminio-de-garcia-faura-en-el-gran-hotel-torre-catalunya\/","name":"Cerramientos de aluminio de GARCIA FAURA en el Gran Hotel Torre Catalunya - GARCIA FAURA","isPartOf":{"@id":"https:\/\/www.garciafaura.com\/fr\/#website"},"primaryImageOfPage":{"@id":"https:\/\/www.garciafaura.com\/es\/cerramientos-de-aluminio-de-garcia-faura-en-el-gran-hotel-torre-catalunya\/#primaryimage"},"image":{"@id":"https:\/\/www.garciafaura.com\/es\/cerramientos-de-aluminio-de-garcia-faura-en-el-gran-hotel-torre-catalunya\/#primaryimage"},"thumbnailUrl":"https:\/\/www.garciafaura.com\/wp-content\/uploads\/2019\/02\/hoteltorrecatalunya2.jpg","datePublished":"2019-02-12T10:26:21+00:00","dateModified":"2019-07-19T11:23:06+00:00","description":"Arquitectura en Alumini, Inox, Ferro i Vidre","breadcrumb":{"@id":"https:\/\/www.garciafaura.com\/es\/cerramientos-de-aluminio-de-garcia-faura-en-el-gran-hotel-torre-catalunya\/#breadcrumb"},"inLanguage":"es","potentialAction":[{"@type":"ReadAction","target":["https:\/\/www.garciafaura.com\/es\/cerramientos-de-aluminio-de-garcia-faura-en-el-gran-hotel-torre-catalunya\/"]}]},{"@type":"ImageObject","inLanguage":"es","@id":"https:\/\/www.garciafaura.com\/es\/cerramientos-de-aluminio-de-garcia-faura-en-el-gran-hotel-torre-catalunya\/#primaryimage","url":"https:\/\/www.garciafaura.com\/wp-content\/uploads\/2019\/02\/hoteltorrecatalunya2.jpg","contentUrl":"https:\/\/www.garciafaura.com\/wp-content\/uploads\/2019\/02\/hoteltorrecatalunya2.jpg","width":800,"height":419,"caption":"Travaux de r\u00e9habilitation d'un h\u00f4tel du centre de Barcelone"},{"@type":"BreadcrumbList","@id":"https:\/\/www.garciafaura.com\/es\/cerramientos-de-aluminio-de-garcia-faura-en-el-gran-hotel-torre-catalunya\/#breadcrumb","itemListElement":[{"@type":"ListItem","position":1,"name":"Inici","item":"https:\/\/www.garciafaura.com\/es\/"},{"@type":"ListItem","position":2,"name":"Cerramientos de aluminio de GARCIA FAURA en el Gran Hotel Torre Catalunya"}]},{"@type":"WebSite","@id":"https:\/\/www.garciafaura.com\/fr\/#website","url":"https:\/\/www.garciafaura.com\/fr\/","name":"GARCIA FAURA","description":"Arquitectura en Alumini, Inox, Ferro i Vidre","publisher":{"@id":"https:\/\/www.garciafaura.com\/fr\/#organization"},"potentialAction":[{"@type":"SearchAction","target":{"@type":"EntryPoint","urlTemplate":"https:\/\/www.garciafaura.com\/fr\/?s={search_term_string}"},"query-input":{"@type":"PropertyValueSpecification","valueRequired":true,"valueName":"search_term_string"}}],"inLanguage":"es"},{"@type":"Organization","@id":"https:\/\/www.garciafaura.com\/fr\/#organization","name":"GARCIA FAURA","url":"https:\/\/www.garciafaura.com\/fr\/","logo":{"@type":"ImageObject","inLanguage":"es","@id":"https:\/\/www.garciafaura.com\/fr\/#\/schema\/logo\/image\/","url":"https:\/\/www.garciafaura.com\/wp-content\/uploads\/2018\/09\/Garcia-Faura.png","contentUrl":"https:\/\/www.garciafaura.com\/wp-content\/uploads\/2018\/09\/Garcia-Faura.png","width":512,"height":512,"caption":"GARCIA FAURA"},"image":{"@id":"https:\/\/www.garciafaura.com\/fr\/#\/schema\/logo\/image\/"},"sameAs":["https:\/\/www.youtube.com\/user\/GARCIAFAURA"]},{"@type":"Person","@id":"https:\/\/www.garciafaura.com\/fr\/#\/schema\/person\/b4b75e69b33fac3446071909bec106b0","name":"David Achell","image":{"@type":"ImageObject","inLanguage":"es","@id":"https:\/\/www.garciafaura.com\/fr\/#\/schema\/person\/image\/","url":"https:\/\/secure.gravatar.com\/avatar\/03900210afc1f61bce737bcb4a79c02e2c997f171e3eca839b5a4cbe03846c90?s=96&d=blank&r=g","contentUrl":"https:\/\/secure.gravatar.com\/avatar\/03900210afc1f61bce737bcb4a79c02e2c997f171e3eca839b5a4cbe03846c90?s=96&d=blank&r=g","caption":"David Achell"}}]}},"_links":{"self":[{"href":"https:\/\/www.garciafaura.com\/es\/wp-json\/wp\/v2\/posts\/17203","targetHints":{"allow":["GET"]}}],"collection":[{"href":"https:\/\/www.garciafaura.com\/es\/wp-json\/wp\/v2\/posts"}],"about":[{"href":"https:\/\/www.garciafaura.com\/es\/wp-json\/wp\/v2\/types\/post"}],"author":[{"embeddable":true,"href":"https:\/\/www.garciafaura.com\/es\/wp-json\/wp\/v2\/users\/3"}],"replies":[{"embeddable":true,"href":"https:\/\/www.garciafaura.com\/es\/wp-json\/wp\/v2\/comments?post=17203"}],"version-history":[{"count":1,"href":"https:\/\/www.garciafaura.com\/es\/wp-json\/wp\/v2\/posts\/17203\/revisions"}],"predecessor-version":[{"id":17457,"href":"https:\/\/www.garciafaura.com\/es\/wp-json\/wp\/v2\/posts\/17203\/revisions\/17457"}],"wp:featuredmedia":[{"embeddable":true,"href":"https:\/\/www.garciafaura.com\/es\/wp-json\/wp\/v2\/media\/17184"}],"wp:attachment":[{"href":"https:\/\/www.garciafaura.com\/es\/wp-json\/wp\/v2\/media?parent=17203"}],"wp:term":[{"taxonomy":"category","embeddable":true,"href":"https:\/\/www.garciafaura.com\/es\/wp-json\/wp\/v2\/categories?post=17203"},{"taxonomy":"post_tag","embeddable":true,"href":"https:\/\/www.garciafaura.com\/es\/wp-json\/wp\/v2\/tags?post=17203"},{"taxonomy":"post_series","embeddable":true,"href":"https:\/\/www.garciafaura.com\/es\/wp-json\/wp\/v2\/post_series?post=17203"}],"curies":[{"name":"wp","href":"https:\/\/api.w.org\/{rel}","templated":true}]}}