{"id":17197,"date":"2019-02-11T16:07:37","date_gmt":"2019-02-11T16:07:37","guid":{"rendered":"https:\/\/www.garciafaura.com\/garcia-faura-empieza-el-ano-con-grandes-retos-constructivos\/"},"modified":"2019-07-19T11:23:10","modified_gmt":"2019-07-19T11:23:10","slug":"garcia-faura-empieza-el-ano-con-grandes-retos-constructivos","status":"publish","type":"post","link":"https:\/\/www.garciafaura.com\/es\/garcia-faura-empieza-el-ano-con-grandes-retos-constructivos\/","title":{"rendered":"GARCIA FAURA empieza el a\u00f1o con grandes retos constructivos"},"content":{"rendered":"<p style=\"text-align: justify;\"><strong>Garcia FAURA<\/strong> est\u00e1 comenzando el nuevo a\u00f1o con grandes retos constructivos en la cartera. Algunos de ellos ya est\u00e1n en marcha en varias localidades de Espa\u00f1a y tambi\u00e9n en Francia y Luxemburgo. Adem\u00e1s, la empresa est\u00e1 trabajando para conseguir las nuevas propuestas que salgan en licitaci\u00f3n. En resumen, un trimestre que se presenta con mucha intensidad para los equipos t\u00e9cnico y operativo de la empresa.<\/p>\n<p style=\"text-align: justify;\">De entre los proyectos que ya est\u00e1n en marcha en Espa\u00f1a destacan la ejecuci\u00f3n del centro comercial Palmas Altas de Sevilla, el m\u00e1s grande de Andaluc\u00eda, donde la empresa desarrollar\u00e1, fabricar\u00e1 e instalar\u00e1 1.800 metros cuadrados de muro cortina, y 3.500 metros cuadrados de lucernarios de tipo triangular, rectangular y trapezoidal.<\/p>\n<p style=\"text-align: justify;\">Otro gran proyecto en el que participa <strong>GARCIA FAURA<\/strong> es la renovaci\u00f3n del aeropuerto son Sant Joan de Palma de Mallorca. La empresa fabricar\u00e1 y montar\u00e1 575 metros cuadrados de cerramientos de aluminio para los ejecutorios y un tragaluz de 2.500 metros cuadrados dise\u00f1ada a dos aguas con perfiles de aluminio de muro cortina, a m\u00e1s de 21 unidades de muros cortina curvos con perfiler\u00eda de aluminio que suman 1.350 metros cuadrados.<\/p>\n<p style=\"text-align: justify;\">Por \u00faltimo, cabe destacar el gran proyecto residencial Diagonal Zero, en Barcelona, por el que <strong>GARCIA FAURA<\/strong> realizar\u00e1 diversas obras de carpinter\u00eda de aluminio, cerramientos y vidrios.<\/p>\n<p style=\"text-align: justify;\">A nivel internacional, <strong>GARCIA FAURA<\/strong> continuar\u00e1 trabajando para la consolidaci\u00f3n de los mercados franc\u00f3fono. As\u00ed, por ejemplo, la empresa est\u00e1 implicada en la rehabilitaci\u00f3n de un inmueble del siglo XIX del emblem\u00e1tico bulevar Haussmann de Par\u00eds para convertirlo en un edificio de oficinas moderno y funcional, manteniendo s\u00f3lo la est\u00e9tica de la fachada exterior.<\/p>\n<p style=\"text-align: justify;\">Al norte de la capital francesa, <strong>GARCIA FAURA<\/strong> participa en la construcci\u00f3n del campus universitario Condorcet con la instalaci\u00f3n de cierres de aluminio y de un muro cortina mixto de acero de unos 1.500 metros cuadrados. Y en la ciudad de Nanterre, la empresa realizar\u00e1 trabajos de carpinter\u00eda de aluminio y muro cortina, entre otros, para un complejo de oficinas.<\/p>\n<p style=\"text-align: justify;\">Y por primera vez, <strong>GARCIA FAURA<\/strong> traer\u00e1 su trabajo a la ciudad de Luxemburgo, donde la empresa va a participar en la construcci\u00f3n de un hotel y un edificio de oficinas. Se trata de unos proyectos donde se realizar\u00e1n trabajos de carpinter\u00eda de aluminio de altas prestaciones y m\u00e1xima calidad.<\/p>\n","protected":false},"excerpt":{"rendered":"<p>Garcia FAURA est\u00e1 comenzando el nuevo a\u00f1o con grandes retos constructivos en la cartera. Algunos de ellos ya est\u00e1n en marcha en varias localidades de Espa\u00f1a y tambi\u00e9n en Francia y Luxemburgo. Adem\u00e1s, la empresa est\u00e1 trabajando para conseguir las&hellip;<\/p>\n","protected":false},"author":3,"featured_media":17172,"comment_status":"open","ping_status":"open","sticky":false,"template":"","format":"standard","meta":{"footnotes":""},"categories":[3],"tags":[],"post_series":[],"class_list":["post-17197","post","type-post","status-publish","format-standard","has-post-thumbnail","hentry","category-actualidad","entry","has-media"],"yoast_head":"<!-- This site is optimized with the Yoast SEO plugin v26.7 - https:\/\/yoast.com\/wordpress\/plugins\/seo\/ -->\n<title>GARCIA FAURA empieza el a\u00f1o con grandes retos constructivos - GARCIA FAURA<\/title>\n<meta name=\"description\" content=\"Arquitectura en Alumini, Inox, Ferro i Vidre\" \/>\n<meta name=\"robots\" content=\"index, follow, max-snippet:-1, max-image-preview:large, max-video-preview:-1\" \/>\n<link rel=\"canonical\" href=\"https:\/\/www.garciafaura.com\/es\/garcia-faura-empieza-el-ano-con-grandes-retos-constructivos\/\" \/>\n<meta property=\"og:locale\" content=\"es_ES\" \/>\n<meta property=\"og:type\" content=\"article\" \/>\n<meta property=\"og:title\" content=\"GARCIA FAURA empieza el a\u00f1o con grandes retos constructivos - GARCIA FAURA\" \/>\n<meta property=\"og:description\" content=\"Arquitectura en Alumini, Inox, Ferro i Vidre\" \/>\n<meta property=\"og:url\" content=\"https:\/\/www.garciafaura.com\/es\/garcia-faura-empieza-el-ano-con-grandes-retos-constructivos\/\" \/>\n<meta property=\"og:site_name\" content=\"GARCIA FAURA\" \/>\n<meta property=\"article:published_time\" content=\"2019-02-11T16:07:37+00:00\" \/>\n<meta property=\"article:modified_time\" content=\"2019-07-19T11:23:10+00:00\" \/>\n<meta property=\"og:image\" content=\"https:\/\/www.garciafaura.com\/wp-content\/uploads\/2019\/02\/nanterre_archipel.jpg\" \/>\n\t<meta property=\"og:image:width\" content=\"800\" \/>\n\t<meta property=\"og:image:height\" content=\"450\" \/>\n\t<meta property=\"og:image:type\" content=\"image\/jpeg\" \/>\n<meta name=\"author\" content=\"David Achell\" \/>\n<meta name=\"twitter:card\" content=\"summary_large_image\" \/>\n<meta name=\"twitter:label1\" content=\"Escrito por\" \/>\n\t<meta name=\"twitter:data1\" content=\"David Achell\" \/>\n\t<meta name=\"twitter:label2\" content=\"Tiempo de lectura\" \/>\n\t<meta name=\"twitter:data2\" content=\"2 minutos\" \/>\n<script type=\"application\/ld+json\" class=\"yoast-schema-graph\">{\"@context\":\"https:\/\/schema.org\",\"@graph\":[{\"@type\":\"Article\",\"@id\":\"https:\/\/www.garciafaura.com\/es\/garcia-faura-empieza-el-ano-con-grandes-retos-constructivos\/#article\",\"isPartOf\":{\"@id\":\"https:\/\/www.garciafaura.com\/es\/garcia-faura-empieza-el-ano-con-grandes-retos-constructivos\/\"},\"author\":{\"name\":\"David Achell\",\"@id\":\"https:\/\/www.garciafaura.com\/fr\/#\/schema\/person\/b4b75e69b33fac3446071909bec106b0\"},\"headline\":\"GARCIA FAURA empieza el a\u00f1o con grandes retos constructivos\",\"datePublished\":\"2019-02-11T16:07:37+00:00\",\"dateModified\":\"2019-07-19T11:23:10+00:00\",\"mainEntityOfPage\":{\"@id\":\"https:\/\/www.garciafaura.com\/es\/garcia-faura-empieza-el-ano-con-grandes-retos-constructivos\/\"},\"wordCount\":413,\"commentCount\":0,\"publisher\":{\"@id\":\"https:\/\/www.garciafaura.com\/fr\/#organization\"},\"image\":{\"@id\":\"https:\/\/www.garciafaura.com\/es\/garcia-faura-empieza-el-ano-con-grandes-retos-constructivos\/#primaryimage\"},\"thumbnailUrl\":\"https:\/\/www.garciafaura.com\/wp-content\/uploads\/2019\/02\/nanterre_archipel.jpg\",\"articleSection\":[\"Actualidad\"],\"inLanguage\":\"es\",\"potentialAction\":[{\"@type\":\"CommentAction\",\"name\":\"Comment\",\"target\":[\"https:\/\/www.garciafaura.com\/es\/garcia-faura-empieza-el-ano-con-grandes-retos-constructivos\/#respond\"]}]},{\"@type\":\"WebPage\",\"@id\":\"https:\/\/www.garciafaura.com\/es\/garcia-faura-empieza-el-ano-con-grandes-retos-constructivos\/\",\"url\":\"https:\/\/www.garciafaura.com\/es\/garcia-faura-empieza-el-ano-con-grandes-retos-constructivos\/\",\"name\":\"GARCIA FAURA empieza el a\u00f1o con grandes retos constructivos - GARCIA FAURA\",\"isPartOf\":{\"@id\":\"https:\/\/www.garciafaura.com\/fr\/#website\"},\"primaryImageOfPage\":{\"@id\":\"https:\/\/www.garciafaura.com\/es\/garcia-faura-empieza-el-ano-con-grandes-retos-constructivos\/#primaryimage\"},\"image\":{\"@id\":\"https:\/\/www.garciafaura.com\/es\/garcia-faura-empieza-el-ano-con-grandes-retos-constructivos\/#primaryimage\"},\"thumbnailUrl\":\"https:\/\/www.garciafaura.com\/wp-content\/uploads\/2019\/02\/nanterre_archipel.jpg\",\"datePublished\":\"2019-02-11T16:07:37+00:00\",\"dateModified\":\"2019-07-19T11:23:10+00:00\",\"description\":\"Arquitectura en Alumini, Inox, Ferro i Vidre\",\"breadcrumb\":{\"@id\":\"https:\/\/www.garciafaura.com\/es\/garcia-faura-empieza-el-ano-con-grandes-retos-constructivos\/#breadcrumb\"},\"inLanguage\":\"es\",\"potentialAction\":[{\"@type\":\"ReadAction\",\"target\":[\"https:\/\/www.garciafaura.com\/es\/garcia-faura-empieza-el-ano-con-grandes-retos-constructivos\/\"]}]},{\"@type\":\"ImageObject\",\"inLanguage\":\"es\",\"@id\":\"https:\/\/www.garciafaura.com\/es\/garcia-faura-empieza-el-ano-con-grandes-retos-constructivos\/#primaryimage\",\"url\":\"https:\/\/www.garciafaura.com\/wp-content\/uploads\/2019\/02\/nanterre_archipel.jpg\",\"contentUrl\":\"https:\/\/www.garciafaura.com\/wp-content\/uploads\/2019\/02\/nanterre_archipel.jpg\",\"width\":800,\"height\":450,\"caption\":\"Travaux pour nouveau b\u00e2timent \u00e0 Nanterre, France\"},{\"@type\":\"BreadcrumbList\",\"@id\":\"https:\/\/www.garciafaura.com\/es\/garcia-faura-empieza-el-ano-con-grandes-retos-constructivos\/#breadcrumb\",\"itemListElement\":[{\"@type\":\"ListItem\",\"position\":1,\"name\":\"Inici\",\"item\":\"https:\/\/www.garciafaura.com\/es\/\"},{\"@type\":\"ListItem\",\"position\":2,\"name\":\"GARCIA FAURA empieza el a\u00f1o con grandes retos constructivos\"}]},{\"@type\":\"WebSite\",\"@id\":\"https:\/\/www.garciafaura.com\/fr\/#website\",\"url\":\"https:\/\/www.garciafaura.com\/fr\/\",\"name\":\"GARCIA FAURA\",\"description\":\"Arquitectura en Alumini, Inox, Ferro i Vidre\",\"publisher\":{\"@id\":\"https:\/\/www.garciafaura.com\/fr\/#organization\"},\"potentialAction\":[{\"@type\":\"SearchAction\",\"target\":{\"@type\":\"EntryPoint\",\"urlTemplate\":\"https:\/\/www.garciafaura.com\/fr\/?s={search_term_string}\"},\"query-input\":{\"@type\":\"PropertyValueSpecification\",\"valueRequired\":true,\"valueName\":\"search_term_string\"}}],\"inLanguage\":\"es\"},{\"@type\":\"Organization\",\"@id\":\"https:\/\/www.garciafaura.com\/fr\/#organization\",\"name\":\"GARCIA FAURA\",\"url\":\"https:\/\/www.garciafaura.com\/fr\/\",\"logo\":{\"@type\":\"ImageObject\",\"inLanguage\":\"es\",\"@id\":\"https:\/\/www.garciafaura.com\/fr\/#\/schema\/logo\/image\/\",\"url\":\"https:\/\/www.garciafaura.com\/wp-content\/uploads\/2018\/09\/Garcia-Faura.png\",\"contentUrl\":\"https:\/\/www.garciafaura.com\/wp-content\/uploads\/2018\/09\/Garcia-Faura.png\",\"width\":512,\"height\":512,\"caption\":\"GARCIA FAURA\"},\"image\":{\"@id\":\"https:\/\/www.garciafaura.com\/fr\/#\/schema\/logo\/image\/\"},\"sameAs\":[\"https:\/\/www.youtube.com\/user\/GARCIAFAURA\"]},{\"@type\":\"Person\",\"@id\":\"https:\/\/www.garciafaura.com\/fr\/#\/schema\/person\/b4b75e69b33fac3446071909bec106b0\",\"name\":\"David Achell\",\"image\":{\"@type\":\"ImageObject\",\"inLanguage\":\"es\",\"@id\":\"https:\/\/www.garciafaura.com\/fr\/#\/schema\/person\/image\/\",\"url\":\"https:\/\/secure.gravatar.com\/avatar\/03900210afc1f61bce737bcb4a79c02e2c997f171e3eca839b5a4cbe03846c90?s=96&d=blank&r=g\",\"contentUrl\":\"https:\/\/secure.gravatar.com\/avatar\/03900210afc1f61bce737bcb4a79c02e2c997f171e3eca839b5a4cbe03846c90?s=96&d=blank&r=g\",\"caption\":\"David Achell\"}}]}<\/script>\n<!-- \/ Yoast SEO plugin. -->","yoast_head_json":{"title":"GARCIA FAURA empieza el a\u00f1o con grandes retos constructivos - GARCIA FAURA","description":"Arquitectura en Alumini, Inox, Ferro i Vidre","robots":{"index":"index","follow":"follow","max-snippet":"max-snippet:-1","max-image-preview":"max-image-preview:large","max-video-preview":"max-video-preview:-1"},"canonical":"https:\/\/www.garciafaura.com\/es\/garcia-faura-empieza-el-ano-con-grandes-retos-constructivos\/","og_locale":"es_ES","og_type":"article","og_title":"GARCIA FAURA empieza el a\u00f1o con grandes retos constructivos - GARCIA FAURA","og_description":"Arquitectura en Alumini, Inox, Ferro i Vidre","og_url":"https:\/\/www.garciafaura.com\/es\/garcia-faura-empieza-el-ano-con-grandes-retos-constructivos\/","og_site_name":"GARCIA FAURA","article_published_time":"2019-02-11T16:07:37+00:00","article_modified_time":"2019-07-19T11:23:10+00:00","og_image":[{"width":800,"height":450,"url":"https:\/\/www.garciafaura.com\/wp-content\/uploads\/2019\/02\/nanterre_archipel.jpg","type":"image\/jpeg"}],"author":"David Achell","twitter_card":"summary_large_image","twitter_misc":{"Escrito por":"David Achell","Tiempo de lectura":"2 minutos"},"schema":{"@context":"https:\/\/schema.org","@graph":[{"@type":"Article","@id":"https:\/\/www.garciafaura.com\/es\/garcia-faura-empieza-el-ano-con-grandes-retos-constructivos\/#article","isPartOf":{"@id":"https:\/\/www.garciafaura.com\/es\/garcia-faura-empieza-el-ano-con-grandes-retos-constructivos\/"},"author":{"name":"David Achell","@id":"https:\/\/www.garciafaura.com\/fr\/#\/schema\/person\/b4b75e69b33fac3446071909bec106b0"},"headline":"GARCIA FAURA empieza el a\u00f1o con grandes retos constructivos","datePublished":"2019-02-11T16:07:37+00:00","dateModified":"2019-07-19T11:23:10+00:00","mainEntityOfPage":{"@id":"https:\/\/www.garciafaura.com\/es\/garcia-faura-empieza-el-ano-con-grandes-retos-constructivos\/"},"wordCount":413,"commentCount":0,"publisher":{"@id":"https:\/\/www.garciafaura.com\/fr\/#organization"},"image":{"@id":"https:\/\/www.garciafaura.com\/es\/garcia-faura-empieza-el-ano-con-grandes-retos-constructivos\/#primaryimage"},"thumbnailUrl":"https:\/\/www.garciafaura.com\/wp-content\/uploads\/2019\/02\/nanterre_archipel.jpg","articleSection":["Actualidad"],"inLanguage":"es","potentialAction":[{"@type":"CommentAction","name":"Comment","target":["https:\/\/www.garciafaura.com\/es\/garcia-faura-empieza-el-ano-con-grandes-retos-constructivos\/#respond"]}]},{"@type":"WebPage","@id":"https:\/\/www.garciafaura.com\/es\/garcia-faura-empieza-el-ano-con-grandes-retos-constructivos\/","url":"https:\/\/www.garciafaura.com\/es\/garcia-faura-empieza-el-ano-con-grandes-retos-constructivos\/","name":"GARCIA FAURA empieza el a\u00f1o con grandes retos constructivos - GARCIA FAURA","isPartOf":{"@id":"https:\/\/www.garciafaura.com\/fr\/#website"},"primaryImageOfPage":{"@id":"https:\/\/www.garciafaura.com\/es\/garcia-faura-empieza-el-ano-con-grandes-retos-constructivos\/#primaryimage"},"image":{"@id":"https:\/\/www.garciafaura.com\/es\/garcia-faura-empieza-el-ano-con-grandes-retos-constructivos\/#primaryimage"},"thumbnailUrl":"https:\/\/www.garciafaura.com\/wp-content\/uploads\/2019\/02\/nanterre_archipel.jpg","datePublished":"2019-02-11T16:07:37+00:00","dateModified":"2019-07-19T11:23:10+00:00","description":"Arquitectura en Alumini, Inox, Ferro i Vidre","breadcrumb":{"@id":"https:\/\/www.garciafaura.com\/es\/garcia-faura-empieza-el-ano-con-grandes-retos-constructivos\/#breadcrumb"},"inLanguage":"es","potentialAction":[{"@type":"ReadAction","target":["https:\/\/www.garciafaura.com\/es\/garcia-faura-empieza-el-ano-con-grandes-retos-constructivos\/"]}]},{"@type":"ImageObject","inLanguage":"es","@id":"https:\/\/www.garciafaura.com\/es\/garcia-faura-empieza-el-ano-con-grandes-retos-constructivos\/#primaryimage","url":"https:\/\/www.garciafaura.com\/wp-content\/uploads\/2019\/02\/nanterre_archipel.jpg","contentUrl":"https:\/\/www.garciafaura.com\/wp-content\/uploads\/2019\/02\/nanterre_archipel.jpg","width":800,"height":450,"caption":"Travaux pour nouveau b\u00e2timent \u00e0 Nanterre, France"},{"@type":"BreadcrumbList","@id":"https:\/\/www.garciafaura.com\/es\/garcia-faura-empieza-el-ano-con-grandes-retos-constructivos\/#breadcrumb","itemListElement":[{"@type":"ListItem","position":1,"name":"Inici","item":"https:\/\/www.garciafaura.com\/es\/"},{"@type":"ListItem","position":2,"name":"GARCIA FAURA empieza el a\u00f1o con grandes retos constructivos"}]},{"@type":"WebSite","@id":"https:\/\/www.garciafaura.com\/fr\/#website","url":"https:\/\/www.garciafaura.com\/fr\/","name":"GARCIA FAURA","description":"Arquitectura en Alumini, Inox, Ferro i Vidre","publisher":{"@id":"https:\/\/www.garciafaura.com\/fr\/#organization"},"potentialAction":[{"@type":"SearchAction","target":{"@type":"EntryPoint","urlTemplate":"https:\/\/www.garciafaura.com\/fr\/?s={search_term_string}"},"query-input":{"@type":"PropertyValueSpecification","valueRequired":true,"valueName":"search_term_string"}}],"inLanguage":"es"},{"@type":"Organization","@id":"https:\/\/www.garciafaura.com\/fr\/#organization","name":"GARCIA FAURA","url":"https:\/\/www.garciafaura.com\/fr\/","logo":{"@type":"ImageObject","inLanguage":"es","@id":"https:\/\/www.garciafaura.com\/fr\/#\/schema\/logo\/image\/","url":"https:\/\/www.garciafaura.com\/wp-content\/uploads\/2018\/09\/Garcia-Faura.png","contentUrl":"https:\/\/www.garciafaura.com\/wp-content\/uploads\/2018\/09\/Garcia-Faura.png","width":512,"height":512,"caption":"GARCIA FAURA"},"image":{"@id":"https:\/\/www.garciafaura.com\/fr\/#\/schema\/logo\/image\/"},"sameAs":["https:\/\/www.youtube.com\/user\/GARCIAFAURA"]},{"@type":"Person","@id":"https:\/\/www.garciafaura.com\/fr\/#\/schema\/person\/b4b75e69b33fac3446071909bec106b0","name":"David Achell","image":{"@type":"ImageObject","inLanguage":"es","@id":"https:\/\/www.garciafaura.com\/fr\/#\/schema\/person\/image\/","url":"https:\/\/secure.gravatar.com\/avatar\/03900210afc1f61bce737bcb4a79c02e2c997f171e3eca839b5a4cbe03846c90?s=96&d=blank&r=g","contentUrl":"https:\/\/secure.gravatar.com\/avatar\/03900210afc1f61bce737bcb4a79c02e2c997f171e3eca839b5a4cbe03846c90?s=96&d=blank&r=g","caption":"David Achell"}}]}},"_links":{"self":[{"href":"https:\/\/www.garciafaura.com\/es\/wp-json\/wp\/v2\/posts\/17197","targetHints":{"allow":["GET"]}}],"collection":[{"href":"https:\/\/www.garciafaura.com\/es\/wp-json\/wp\/v2\/posts"}],"about":[{"href":"https:\/\/www.garciafaura.com\/es\/wp-json\/wp\/v2\/types\/post"}],"author":[{"embeddable":true,"href":"https:\/\/www.garciafaura.com\/es\/wp-json\/wp\/v2\/users\/3"}],"replies":[{"embeddable":true,"href":"https:\/\/www.garciafaura.com\/es\/wp-json\/wp\/v2\/comments?post=17197"}],"version-history":[{"count":1,"href":"https:\/\/www.garciafaura.com\/es\/wp-json\/wp\/v2\/posts\/17197\/revisions"}],"predecessor-version":[{"id":21507,"href":"https:\/\/www.garciafaura.com\/es\/wp-json\/wp\/v2\/posts\/17197\/revisions\/21507"}],"wp:featuredmedia":[{"embeddable":true,"href":"https:\/\/www.garciafaura.com\/es\/wp-json\/wp\/v2\/media\/17172"}],"wp:attachment":[{"href":"https:\/\/www.garciafaura.com\/es\/wp-json\/wp\/v2\/media?parent=17197"}],"wp:term":[{"taxonomy":"category","embeddable":true,"href":"https:\/\/www.garciafaura.com\/es\/wp-json\/wp\/v2\/categories?post=17197"},{"taxonomy":"post_tag","embeddable":true,"href":"https:\/\/www.garciafaura.com\/es\/wp-json\/wp\/v2\/tags?post=17197"},{"taxonomy":"post_series","embeddable":true,"href":"https:\/\/www.garciafaura.com\/es\/wp-json\/wp\/v2\/post_series?post=17197"}],"curies":[{"name":"wp","href":"https:\/\/api.w.org\/{rel}","templated":true}]}}