{"id":17193,"date":"2019-02-11T15:45:37","date_gmt":"2019-02-11T15:45:37","guid":{"rendered":"https:\/\/www.garciafaura.com\/mencion-especial-para-garcia-faura-en-los-premios-pyme-2018-barcelona\/"},"modified":"2019-07-19T11:23:12","modified_gmt":"2019-07-19T11:23:12","slug":"mencion-especial-para-garcia-faura-en-los-premios-pyme-2018-barcelona","status":"publish","type":"post","link":"https:\/\/www.garciafaura.com\/es\/mencion-especial-para-garcia-faura-en-los-premios-pyme-2018-barcelona\/","title":{"rendered":"Menci\u00f3n especial para GARCIA FAURA en los premios PYME 2018 Barcelona"},"content":{"rendered":"<p style=\"text-align: justify;\"><strong>Garcia FAURA<\/strong> ha recibido un premio especial en el marco de los premios PYME que distinguen a las mejores peque\u00f1as y medianas empresas de la provincia de Barcelona del a\u00f1o 2018. El acc\u00e9sit reconoce la labor de la empresa en el \u00e1mbito del fomento de empleo.<\/p>\n<p style=\"text-align: justify;\">Los Premios PYME los otorga un jurado de expertos bajo la convocatoria del Banco Santander, la C\u00e1mara de Comercio de Espa\u00f1a y el diario La Vanguardia. Se otorga a empresas que destacan por la generaci\u00f3n de empleo y de riqueza en su territorio. La familia Faura, quien recogi\u00f3 el premio en la gala celebrada el martes 18 de diciembre, quiso destacar que estas dos premisas han sido siempre el motor de la empresa: la voluntad de crear puestos de trabajo y de contribuir al desarrollo econ\u00f3mico de la su ciudad y del sector en el que proyecta su actividad.<\/p>\n<p style=\"text-align: justify;\">Manel Faura y Brugu\u00e9s Faura agradecieron la menci\u00f3n especial recibida en el marco de una ceremonia que tambi\u00e9n ha distinguido la labor de otras tres empresas de la provincia.<\/p>\n","protected":false},"excerpt":{"rendered":"<p>Garcia FAURA ha recibido un premio especial en el marco de los premios PYME que distinguen a las mejores peque\u00f1as y medianas empresas de la provincia de Barcelona del a\u00f1o 2018. El acc\u00e9sit reconoce la labor de la empresa en&hellip;<\/p>\n","protected":false},"author":3,"featured_media":17162,"comment_status":"open","ping_status":"open","sticky":false,"template":"","format":"standard","meta":{"footnotes":""},"categories":[3],"tags":[],"post_series":[],"class_list":["post-17193","post","type-post","status-publish","format-standard","has-post-thumbnail","hentry","category-actualidad","entry","has-media"],"yoast_head":"<!-- This site is optimized with the Yoast SEO plugin v26.7 - https:\/\/yoast.com\/wordpress\/plugins\/seo\/ -->\n<title>Menci\u00f3n especial para GARCIA FAURA en los premios PYME 2018 Barcelona - GARCIA FAURA<\/title>\n<meta name=\"description\" content=\"Arquitectura en Alumini, Inox, Ferro i Vidre\" \/>\n<meta name=\"robots\" content=\"index, follow, max-snippet:-1, max-image-preview:large, max-video-preview:-1\" \/>\n<link rel=\"canonical\" href=\"https:\/\/www.garciafaura.com\/es\/mencion-especial-para-garcia-faura-en-los-premios-pyme-2018-barcelona\/\" \/>\n<meta property=\"og:locale\" content=\"es_ES\" \/>\n<meta property=\"og:type\" content=\"article\" \/>\n<meta property=\"og:title\" content=\"Menci\u00f3n especial para GARCIA FAURA en los premios PYME 2018 Barcelona - GARCIA FAURA\" \/>\n<meta property=\"og:description\" content=\"Arquitectura en Alumini, Inox, Ferro i Vidre\" \/>\n<meta property=\"og:url\" content=\"https:\/\/www.garciafaura.com\/es\/mencion-especial-para-garcia-faura-en-los-premios-pyme-2018-barcelona\/\" \/>\n<meta property=\"og:site_name\" content=\"GARCIA FAURA\" \/>\n<meta property=\"article:published_time\" content=\"2019-02-11T15:45:37+00:00\" \/>\n<meta property=\"article:modified_time\" content=\"2019-07-19T11:23:12+00:00\" \/>\n<meta property=\"og:image\" content=\"https:\/\/www.garciafaura.com\/wp-content\/uploads\/2019\/02\/img-20181218-wa0006.jpg\" \/>\n\t<meta property=\"og:image:width\" content=\"800\" \/>\n\t<meta property=\"og:image:height\" content=\"600\" \/>\n\t<meta property=\"og:image:type\" content=\"image\/jpeg\" \/>\n<meta name=\"author\" content=\"David Achell\" \/>\n<meta name=\"twitter:card\" content=\"summary_large_image\" \/>\n<meta name=\"twitter:label1\" content=\"Escrito por\" \/>\n\t<meta name=\"twitter:data1\" content=\"David Achell\" \/>\n\t<meta name=\"twitter:label2\" content=\"Tiempo de lectura\" \/>\n\t<meta name=\"twitter:data2\" content=\"1 minuto\" \/>\n<script type=\"application\/ld+json\" class=\"yoast-schema-graph\">{\"@context\":\"https:\/\/schema.org\",\"@graph\":[{\"@type\":\"Article\",\"@id\":\"https:\/\/www.garciafaura.com\/es\/mencion-especial-para-garcia-faura-en-los-premios-pyme-2018-barcelona\/#article\",\"isPartOf\":{\"@id\":\"https:\/\/www.garciafaura.com\/es\/mencion-especial-para-garcia-faura-en-los-premios-pyme-2018-barcelona\/\"},\"author\":{\"name\":\"David Achell\",\"@id\":\"https:\/\/www.garciafaura.com\/fr\/#\/schema\/person\/b4b75e69b33fac3446071909bec106b0\"},\"headline\":\"Menci\u00f3n especial para GARCIA FAURA en los premios PYME 2018 Barcelona\",\"datePublished\":\"2019-02-11T15:45:37+00:00\",\"dateModified\":\"2019-07-19T11:23:12+00:00\",\"mainEntityOfPage\":{\"@id\":\"https:\/\/www.garciafaura.com\/es\/mencion-especial-para-garcia-faura-en-los-premios-pyme-2018-barcelona\/\"},\"wordCount\":193,\"commentCount\":0,\"publisher\":{\"@id\":\"https:\/\/www.garciafaura.com\/fr\/#organization\"},\"image\":{\"@id\":\"https:\/\/www.garciafaura.com\/es\/mencion-especial-para-garcia-faura-en-los-premios-pyme-2018-barcelona\/#primaryimage\"},\"thumbnailUrl\":\"https:\/\/www.garciafaura.com\/wp-content\/uploads\/2019\/02\/img-20181218-wa0006.jpg\",\"articleSection\":[\"Actualidad\"],\"inLanguage\":\"es\",\"potentialAction\":[{\"@type\":\"CommentAction\",\"name\":\"Comment\",\"target\":[\"https:\/\/www.garciafaura.com\/es\/mencion-especial-para-garcia-faura-en-los-premios-pyme-2018-barcelona\/#respond\"]}]},{\"@type\":\"WebPage\",\"@id\":\"https:\/\/www.garciafaura.com\/es\/mencion-especial-para-garcia-faura-en-los-premios-pyme-2018-barcelona\/\",\"url\":\"https:\/\/www.garciafaura.com\/es\/mencion-especial-para-garcia-faura-en-los-premios-pyme-2018-barcelona\/\",\"name\":\"Menci\u00f3n especial para GARCIA FAURA en los premios PYME 2018 Barcelona - GARCIA FAURA\",\"isPartOf\":{\"@id\":\"https:\/\/www.garciafaura.com\/fr\/#website\"},\"primaryImageOfPage\":{\"@id\":\"https:\/\/www.garciafaura.com\/es\/mencion-especial-para-garcia-faura-en-los-premios-pyme-2018-barcelona\/#primaryimage\"},\"image\":{\"@id\":\"https:\/\/www.garciafaura.com\/es\/mencion-especial-para-garcia-faura-en-los-premios-pyme-2018-barcelona\/#primaryimage\"},\"thumbnailUrl\":\"https:\/\/www.garciafaura.com\/wp-content\/uploads\/2019\/02\/img-20181218-wa0006.jpg\",\"datePublished\":\"2019-02-11T15:45:37+00:00\",\"dateModified\":\"2019-07-19T11:23:12+00:00\",\"description\":\"Arquitectura en Alumini, Inox, Ferro i Vidre\",\"breadcrumb\":{\"@id\":\"https:\/\/www.garciafaura.com\/es\/mencion-especial-para-garcia-faura-en-los-premios-pyme-2018-barcelona\/#breadcrumb\"},\"inLanguage\":\"es\",\"potentialAction\":[{\"@type\":\"ReadAction\",\"target\":[\"https:\/\/www.garciafaura.com\/es\/mencion-especial-para-garcia-faura-en-los-premios-pyme-2018-barcelona\/\"]}]},{\"@type\":\"ImageObject\",\"inLanguage\":\"es\",\"@id\":\"https:\/\/www.garciafaura.com\/es\/mencion-especial-para-garcia-faura-en-los-premios-pyme-2018-barcelona\/#primaryimage\",\"url\":\"https:\/\/www.garciafaura.com\/wp-content\/uploads\/2019\/02\/img-20181218-wa0006.jpg\",\"contentUrl\":\"https:\/\/www.garciafaura.com\/wp-content\/uploads\/2019\/02\/img-20181218-wa0006.jpg\",\"width\":800,\"height\":600},{\"@type\":\"BreadcrumbList\",\"@id\":\"https:\/\/www.garciafaura.com\/es\/mencion-especial-para-garcia-faura-en-los-premios-pyme-2018-barcelona\/#breadcrumb\",\"itemListElement\":[{\"@type\":\"ListItem\",\"position\":1,\"name\":\"Inici\",\"item\":\"https:\/\/www.garciafaura.com\/es\/\"},{\"@type\":\"ListItem\",\"position\":2,\"name\":\"Menci\u00f3n especial para GARCIA FAURA en los premios PYME 2018 Barcelona\"}]},{\"@type\":\"WebSite\",\"@id\":\"https:\/\/www.garciafaura.com\/fr\/#website\",\"url\":\"https:\/\/www.garciafaura.com\/fr\/\",\"name\":\"GARCIA FAURA\",\"description\":\"Arquitectura en Alumini, Inox, Ferro i Vidre\",\"publisher\":{\"@id\":\"https:\/\/www.garciafaura.com\/fr\/#organization\"},\"potentialAction\":[{\"@type\":\"SearchAction\",\"target\":{\"@type\":\"EntryPoint\",\"urlTemplate\":\"https:\/\/www.garciafaura.com\/fr\/?s={search_term_string}\"},\"query-input\":{\"@type\":\"PropertyValueSpecification\",\"valueRequired\":true,\"valueName\":\"search_term_string\"}}],\"inLanguage\":\"es\"},{\"@type\":\"Organization\",\"@id\":\"https:\/\/www.garciafaura.com\/fr\/#organization\",\"name\":\"GARCIA FAURA\",\"url\":\"https:\/\/www.garciafaura.com\/fr\/\",\"logo\":{\"@type\":\"ImageObject\",\"inLanguage\":\"es\",\"@id\":\"https:\/\/www.garciafaura.com\/fr\/#\/schema\/logo\/image\/\",\"url\":\"https:\/\/www.garciafaura.com\/wp-content\/uploads\/2018\/09\/Garcia-Faura.png\",\"contentUrl\":\"https:\/\/www.garciafaura.com\/wp-content\/uploads\/2018\/09\/Garcia-Faura.png\",\"width\":512,\"height\":512,\"caption\":\"GARCIA FAURA\"},\"image\":{\"@id\":\"https:\/\/www.garciafaura.com\/fr\/#\/schema\/logo\/image\/\"},\"sameAs\":[\"https:\/\/www.youtube.com\/user\/GARCIAFAURA\"]},{\"@type\":\"Person\",\"@id\":\"https:\/\/www.garciafaura.com\/fr\/#\/schema\/person\/b4b75e69b33fac3446071909bec106b0\",\"name\":\"David Achell\",\"image\":{\"@type\":\"ImageObject\",\"inLanguage\":\"es\",\"@id\":\"https:\/\/www.garciafaura.com\/fr\/#\/schema\/person\/image\/\",\"url\":\"https:\/\/secure.gravatar.com\/avatar\/03900210afc1f61bce737bcb4a79c02e2c997f171e3eca839b5a4cbe03846c90?s=96&d=blank&r=g\",\"contentUrl\":\"https:\/\/secure.gravatar.com\/avatar\/03900210afc1f61bce737bcb4a79c02e2c997f171e3eca839b5a4cbe03846c90?s=96&d=blank&r=g\",\"caption\":\"David Achell\"}}]}<\/script>\n<!-- \/ Yoast SEO plugin. -->","yoast_head_json":{"title":"Menci\u00f3n especial para GARCIA FAURA en los premios PYME 2018 Barcelona - GARCIA FAURA","description":"Arquitectura en Alumini, Inox, Ferro i Vidre","robots":{"index":"index","follow":"follow","max-snippet":"max-snippet:-1","max-image-preview":"max-image-preview:large","max-video-preview":"max-video-preview:-1"},"canonical":"https:\/\/www.garciafaura.com\/es\/mencion-especial-para-garcia-faura-en-los-premios-pyme-2018-barcelona\/","og_locale":"es_ES","og_type":"article","og_title":"Menci\u00f3n especial para GARCIA FAURA en los premios PYME 2018 Barcelona - GARCIA FAURA","og_description":"Arquitectura en Alumini, Inox, Ferro i Vidre","og_url":"https:\/\/www.garciafaura.com\/es\/mencion-especial-para-garcia-faura-en-los-premios-pyme-2018-barcelona\/","og_site_name":"GARCIA FAURA","article_published_time":"2019-02-11T15:45:37+00:00","article_modified_time":"2019-07-19T11:23:12+00:00","og_image":[{"width":800,"height":600,"url":"https:\/\/www.garciafaura.com\/wp-content\/uploads\/2019\/02\/img-20181218-wa0006.jpg","type":"image\/jpeg"}],"author":"David Achell","twitter_card":"summary_large_image","twitter_misc":{"Escrito por":"David Achell","Tiempo de lectura":"1 minuto"},"schema":{"@context":"https:\/\/schema.org","@graph":[{"@type":"Article","@id":"https:\/\/www.garciafaura.com\/es\/mencion-especial-para-garcia-faura-en-los-premios-pyme-2018-barcelona\/#article","isPartOf":{"@id":"https:\/\/www.garciafaura.com\/es\/mencion-especial-para-garcia-faura-en-los-premios-pyme-2018-barcelona\/"},"author":{"name":"David Achell","@id":"https:\/\/www.garciafaura.com\/fr\/#\/schema\/person\/b4b75e69b33fac3446071909bec106b0"},"headline":"Menci\u00f3n especial para GARCIA FAURA en los premios PYME 2018 Barcelona","datePublished":"2019-02-11T15:45:37+00:00","dateModified":"2019-07-19T11:23:12+00:00","mainEntityOfPage":{"@id":"https:\/\/www.garciafaura.com\/es\/mencion-especial-para-garcia-faura-en-los-premios-pyme-2018-barcelona\/"},"wordCount":193,"commentCount":0,"publisher":{"@id":"https:\/\/www.garciafaura.com\/fr\/#organization"},"image":{"@id":"https:\/\/www.garciafaura.com\/es\/mencion-especial-para-garcia-faura-en-los-premios-pyme-2018-barcelona\/#primaryimage"},"thumbnailUrl":"https:\/\/www.garciafaura.com\/wp-content\/uploads\/2019\/02\/img-20181218-wa0006.jpg","articleSection":["Actualidad"],"inLanguage":"es","potentialAction":[{"@type":"CommentAction","name":"Comment","target":["https:\/\/www.garciafaura.com\/es\/mencion-especial-para-garcia-faura-en-los-premios-pyme-2018-barcelona\/#respond"]}]},{"@type":"WebPage","@id":"https:\/\/www.garciafaura.com\/es\/mencion-especial-para-garcia-faura-en-los-premios-pyme-2018-barcelona\/","url":"https:\/\/www.garciafaura.com\/es\/mencion-especial-para-garcia-faura-en-los-premios-pyme-2018-barcelona\/","name":"Menci\u00f3n especial para GARCIA FAURA en los premios PYME 2018 Barcelona - GARCIA FAURA","isPartOf":{"@id":"https:\/\/www.garciafaura.com\/fr\/#website"},"primaryImageOfPage":{"@id":"https:\/\/www.garciafaura.com\/es\/mencion-especial-para-garcia-faura-en-los-premios-pyme-2018-barcelona\/#primaryimage"},"image":{"@id":"https:\/\/www.garciafaura.com\/es\/mencion-especial-para-garcia-faura-en-los-premios-pyme-2018-barcelona\/#primaryimage"},"thumbnailUrl":"https:\/\/www.garciafaura.com\/wp-content\/uploads\/2019\/02\/img-20181218-wa0006.jpg","datePublished":"2019-02-11T15:45:37+00:00","dateModified":"2019-07-19T11:23:12+00:00","description":"Arquitectura en Alumini, Inox, Ferro i Vidre","breadcrumb":{"@id":"https:\/\/www.garciafaura.com\/es\/mencion-especial-para-garcia-faura-en-los-premios-pyme-2018-barcelona\/#breadcrumb"},"inLanguage":"es","potentialAction":[{"@type":"ReadAction","target":["https:\/\/www.garciafaura.com\/es\/mencion-especial-para-garcia-faura-en-los-premios-pyme-2018-barcelona\/"]}]},{"@type":"ImageObject","inLanguage":"es","@id":"https:\/\/www.garciafaura.com\/es\/mencion-especial-para-garcia-faura-en-los-premios-pyme-2018-barcelona\/#primaryimage","url":"https:\/\/www.garciafaura.com\/wp-content\/uploads\/2019\/02\/img-20181218-wa0006.jpg","contentUrl":"https:\/\/www.garciafaura.com\/wp-content\/uploads\/2019\/02\/img-20181218-wa0006.jpg","width":800,"height":600},{"@type":"BreadcrumbList","@id":"https:\/\/www.garciafaura.com\/es\/mencion-especial-para-garcia-faura-en-los-premios-pyme-2018-barcelona\/#breadcrumb","itemListElement":[{"@type":"ListItem","position":1,"name":"Inici","item":"https:\/\/www.garciafaura.com\/es\/"},{"@type":"ListItem","position":2,"name":"Menci\u00f3n especial para GARCIA FAURA en los premios PYME 2018 Barcelona"}]},{"@type":"WebSite","@id":"https:\/\/www.garciafaura.com\/fr\/#website","url":"https:\/\/www.garciafaura.com\/fr\/","name":"GARCIA FAURA","description":"Arquitectura en Alumini, Inox, Ferro i Vidre","publisher":{"@id":"https:\/\/www.garciafaura.com\/fr\/#organization"},"potentialAction":[{"@type":"SearchAction","target":{"@type":"EntryPoint","urlTemplate":"https:\/\/www.garciafaura.com\/fr\/?s={search_term_string}"},"query-input":{"@type":"PropertyValueSpecification","valueRequired":true,"valueName":"search_term_string"}}],"inLanguage":"es"},{"@type":"Organization","@id":"https:\/\/www.garciafaura.com\/fr\/#organization","name":"GARCIA FAURA","url":"https:\/\/www.garciafaura.com\/fr\/","logo":{"@type":"ImageObject","inLanguage":"es","@id":"https:\/\/www.garciafaura.com\/fr\/#\/schema\/logo\/image\/","url":"https:\/\/www.garciafaura.com\/wp-content\/uploads\/2018\/09\/Garcia-Faura.png","contentUrl":"https:\/\/www.garciafaura.com\/wp-content\/uploads\/2018\/09\/Garcia-Faura.png","width":512,"height":512,"caption":"GARCIA FAURA"},"image":{"@id":"https:\/\/www.garciafaura.com\/fr\/#\/schema\/logo\/image\/"},"sameAs":["https:\/\/www.youtube.com\/user\/GARCIAFAURA"]},{"@type":"Person","@id":"https:\/\/www.garciafaura.com\/fr\/#\/schema\/person\/b4b75e69b33fac3446071909bec106b0","name":"David Achell","image":{"@type":"ImageObject","inLanguage":"es","@id":"https:\/\/www.garciafaura.com\/fr\/#\/schema\/person\/image\/","url":"https:\/\/secure.gravatar.com\/avatar\/03900210afc1f61bce737bcb4a79c02e2c997f171e3eca839b5a4cbe03846c90?s=96&d=blank&r=g","contentUrl":"https:\/\/secure.gravatar.com\/avatar\/03900210afc1f61bce737bcb4a79c02e2c997f171e3eca839b5a4cbe03846c90?s=96&d=blank&r=g","caption":"David Achell"}}]}},"_links":{"self":[{"href":"https:\/\/www.garciafaura.com\/es\/wp-json\/wp\/v2\/posts\/17193","targetHints":{"allow":["GET"]}}],"collection":[{"href":"https:\/\/www.garciafaura.com\/es\/wp-json\/wp\/v2\/posts"}],"about":[{"href":"https:\/\/www.garciafaura.com\/es\/wp-json\/wp\/v2\/types\/post"}],"author":[{"embeddable":true,"href":"https:\/\/www.garciafaura.com\/es\/wp-json\/wp\/v2\/users\/3"}],"replies":[{"embeddable":true,"href":"https:\/\/www.garciafaura.com\/es\/wp-json\/wp\/v2\/comments?post=17193"}],"version-history":[{"count":1,"href":"https:\/\/www.garciafaura.com\/es\/wp-json\/wp\/v2\/posts\/17193\/revisions"}],"predecessor-version":[{"id":17194,"href":"https:\/\/www.garciafaura.com\/es\/wp-json\/wp\/v2\/posts\/17193\/revisions\/17194"}],"wp:featuredmedia":[{"embeddable":true,"href":"https:\/\/www.garciafaura.com\/es\/wp-json\/wp\/v2\/media\/17162"}],"wp:attachment":[{"href":"https:\/\/www.garciafaura.com\/es\/wp-json\/wp\/v2\/media?parent=17193"}],"wp:term":[{"taxonomy":"category","embeddable":true,"href":"https:\/\/www.garciafaura.com\/es\/wp-json\/wp\/v2\/categories?post=17193"},{"taxonomy":"post_tag","embeddable":true,"href":"https:\/\/www.garciafaura.com\/es\/wp-json\/wp\/v2\/tags?post=17193"},{"taxonomy":"post_series","embeddable":true,"href":"https:\/\/www.garciafaura.com\/es\/wp-json\/wp\/v2\/post_series?post=17193"}],"curies":[{"name":"wp","href":"https:\/\/api.w.org\/{rel}","templated":true}]}}