{"id":17190,"date":"2019-02-11T15:36:55","date_gmt":"2019-02-11T15:36:55","guid":{"rendered":"https:\/\/www.garciafaura.com\/el-personal-de-garcia-faura-vuelve-a-protagonizar-el-calendario-2019\/"},"modified":"2019-07-19T11:23:15","modified_gmt":"2019-07-19T11:23:15","slug":"el-personal-de-garcia-faura-vuelve-a-protagonizar-el-calendario-2019","status":"publish","type":"post","link":"https:\/\/www.garciafaura.com\/es\/el-personal-de-garcia-faura-vuelve-a-protagonizar-el-calendario-2019\/","title":{"rendered":"El personal de GARCIA FAURA vuelve a protagonizar el calendario 2019"},"content":{"rendered":"<p style=\"text-align: justify;\">Por quinta vez consecutiva, el staff de <strong>Garcia FAURA<\/strong> ser\u00e1 el protagonista del calendario de la compa\u00f1\u00eda del a\u00f1o nuevo. Para la selecci\u00f3n de los trabajadores y trabajadoras que salen se ha buscado una representatividad de g\u00e9neros, variedad de perfiles profesionales, que aparezcan diferentes departamentos y la combinaci\u00f3n de veteran\u00eda y juventud.<\/p>\n<p style=\"text-align: justify;\">El capital humano de <strong>GARCIA FAURA<\/strong> es, sin duda, el primer p\u00fablico de la empresa y, por tanto, los mejores embajadores de cara al exterior y, por este motivo, protagonizar\u00e1n una vez m\u00e1s el calendario de la compa\u00f1\u00eda que se hace llegar a nuestros clientes de todo el mundo donde hemos dejado (y dejamos todav\u00eda) nuestra huella.<\/p>\n<p style=\"text-align: justify;\">Personal de las diferentes \u00e1reas de trabajo de la empresa que se encargan de mostrar, orgullosos, algunos de nuestros rasgos caracter\u00edsticos. Una forma de demostrar el sentimiento de pertenencia a un colectivo y mostrar los rostros de las personas que hacen posible el d\u00eda a d\u00eda de <strong>Garcia FAURA<\/strong>.<\/p>\n<p style=\"text-align: justify;\">Estas son las 12 caras de este 2019:<\/p>\n","protected":false},"excerpt":{"rendered":"<p>Por quinta vez consecutiva, el staff de Garcia FAURA ser\u00e1 el protagonista del calendario de la compa\u00f1\u00eda del a\u00f1o nuevo. Para la selecci\u00f3n de los trabajadores y trabajadoras que salen se ha buscado una representatividad de g\u00e9neros, variedad de perfiles&hellip;<\/p>\n","protected":false},"author":3,"featured_media":17156,"comment_status":"open","ping_status":"open","sticky":false,"template":"","format":"standard","meta":{"footnotes":""},"categories":[3],"tags":[],"post_series":[],"class_list":["post-17190","post","type-post","status-publish","format-standard","has-post-thumbnail","hentry","category-actualidad","entry","has-media"],"yoast_head":"<!-- This site is optimized with the Yoast SEO plugin v26.7 - https:\/\/yoast.com\/wordpress\/plugins\/seo\/ -->\n<title>El personal de GARCIA FAURA vuelve a protagonizar el calendario 2019 - GARCIA FAURA<\/title>\n<meta name=\"description\" content=\"Arquitectura en Alumini, Inox, Ferro i Vidre\" \/>\n<meta name=\"robots\" content=\"index, follow, max-snippet:-1, max-image-preview:large, max-video-preview:-1\" \/>\n<link rel=\"canonical\" href=\"https:\/\/www.garciafaura.com\/es\/el-personal-de-garcia-faura-vuelve-a-protagonizar-el-calendario-2019\/\" \/>\n<meta property=\"og:locale\" content=\"es_ES\" \/>\n<meta property=\"og:type\" content=\"article\" \/>\n<meta property=\"og:title\" content=\"El personal de GARCIA FAURA vuelve a protagonizar el calendario 2019 - GARCIA FAURA\" \/>\n<meta property=\"og:description\" content=\"Arquitectura en Alumini, Inox, Ferro i Vidre\" \/>\n<meta property=\"og:url\" content=\"https:\/\/www.garciafaura.com\/es\/el-personal-de-garcia-faura-vuelve-a-protagonizar-el-calendario-2019\/\" \/>\n<meta property=\"og:site_name\" content=\"GARCIA FAURA\" \/>\n<meta property=\"article:published_time\" content=\"2019-02-11T15:36:55+00:00\" \/>\n<meta property=\"article:modified_time\" content=\"2019-07-19T11:23:15+00:00\" \/>\n<meta property=\"og:image\" content=\"https:\/\/www.garciafaura.com\/wp-content\/uploads\/2019\/02\/muntatgecalendari.jpg\" \/>\n\t<meta property=\"og:image:width\" content=\"800\" \/>\n\t<meta property=\"og:image:height\" content=\"419\" \/>\n\t<meta property=\"og:image:type\" content=\"image\/jpeg\" \/>\n<meta name=\"author\" content=\"David Achell\" \/>\n<meta name=\"twitter:card\" content=\"summary_large_image\" \/>\n<meta name=\"twitter:label1\" content=\"Escrito por\" \/>\n\t<meta name=\"twitter:data1\" content=\"David Achell\" \/>\n\t<meta name=\"twitter:label2\" content=\"Tiempo de lectura\" \/>\n\t<meta name=\"twitter:data2\" content=\"1 minuto\" \/>\n<script type=\"application\/ld+json\" class=\"yoast-schema-graph\">{\"@context\":\"https:\/\/schema.org\",\"@graph\":[{\"@type\":\"Article\",\"@id\":\"https:\/\/www.garciafaura.com\/es\/el-personal-de-garcia-faura-vuelve-a-protagonizar-el-calendario-2019\/#article\",\"isPartOf\":{\"@id\":\"https:\/\/www.garciafaura.com\/es\/el-personal-de-garcia-faura-vuelve-a-protagonizar-el-calendario-2019\/\"},\"author\":{\"name\":\"David Achell\",\"@id\":\"https:\/\/www.garciafaura.com\/fr\/#\/schema\/person\/b4b75e69b33fac3446071909bec106b0\"},\"headline\":\"El personal de GARCIA FAURA vuelve a protagonizar el calendario 2019\",\"datePublished\":\"2019-02-11T15:36:55+00:00\",\"dateModified\":\"2019-07-19T11:23:15+00:00\",\"mainEntityOfPage\":{\"@id\":\"https:\/\/www.garciafaura.com\/es\/el-personal-de-garcia-faura-vuelve-a-protagonizar-el-calendario-2019\/\"},\"wordCount\":188,\"commentCount\":0,\"publisher\":{\"@id\":\"https:\/\/www.garciafaura.com\/fr\/#organization\"},\"image\":{\"@id\":\"https:\/\/www.garciafaura.com\/es\/el-personal-de-garcia-faura-vuelve-a-protagonizar-el-calendario-2019\/#primaryimage\"},\"thumbnailUrl\":\"https:\/\/www.garciafaura.com\/wp-content\/uploads\/2019\/02\/muntatgecalendari.jpg\",\"articleSection\":[\"Actualidad\"],\"inLanguage\":\"es\",\"potentialAction\":[{\"@type\":\"CommentAction\",\"name\":\"Comment\",\"target\":[\"https:\/\/www.garciafaura.com\/es\/el-personal-de-garcia-faura-vuelve-a-protagonizar-el-calendario-2019\/#respond\"]}]},{\"@type\":\"WebPage\",\"@id\":\"https:\/\/www.garciafaura.com\/es\/el-personal-de-garcia-faura-vuelve-a-protagonizar-el-calendario-2019\/\",\"url\":\"https:\/\/www.garciafaura.com\/es\/el-personal-de-garcia-faura-vuelve-a-protagonizar-el-calendario-2019\/\",\"name\":\"El personal de GARCIA FAURA vuelve a protagonizar el calendario 2019 - GARCIA FAURA\",\"isPartOf\":{\"@id\":\"https:\/\/www.garciafaura.com\/fr\/#website\"},\"primaryImageOfPage\":{\"@id\":\"https:\/\/www.garciafaura.com\/es\/el-personal-de-garcia-faura-vuelve-a-protagonizar-el-calendario-2019\/#primaryimage\"},\"image\":{\"@id\":\"https:\/\/www.garciafaura.com\/es\/el-personal-de-garcia-faura-vuelve-a-protagonizar-el-calendario-2019\/#primaryimage\"},\"thumbnailUrl\":\"https:\/\/www.garciafaura.com\/wp-content\/uploads\/2019\/02\/muntatgecalendari.jpg\",\"datePublished\":\"2019-02-11T15:36:55+00:00\",\"dateModified\":\"2019-07-19T11:23:15+00:00\",\"description\":\"Arquitectura en Alumini, Inox, Ferro i Vidre\",\"breadcrumb\":{\"@id\":\"https:\/\/www.garciafaura.com\/es\/el-personal-de-garcia-faura-vuelve-a-protagonizar-el-calendario-2019\/#breadcrumb\"},\"inLanguage\":\"es\",\"potentialAction\":[{\"@type\":\"ReadAction\",\"target\":[\"https:\/\/www.garciafaura.com\/es\/el-personal-de-garcia-faura-vuelve-a-protagonizar-el-calendario-2019\/\"]}]},{\"@type\":\"ImageObject\",\"inLanguage\":\"es\",\"@id\":\"https:\/\/www.garciafaura.com\/es\/el-personal-de-garcia-faura-vuelve-a-protagonizar-el-calendario-2019\/#primaryimage\",\"url\":\"https:\/\/www.garciafaura.com\/wp-content\/uploads\/2019\/02\/muntatgecalendari.jpg\",\"contentUrl\":\"https:\/\/www.garciafaura.com\/wp-content\/uploads\/2019\/02\/muntatgecalendari.jpg\",\"width\":800,\"height\":419},{\"@type\":\"BreadcrumbList\",\"@id\":\"https:\/\/www.garciafaura.com\/es\/el-personal-de-garcia-faura-vuelve-a-protagonizar-el-calendario-2019\/#breadcrumb\",\"itemListElement\":[{\"@type\":\"ListItem\",\"position\":1,\"name\":\"Inici\",\"item\":\"https:\/\/www.garciafaura.com\/es\/\"},{\"@type\":\"ListItem\",\"position\":2,\"name\":\"El personal de GARCIA FAURA vuelve a protagonizar el calendario 2019\"}]},{\"@type\":\"WebSite\",\"@id\":\"https:\/\/www.garciafaura.com\/fr\/#website\",\"url\":\"https:\/\/www.garciafaura.com\/fr\/\",\"name\":\"GARCIA FAURA\",\"description\":\"Arquitectura en Alumini, Inox, Ferro i Vidre\",\"publisher\":{\"@id\":\"https:\/\/www.garciafaura.com\/fr\/#organization\"},\"potentialAction\":[{\"@type\":\"SearchAction\",\"target\":{\"@type\":\"EntryPoint\",\"urlTemplate\":\"https:\/\/www.garciafaura.com\/fr\/?s={search_term_string}\"},\"query-input\":{\"@type\":\"PropertyValueSpecification\",\"valueRequired\":true,\"valueName\":\"search_term_string\"}}],\"inLanguage\":\"es\"},{\"@type\":\"Organization\",\"@id\":\"https:\/\/www.garciafaura.com\/fr\/#organization\",\"name\":\"GARCIA FAURA\",\"url\":\"https:\/\/www.garciafaura.com\/fr\/\",\"logo\":{\"@type\":\"ImageObject\",\"inLanguage\":\"es\",\"@id\":\"https:\/\/www.garciafaura.com\/fr\/#\/schema\/logo\/image\/\",\"url\":\"https:\/\/www.garciafaura.com\/wp-content\/uploads\/2018\/09\/Garcia-Faura.png\",\"contentUrl\":\"https:\/\/www.garciafaura.com\/wp-content\/uploads\/2018\/09\/Garcia-Faura.png\",\"width\":512,\"height\":512,\"caption\":\"GARCIA FAURA\"},\"image\":{\"@id\":\"https:\/\/www.garciafaura.com\/fr\/#\/schema\/logo\/image\/\"},\"sameAs\":[\"https:\/\/www.youtube.com\/user\/GARCIAFAURA\"]},{\"@type\":\"Person\",\"@id\":\"https:\/\/www.garciafaura.com\/fr\/#\/schema\/person\/b4b75e69b33fac3446071909bec106b0\",\"name\":\"David Achell\",\"image\":{\"@type\":\"ImageObject\",\"inLanguage\":\"es\",\"@id\":\"https:\/\/www.garciafaura.com\/fr\/#\/schema\/person\/image\/\",\"url\":\"https:\/\/secure.gravatar.com\/avatar\/03900210afc1f61bce737bcb4a79c02e2c997f171e3eca839b5a4cbe03846c90?s=96&d=blank&r=g\",\"contentUrl\":\"https:\/\/secure.gravatar.com\/avatar\/03900210afc1f61bce737bcb4a79c02e2c997f171e3eca839b5a4cbe03846c90?s=96&d=blank&r=g\",\"caption\":\"David Achell\"}}]}<\/script>\n<!-- \/ Yoast SEO plugin. -->","yoast_head_json":{"title":"El personal de GARCIA FAURA vuelve a protagonizar el calendario 2019 - GARCIA FAURA","description":"Arquitectura en Alumini, Inox, Ferro i Vidre","robots":{"index":"index","follow":"follow","max-snippet":"max-snippet:-1","max-image-preview":"max-image-preview:large","max-video-preview":"max-video-preview:-1"},"canonical":"https:\/\/www.garciafaura.com\/es\/el-personal-de-garcia-faura-vuelve-a-protagonizar-el-calendario-2019\/","og_locale":"es_ES","og_type":"article","og_title":"El personal de GARCIA FAURA vuelve a protagonizar el calendario 2019 - GARCIA FAURA","og_description":"Arquitectura en Alumini, Inox, Ferro i Vidre","og_url":"https:\/\/www.garciafaura.com\/es\/el-personal-de-garcia-faura-vuelve-a-protagonizar-el-calendario-2019\/","og_site_name":"GARCIA FAURA","article_published_time":"2019-02-11T15:36:55+00:00","article_modified_time":"2019-07-19T11:23:15+00:00","og_image":[{"width":800,"height":419,"url":"https:\/\/www.garciafaura.com\/wp-content\/uploads\/2019\/02\/muntatgecalendari.jpg","type":"image\/jpeg"}],"author":"David Achell","twitter_card":"summary_large_image","twitter_misc":{"Escrito por":"David Achell","Tiempo de lectura":"1 minuto"},"schema":{"@context":"https:\/\/schema.org","@graph":[{"@type":"Article","@id":"https:\/\/www.garciafaura.com\/es\/el-personal-de-garcia-faura-vuelve-a-protagonizar-el-calendario-2019\/#article","isPartOf":{"@id":"https:\/\/www.garciafaura.com\/es\/el-personal-de-garcia-faura-vuelve-a-protagonizar-el-calendario-2019\/"},"author":{"name":"David Achell","@id":"https:\/\/www.garciafaura.com\/fr\/#\/schema\/person\/b4b75e69b33fac3446071909bec106b0"},"headline":"El personal de GARCIA FAURA vuelve a protagonizar el calendario 2019","datePublished":"2019-02-11T15:36:55+00:00","dateModified":"2019-07-19T11:23:15+00:00","mainEntityOfPage":{"@id":"https:\/\/www.garciafaura.com\/es\/el-personal-de-garcia-faura-vuelve-a-protagonizar-el-calendario-2019\/"},"wordCount":188,"commentCount":0,"publisher":{"@id":"https:\/\/www.garciafaura.com\/fr\/#organization"},"image":{"@id":"https:\/\/www.garciafaura.com\/es\/el-personal-de-garcia-faura-vuelve-a-protagonizar-el-calendario-2019\/#primaryimage"},"thumbnailUrl":"https:\/\/www.garciafaura.com\/wp-content\/uploads\/2019\/02\/muntatgecalendari.jpg","articleSection":["Actualidad"],"inLanguage":"es","potentialAction":[{"@type":"CommentAction","name":"Comment","target":["https:\/\/www.garciafaura.com\/es\/el-personal-de-garcia-faura-vuelve-a-protagonizar-el-calendario-2019\/#respond"]}]},{"@type":"WebPage","@id":"https:\/\/www.garciafaura.com\/es\/el-personal-de-garcia-faura-vuelve-a-protagonizar-el-calendario-2019\/","url":"https:\/\/www.garciafaura.com\/es\/el-personal-de-garcia-faura-vuelve-a-protagonizar-el-calendario-2019\/","name":"El personal de GARCIA FAURA vuelve a protagonizar el calendario 2019 - GARCIA FAURA","isPartOf":{"@id":"https:\/\/www.garciafaura.com\/fr\/#website"},"primaryImageOfPage":{"@id":"https:\/\/www.garciafaura.com\/es\/el-personal-de-garcia-faura-vuelve-a-protagonizar-el-calendario-2019\/#primaryimage"},"image":{"@id":"https:\/\/www.garciafaura.com\/es\/el-personal-de-garcia-faura-vuelve-a-protagonizar-el-calendario-2019\/#primaryimage"},"thumbnailUrl":"https:\/\/www.garciafaura.com\/wp-content\/uploads\/2019\/02\/muntatgecalendari.jpg","datePublished":"2019-02-11T15:36:55+00:00","dateModified":"2019-07-19T11:23:15+00:00","description":"Arquitectura en Alumini, Inox, Ferro i Vidre","breadcrumb":{"@id":"https:\/\/www.garciafaura.com\/es\/el-personal-de-garcia-faura-vuelve-a-protagonizar-el-calendario-2019\/#breadcrumb"},"inLanguage":"es","potentialAction":[{"@type":"ReadAction","target":["https:\/\/www.garciafaura.com\/es\/el-personal-de-garcia-faura-vuelve-a-protagonizar-el-calendario-2019\/"]}]},{"@type":"ImageObject","inLanguage":"es","@id":"https:\/\/www.garciafaura.com\/es\/el-personal-de-garcia-faura-vuelve-a-protagonizar-el-calendario-2019\/#primaryimage","url":"https:\/\/www.garciafaura.com\/wp-content\/uploads\/2019\/02\/muntatgecalendari.jpg","contentUrl":"https:\/\/www.garciafaura.com\/wp-content\/uploads\/2019\/02\/muntatgecalendari.jpg","width":800,"height":419},{"@type":"BreadcrumbList","@id":"https:\/\/www.garciafaura.com\/es\/el-personal-de-garcia-faura-vuelve-a-protagonizar-el-calendario-2019\/#breadcrumb","itemListElement":[{"@type":"ListItem","position":1,"name":"Inici","item":"https:\/\/www.garciafaura.com\/es\/"},{"@type":"ListItem","position":2,"name":"El personal de GARCIA FAURA vuelve a protagonizar el calendario 2019"}]},{"@type":"WebSite","@id":"https:\/\/www.garciafaura.com\/fr\/#website","url":"https:\/\/www.garciafaura.com\/fr\/","name":"GARCIA FAURA","description":"Arquitectura en Alumini, Inox, Ferro i Vidre","publisher":{"@id":"https:\/\/www.garciafaura.com\/fr\/#organization"},"potentialAction":[{"@type":"SearchAction","target":{"@type":"EntryPoint","urlTemplate":"https:\/\/www.garciafaura.com\/fr\/?s={search_term_string}"},"query-input":{"@type":"PropertyValueSpecification","valueRequired":true,"valueName":"search_term_string"}}],"inLanguage":"es"},{"@type":"Organization","@id":"https:\/\/www.garciafaura.com\/fr\/#organization","name":"GARCIA FAURA","url":"https:\/\/www.garciafaura.com\/fr\/","logo":{"@type":"ImageObject","inLanguage":"es","@id":"https:\/\/www.garciafaura.com\/fr\/#\/schema\/logo\/image\/","url":"https:\/\/www.garciafaura.com\/wp-content\/uploads\/2018\/09\/Garcia-Faura.png","contentUrl":"https:\/\/www.garciafaura.com\/wp-content\/uploads\/2018\/09\/Garcia-Faura.png","width":512,"height":512,"caption":"GARCIA FAURA"},"image":{"@id":"https:\/\/www.garciafaura.com\/fr\/#\/schema\/logo\/image\/"},"sameAs":["https:\/\/www.youtube.com\/user\/GARCIAFAURA"]},{"@type":"Person","@id":"https:\/\/www.garciafaura.com\/fr\/#\/schema\/person\/b4b75e69b33fac3446071909bec106b0","name":"David Achell","image":{"@type":"ImageObject","inLanguage":"es","@id":"https:\/\/www.garciafaura.com\/fr\/#\/schema\/person\/image\/","url":"https:\/\/secure.gravatar.com\/avatar\/03900210afc1f61bce737bcb4a79c02e2c997f171e3eca839b5a4cbe03846c90?s=96&d=blank&r=g","contentUrl":"https:\/\/secure.gravatar.com\/avatar\/03900210afc1f61bce737bcb4a79c02e2c997f171e3eca839b5a4cbe03846c90?s=96&d=blank&r=g","caption":"David Achell"}}]}},"_links":{"self":[{"href":"https:\/\/www.garciafaura.com\/es\/wp-json\/wp\/v2\/posts\/17190","targetHints":{"allow":["GET"]}}],"collection":[{"href":"https:\/\/www.garciafaura.com\/es\/wp-json\/wp\/v2\/posts"}],"about":[{"href":"https:\/\/www.garciafaura.com\/es\/wp-json\/wp\/v2\/types\/post"}],"author":[{"embeddable":true,"href":"https:\/\/www.garciafaura.com\/es\/wp-json\/wp\/v2\/users\/3"}],"replies":[{"embeddable":true,"href":"https:\/\/www.garciafaura.com\/es\/wp-json\/wp\/v2\/comments?post=17190"}],"version-history":[{"count":1,"href":"https:\/\/www.garciafaura.com\/es\/wp-json\/wp\/v2\/posts\/17190\/revisions"}],"predecessor-version":[{"id":21508,"href":"https:\/\/www.garciafaura.com\/es\/wp-json\/wp\/v2\/posts\/17190\/revisions\/21508"}],"wp:featuredmedia":[{"embeddable":true,"href":"https:\/\/www.garciafaura.com\/es\/wp-json\/wp\/v2\/media\/17156"}],"wp:attachment":[{"href":"https:\/\/www.garciafaura.com\/es\/wp-json\/wp\/v2\/media?parent=17190"}],"wp:term":[{"taxonomy":"category","embeddable":true,"href":"https:\/\/www.garciafaura.com\/es\/wp-json\/wp\/v2\/categories?post=17190"},{"taxonomy":"post_tag","embeddable":true,"href":"https:\/\/www.garciafaura.com\/es\/wp-json\/wp\/v2\/tags?post=17190"},{"taxonomy":"post_series","embeddable":true,"href":"https:\/\/www.garciafaura.com\/es\/wp-json\/wp\/v2\/post_series?post=17190"}],"curies":[{"name":"wp","href":"https:\/\/api.w.org\/{rel}","templated":true}]}}