{"id":17147,"date":"2019-02-08T08:59:00","date_gmt":"2019-02-08T08:59:00","guid":{"rendered":"https:\/\/www.garciafaura.com\/contribucio-de-la-facana-a-leficiencia-energetica-dun-edifici\/"},"modified":"2019-07-19T11:23:17","modified_gmt":"2019-07-19T11:23:17","slug":"contribucio-de-la-facana-a-leficiencia-energetica-dun-edifici","status":"publish","type":"post","link":"https:\/\/www.garciafaura.com\/es\/contribucio-de-la-facana-a-leficiencia-energetica-dun-edifici\/","title":{"rendered":"Contribuci\u00f3n de la fachada a la eficiencia energ\u00e9tica de un edificio"},"content":{"rendered":"<p style=\"text-align: justify;\">La elecci\u00f3n y dise\u00f1o de una correcta soluci\u00f3n t\u00e9cnica para la fachada de un edificio puede mejorar sustancialmente la eficiencia energ\u00e9tica del mismo, tanto en prestaciones t\u00e9rmicas como solares. La combinaci\u00f3n de esta soluci\u00f3n de fachada con otros elementos de valor a\u00f1adido que favorezcan el ahorro energ\u00e9tico pueden ser fundamentales a la hora de determinar el grado de sostenibilidad del edificio.<\/p>\n<p style=\"text-align: justify;\">De ello son cada vez m\u00e1s conscientes los profesionales de la arquitectura y la ingenier\u00eda constructiva, pero tambi\u00e9n los promotores p\u00fablicos y privados, que cada vez buscan m\u00e1s cotas de eficiencia energ\u00e9tica para sus promociones. Esta elecci\u00f3n quiz\u00e1s encarece el proyecto inicial, pero acaba economizando el gasto energ\u00e9tico posterior y mejorando las condiciones de vida o trabajo de los usuarios finales del edificio.<\/p>\n<p style=\"text-align: justify;\">En funci\u00f3n de la situaci\u00f3n geogr\u00e1fica de la construcci\u00f3n y su orientaci\u00f3n, la fachada de un edificio puede llegar a recibir irradiancia de 800 W \/ m\u00b2. Una correcta elecci\u00f3n, por tanto, de la transmisi\u00f3n luminosa y del factor solar del vidrio resulta imprescindible para optimizar el balance energ\u00e9tico del edificio. As\u00ed las cosas, un vidrio de capa selectiva act\u00faa directamente sobre la radiaci\u00f3n solar reduciendo en gran medida el aporte energ\u00e9tico en el interior del edificio.<\/p>\n<p style=\"text-align: justify;\">Esta propiedad es fundamental para alcanzar los requisitos de eficiencia y sostenibilidad exigidos ya hoy en d\u00eda en el sector de la construcci\u00f3n. Y es que no debemos perder de vista que mejorando las prestaciones de protecci\u00f3n solar reduciremos la energ\u00eda necesaria para la climatizaci\u00f3n artificial del interior. Y esto tambi\u00e9n posibilita la disminuci\u00f3n de combustibles f\u00f3siles y la emisi\u00f3n de gases de efecto invernadero a la atm\u00f3sfera.<\/p>\n<p style=\"text-align: justify;\">Si, adem\u00e1s, combinamos estas soluciones con un elemento a\u00f1adido de protecci\u00f3n solar exterior, regularemos la transmisi\u00f3n solar hacia el interior del edificio, mejorando el confort de sus usuarios. Un hecho que se traduce tambi\u00e9n, seg\u00fan los expertos, en una mejora de la rentabilidad laboral y la productividad.<\/p>\n<p style=\"text-align: justify;\"><strong>GARCIA FAURA<\/strong> se ha especializado en el desarrollo de este tipo de soluciones t\u00e9cnicas para fachadas, gracias a su equipo de ingenieros especializados, que trabajan conjuntamente con los ingenieros constructivos y los arquitectos de los proyectos Dirigiendo el negocio. Esto se puede ver en casos como el edificio de oficinas Diagonal 192 o la Torre 4 Porta Firal, en Barcelona (fotos).<\/p>\n","protected":false},"excerpt":{"rendered":"<p>La elecci\u00f3n y dise\u00f1o de una correcta soluci\u00f3n t\u00e9cnica para la fachada de un edificio puede mejorar sustancialmente la eficiencia energ\u00e9tica del mismo, tanto en prestaciones t\u00e9rmicas como solares. La combinaci\u00f3n de esta soluci\u00f3n de fachada con otros elementos de&hellip;<\/p>\n","protected":false},"author":3,"featured_media":17145,"comment_status":"open","ping_status":"open","sticky":false,"template":"","format":"standard","meta":{"footnotes":""},"categories":[3],"tags":[],"post_series":[],"class_list":["post-17147","post","type-post","status-publish","format-standard","has-post-thumbnail","hentry","category-actualidad","entry","has-media"],"yoast_head":"<!-- This site is optimized with the Yoast SEO plugin v26.7 - https:\/\/yoast.com\/wordpress\/plugins\/seo\/ -->\n<title>Contribuci\u00f3n de la fachada a la eficiencia energ\u00e9tica de un edificio - GARCIA FAURA<\/title>\n<meta name=\"description\" content=\"Arquitectura en Alumini, Inox, Ferro i Vidre\" \/>\n<meta name=\"robots\" content=\"index, follow, max-snippet:-1, max-image-preview:large, max-video-preview:-1\" \/>\n<link rel=\"canonical\" href=\"https:\/\/www.garciafaura.com\/es\/contribucio-de-la-facana-a-leficiencia-energetica-dun-edifici\/\" \/>\n<meta property=\"og:locale\" content=\"es_ES\" \/>\n<meta property=\"og:type\" content=\"article\" \/>\n<meta property=\"og:title\" content=\"Contribuci\u00f3n de la fachada a la eficiencia energ\u00e9tica de un edificio - GARCIA FAURA\" \/>\n<meta property=\"og:description\" content=\"Arquitectura en Alumini, Inox, Ferro i Vidre\" \/>\n<meta property=\"og:url\" content=\"https:\/\/www.garciafaura.com\/es\/contribucio-de-la-facana-a-leficiencia-energetica-dun-edifici\/\" \/>\n<meta property=\"og:site_name\" content=\"GARCIA FAURA\" \/>\n<meta property=\"article:published_time\" content=\"2019-02-08T08:59:00+00:00\" \/>\n<meta property=\"article:modified_time\" content=\"2019-07-19T11:23:17+00:00\" \/>\n<meta property=\"og:image\" content=\"https:\/\/www.garciafaura.com\/wp-content\/uploads\/2019\/02\/227-01.jpg\" \/>\n\t<meta property=\"og:image:width\" content=\"800\" \/>\n\t<meta property=\"og:image:height\" content=\"534\" \/>\n\t<meta property=\"og:image:type\" content=\"image\/jpeg\" \/>\n<meta name=\"author\" content=\"David Achell\" \/>\n<meta name=\"twitter:card\" content=\"summary_large_image\" \/>\n<meta name=\"twitter:label1\" content=\"Escrito por\" \/>\n\t<meta name=\"twitter:data1\" content=\"David Achell\" \/>\n\t<meta name=\"twitter:label2\" content=\"Tiempo de lectura\" \/>\n\t<meta name=\"twitter:data2\" content=\"2 minutos\" \/>\n<script type=\"application\/ld+json\" class=\"yoast-schema-graph\">{\"@context\":\"https:\/\/schema.org\",\"@graph\":[{\"@type\":\"Article\",\"@id\":\"https:\/\/www.garciafaura.com\/es\/contribucio-de-la-facana-a-leficiencia-energetica-dun-edifici\/#article\",\"isPartOf\":{\"@id\":\"https:\/\/www.garciafaura.com\/es\/contribucio-de-la-facana-a-leficiencia-energetica-dun-edifici\/\"},\"author\":{\"name\":\"David Achell\",\"@id\":\"https:\/\/www.garciafaura.com\/fr\/#\/schema\/person\/b4b75e69b33fac3446071909bec106b0\"},\"headline\":\"Contribuci\u00f3n de la fachada a la eficiencia energ\u00e9tica de un edificio\",\"datePublished\":\"2019-02-08T08:59:00+00:00\",\"dateModified\":\"2019-07-19T11:23:17+00:00\",\"mainEntityOfPage\":{\"@id\":\"https:\/\/www.garciafaura.com\/es\/contribucio-de-la-facana-a-leficiencia-energetica-dun-edifici\/\"},\"wordCount\":433,\"commentCount\":0,\"publisher\":{\"@id\":\"https:\/\/www.garciafaura.com\/fr\/#organization\"},\"image\":{\"@id\":\"https:\/\/www.garciafaura.com\/es\/contribucio-de-la-facana-a-leficiencia-energetica-dun-edifici\/#primaryimage\"},\"thumbnailUrl\":\"https:\/\/www.garciafaura.com\/wp-content\/uploads\/2019\/02\/227-01.jpg\",\"articleSection\":[\"Actualidad\"],\"inLanguage\":\"es\",\"potentialAction\":[{\"@type\":\"CommentAction\",\"name\":\"Comment\",\"target\":[\"https:\/\/www.garciafaura.com\/es\/contribucio-de-la-facana-a-leficiencia-energetica-dun-edifici\/#respond\"]}]},{\"@type\":\"WebPage\",\"@id\":\"https:\/\/www.garciafaura.com\/es\/contribucio-de-la-facana-a-leficiencia-energetica-dun-edifici\/\",\"url\":\"https:\/\/www.garciafaura.com\/es\/contribucio-de-la-facana-a-leficiencia-energetica-dun-edifici\/\",\"name\":\"Contribuci\u00f3n de la fachada a la eficiencia energ\u00e9tica de un edificio - GARCIA FAURA\",\"isPartOf\":{\"@id\":\"https:\/\/www.garciafaura.com\/fr\/#website\"},\"primaryImageOfPage\":{\"@id\":\"https:\/\/www.garciafaura.com\/es\/contribucio-de-la-facana-a-leficiencia-energetica-dun-edifici\/#primaryimage\"},\"image\":{\"@id\":\"https:\/\/www.garciafaura.com\/es\/contribucio-de-la-facana-a-leficiencia-energetica-dun-edifici\/#primaryimage\"},\"thumbnailUrl\":\"https:\/\/www.garciafaura.com\/wp-content\/uploads\/2019\/02\/227-01.jpg\",\"datePublished\":\"2019-02-08T08:59:00+00:00\",\"dateModified\":\"2019-07-19T11:23:17+00:00\",\"description\":\"Arquitectura en Alumini, Inox, Ferro i Vidre\",\"breadcrumb\":{\"@id\":\"https:\/\/www.garciafaura.com\/es\/contribucio-de-la-facana-a-leficiencia-energetica-dun-edifici\/#breadcrumb\"},\"inLanguage\":\"es\",\"potentialAction\":[{\"@type\":\"ReadAction\",\"target\":[\"https:\/\/www.garciafaura.com\/es\/contribucio-de-la-facana-a-leficiencia-energetica-dun-edifici\/\"]}]},{\"@type\":\"ImageObject\",\"inLanguage\":\"es\",\"@id\":\"https:\/\/www.garciafaura.com\/es\/contribucio-de-la-facana-a-leficiencia-energetica-dun-edifici\/#primaryimage\",\"url\":\"https:\/\/www.garciafaura.com\/wp-content\/uploads\/2019\/02\/227-01.jpg\",\"contentUrl\":\"https:\/\/www.garciafaura.com\/wp-content\/uploads\/2019\/02\/227-01.jpg\",\"width\":800,\"height\":534},{\"@type\":\"BreadcrumbList\",\"@id\":\"https:\/\/www.garciafaura.com\/es\/contribucio-de-la-facana-a-leficiencia-energetica-dun-edifici\/#breadcrumb\",\"itemListElement\":[{\"@type\":\"ListItem\",\"position\":1,\"name\":\"Inici\",\"item\":\"https:\/\/www.garciafaura.com\/es\/\"},{\"@type\":\"ListItem\",\"position\":2,\"name\":\"Contribuci\u00f3n de la fachada a la eficiencia energ\u00e9tica de un edificio\"}]},{\"@type\":\"WebSite\",\"@id\":\"https:\/\/www.garciafaura.com\/fr\/#website\",\"url\":\"https:\/\/www.garciafaura.com\/fr\/\",\"name\":\"GARCIA FAURA\",\"description\":\"Arquitectura en Alumini, Inox, Ferro i Vidre\",\"publisher\":{\"@id\":\"https:\/\/www.garciafaura.com\/fr\/#organization\"},\"potentialAction\":[{\"@type\":\"SearchAction\",\"target\":{\"@type\":\"EntryPoint\",\"urlTemplate\":\"https:\/\/www.garciafaura.com\/fr\/?s={search_term_string}\"},\"query-input\":{\"@type\":\"PropertyValueSpecification\",\"valueRequired\":true,\"valueName\":\"search_term_string\"}}],\"inLanguage\":\"es\"},{\"@type\":\"Organization\",\"@id\":\"https:\/\/www.garciafaura.com\/fr\/#organization\",\"name\":\"GARCIA FAURA\",\"url\":\"https:\/\/www.garciafaura.com\/fr\/\",\"logo\":{\"@type\":\"ImageObject\",\"inLanguage\":\"es\",\"@id\":\"https:\/\/www.garciafaura.com\/fr\/#\/schema\/logo\/image\/\",\"url\":\"https:\/\/www.garciafaura.com\/wp-content\/uploads\/2018\/09\/Garcia-Faura.png\",\"contentUrl\":\"https:\/\/www.garciafaura.com\/wp-content\/uploads\/2018\/09\/Garcia-Faura.png\",\"width\":512,\"height\":512,\"caption\":\"GARCIA FAURA\"},\"image\":{\"@id\":\"https:\/\/www.garciafaura.com\/fr\/#\/schema\/logo\/image\/\"},\"sameAs\":[\"https:\/\/www.youtube.com\/user\/GARCIAFAURA\"]},{\"@type\":\"Person\",\"@id\":\"https:\/\/www.garciafaura.com\/fr\/#\/schema\/person\/b4b75e69b33fac3446071909bec106b0\",\"name\":\"David Achell\",\"image\":{\"@type\":\"ImageObject\",\"inLanguage\":\"es\",\"@id\":\"https:\/\/www.garciafaura.com\/fr\/#\/schema\/person\/image\/\",\"url\":\"https:\/\/secure.gravatar.com\/avatar\/03900210afc1f61bce737bcb4a79c02e2c997f171e3eca839b5a4cbe03846c90?s=96&d=blank&r=g\",\"contentUrl\":\"https:\/\/secure.gravatar.com\/avatar\/03900210afc1f61bce737bcb4a79c02e2c997f171e3eca839b5a4cbe03846c90?s=96&d=blank&r=g\",\"caption\":\"David Achell\"}}]}<\/script>\n<!-- \/ Yoast SEO plugin. -->","yoast_head_json":{"title":"Contribuci\u00f3n de la fachada a la eficiencia energ\u00e9tica de un edificio - GARCIA FAURA","description":"Arquitectura en Alumini, Inox, Ferro i Vidre","robots":{"index":"index","follow":"follow","max-snippet":"max-snippet:-1","max-image-preview":"max-image-preview:large","max-video-preview":"max-video-preview:-1"},"canonical":"https:\/\/www.garciafaura.com\/es\/contribucio-de-la-facana-a-leficiencia-energetica-dun-edifici\/","og_locale":"es_ES","og_type":"article","og_title":"Contribuci\u00f3n de la fachada a la eficiencia energ\u00e9tica de un edificio - GARCIA FAURA","og_description":"Arquitectura en Alumini, Inox, Ferro i Vidre","og_url":"https:\/\/www.garciafaura.com\/es\/contribucio-de-la-facana-a-leficiencia-energetica-dun-edifici\/","og_site_name":"GARCIA FAURA","article_published_time":"2019-02-08T08:59:00+00:00","article_modified_time":"2019-07-19T11:23:17+00:00","og_image":[{"width":800,"height":534,"url":"https:\/\/www.garciafaura.com\/wp-content\/uploads\/2019\/02\/227-01.jpg","type":"image\/jpeg"}],"author":"David Achell","twitter_card":"summary_large_image","twitter_misc":{"Escrito por":"David Achell","Tiempo de lectura":"2 minutos"},"schema":{"@context":"https:\/\/schema.org","@graph":[{"@type":"Article","@id":"https:\/\/www.garciafaura.com\/es\/contribucio-de-la-facana-a-leficiencia-energetica-dun-edifici\/#article","isPartOf":{"@id":"https:\/\/www.garciafaura.com\/es\/contribucio-de-la-facana-a-leficiencia-energetica-dun-edifici\/"},"author":{"name":"David Achell","@id":"https:\/\/www.garciafaura.com\/fr\/#\/schema\/person\/b4b75e69b33fac3446071909bec106b0"},"headline":"Contribuci\u00f3n de la fachada a la eficiencia energ\u00e9tica de un edificio","datePublished":"2019-02-08T08:59:00+00:00","dateModified":"2019-07-19T11:23:17+00:00","mainEntityOfPage":{"@id":"https:\/\/www.garciafaura.com\/es\/contribucio-de-la-facana-a-leficiencia-energetica-dun-edifici\/"},"wordCount":433,"commentCount":0,"publisher":{"@id":"https:\/\/www.garciafaura.com\/fr\/#organization"},"image":{"@id":"https:\/\/www.garciafaura.com\/es\/contribucio-de-la-facana-a-leficiencia-energetica-dun-edifici\/#primaryimage"},"thumbnailUrl":"https:\/\/www.garciafaura.com\/wp-content\/uploads\/2019\/02\/227-01.jpg","articleSection":["Actualidad"],"inLanguage":"es","potentialAction":[{"@type":"CommentAction","name":"Comment","target":["https:\/\/www.garciafaura.com\/es\/contribucio-de-la-facana-a-leficiencia-energetica-dun-edifici\/#respond"]}]},{"@type":"WebPage","@id":"https:\/\/www.garciafaura.com\/es\/contribucio-de-la-facana-a-leficiencia-energetica-dun-edifici\/","url":"https:\/\/www.garciafaura.com\/es\/contribucio-de-la-facana-a-leficiencia-energetica-dun-edifici\/","name":"Contribuci\u00f3n de la fachada a la eficiencia energ\u00e9tica de un edificio - GARCIA FAURA","isPartOf":{"@id":"https:\/\/www.garciafaura.com\/fr\/#website"},"primaryImageOfPage":{"@id":"https:\/\/www.garciafaura.com\/es\/contribucio-de-la-facana-a-leficiencia-energetica-dun-edifici\/#primaryimage"},"image":{"@id":"https:\/\/www.garciafaura.com\/es\/contribucio-de-la-facana-a-leficiencia-energetica-dun-edifici\/#primaryimage"},"thumbnailUrl":"https:\/\/www.garciafaura.com\/wp-content\/uploads\/2019\/02\/227-01.jpg","datePublished":"2019-02-08T08:59:00+00:00","dateModified":"2019-07-19T11:23:17+00:00","description":"Arquitectura en Alumini, Inox, Ferro i Vidre","breadcrumb":{"@id":"https:\/\/www.garciafaura.com\/es\/contribucio-de-la-facana-a-leficiencia-energetica-dun-edifici\/#breadcrumb"},"inLanguage":"es","potentialAction":[{"@type":"ReadAction","target":["https:\/\/www.garciafaura.com\/es\/contribucio-de-la-facana-a-leficiencia-energetica-dun-edifici\/"]}]},{"@type":"ImageObject","inLanguage":"es","@id":"https:\/\/www.garciafaura.com\/es\/contribucio-de-la-facana-a-leficiencia-energetica-dun-edifici\/#primaryimage","url":"https:\/\/www.garciafaura.com\/wp-content\/uploads\/2019\/02\/227-01.jpg","contentUrl":"https:\/\/www.garciafaura.com\/wp-content\/uploads\/2019\/02\/227-01.jpg","width":800,"height":534},{"@type":"BreadcrumbList","@id":"https:\/\/www.garciafaura.com\/es\/contribucio-de-la-facana-a-leficiencia-energetica-dun-edifici\/#breadcrumb","itemListElement":[{"@type":"ListItem","position":1,"name":"Inici","item":"https:\/\/www.garciafaura.com\/es\/"},{"@type":"ListItem","position":2,"name":"Contribuci\u00f3n de la fachada a la eficiencia energ\u00e9tica de un edificio"}]},{"@type":"WebSite","@id":"https:\/\/www.garciafaura.com\/fr\/#website","url":"https:\/\/www.garciafaura.com\/fr\/","name":"GARCIA FAURA","description":"Arquitectura en Alumini, Inox, Ferro i Vidre","publisher":{"@id":"https:\/\/www.garciafaura.com\/fr\/#organization"},"potentialAction":[{"@type":"SearchAction","target":{"@type":"EntryPoint","urlTemplate":"https:\/\/www.garciafaura.com\/fr\/?s={search_term_string}"},"query-input":{"@type":"PropertyValueSpecification","valueRequired":true,"valueName":"search_term_string"}}],"inLanguage":"es"},{"@type":"Organization","@id":"https:\/\/www.garciafaura.com\/fr\/#organization","name":"GARCIA FAURA","url":"https:\/\/www.garciafaura.com\/fr\/","logo":{"@type":"ImageObject","inLanguage":"es","@id":"https:\/\/www.garciafaura.com\/fr\/#\/schema\/logo\/image\/","url":"https:\/\/www.garciafaura.com\/wp-content\/uploads\/2018\/09\/Garcia-Faura.png","contentUrl":"https:\/\/www.garciafaura.com\/wp-content\/uploads\/2018\/09\/Garcia-Faura.png","width":512,"height":512,"caption":"GARCIA FAURA"},"image":{"@id":"https:\/\/www.garciafaura.com\/fr\/#\/schema\/logo\/image\/"},"sameAs":["https:\/\/www.youtube.com\/user\/GARCIAFAURA"]},{"@type":"Person","@id":"https:\/\/www.garciafaura.com\/fr\/#\/schema\/person\/b4b75e69b33fac3446071909bec106b0","name":"David Achell","image":{"@type":"ImageObject","inLanguage":"es","@id":"https:\/\/www.garciafaura.com\/fr\/#\/schema\/person\/image\/","url":"https:\/\/secure.gravatar.com\/avatar\/03900210afc1f61bce737bcb4a79c02e2c997f171e3eca839b5a4cbe03846c90?s=96&d=blank&r=g","contentUrl":"https:\/\/secure.gravatar.com\/avatar\/03900210afc1f61bce737bcb4a79c02e2c997f171e3eca839b5a4cbe03846c90?s=96&d=blank&r=g","caption":"David Achell"}}]}},"_links":{"self":[{"href":"https:\/\/www.garciafaura.com\/es\/wp-json\/wp\/v2\/posts\/17147","targetHints":{"allow":["GET"]}}],"collection":[{"href":"https:\/\/www.garciafaura.com\/es\/wp-json\/wp\/v2\/posts"}],"about":[{"href":"https:\/\/www.garciafaura.com\/es\/wp-json\/wp\/v2\/types\/post"}],"author":[{"embeddable":true,"href":"https:\/\/www.garciafaura.com\/es\/wp-json\/wp\/v2\/users\/3"}],"replies":[{"embeddable":true,"href":"https:\/\/www.garciafaura.com\/es\/wp-json\/wp\/v2\/comments?post=17147"}],"version-history":[{"count":1,"href":"https:\/\/www.garciafaura.com\/es\/wp-json\/wp\/v2\/posts\/17147\/revisions"}],"predecessor-version":[{"id":17150,"href":"https:\/\/www.garciafaura.com\/es\/wp-json\/wp\/v2\/posts\/17147\/revisions\/17150"}],"wp:featuredmedia":[{"embeddable":true,"href":"https:\/\/www.garciafaura.com\/es\/wp-json\/wp\/v2\/media\/17145"}],"wp:attachment":[{"href":"https:\/\/www.garciafaura.com\/es\/wp-json\/wp\/v2\/media?parent=17147"}],"wp:term":[{"taxonomy":"category","embeddable":true,"href":"https:\/\/www.garciafaura.com\/es\/wp-json\/wp\/v2\/categories?post=17147"},{"taxonomy":"post_tag","embeddable":true,"href":"https:\/\/www.garciafaura.com\/es\/wp-json\/wp\/v2\/tags?post=17147"},{"taxonomy":"post_series","embeddable":true,"href":"https:\/\/www.garciafaura.com\/es\/wp-json\/wp\/v2\/post_series?post=17147"}],"curies":[{"name":"wp","href":"https:\/\/api.w.org\/{rel}","templated":true}]}}