{"id":17135,"date":"2019-02-07T10:11:10","date_gmt":"2019-02-07T10:11:10","guid":{"rendered":"https:\/\/www.garciafaura.com\/garcia-faura-amplia-su-proyeccion-internacional\/"},"modified":"2019-07-19T11:23:21","modified_gmt":"2019-07-19T11:23:21","slug":"garcia-faura-amplia-su-proyeccion-internacional","status":"publish","type":"post","link":"https:\/\/www.garciafaura.com\/es\/garcia-faura-amplia-su-proyeccion-internacional\/","title":{"rendered":"GARCIA FAURA ampl\u00eda su proyecci\u00f3n internacional"},"content":{"rendered":"<p style=\"text-align: justify;\"><strong>Garcia FAURA<\/strong> llevar\u00e1 el sello de su trabajo a la ciudad de Luxemburgo, concretamente a la zona de Kirchberg, donde participar\u00e1 en la construcci\u00f3n de un hotel y un edificio de oficinas entre abril y diciembre del pr\u00f3ximo a\u00f1o. Este barrio es el hogar de algunas instituciones de la Uni\u00f3n Europea (como el Tribunal de justicia, el de Cuentas o la Secretar\u00eda del Parlamento.<\/p>\n<p style=\"text-align: justify;\">Kirchberg es tambi\u00e9n un importante centro bancario (sede del Banco Europeo de Inversiones) y cultural (con las sedes de la Filarm\u00f3nica de Luxemburgo y el Museo de Arte Moderno), adem\u00e1s de ser un reconocido distrito residencial y de ocio. Adem\u00e1s, est\u00e1 bien comunicado con el aeropuerto de Luxemburgo.<\/p>\n<p style=\"text-align: justify;\">En el Hotel, <strong>GARCIA FAURA<\/strong> fabricar\u00e1 e instalar\u00e1 1.025 metros cuadrados de chasis de carpinter\u00eda de aluminio de alta gama, con vidrio de alto rendimiento t\u00e9rmico. Tambi\u00e9n instalar\u00e1 un muro cortina con vista al exterior y triple acristalamiento en la planta baja, donde habr\u00e1 tiendas. Finalmente, se colocar\u00e1n 17 puertas de aluminio y otros elementos, tales como lamas de ventilaci\u00f3n.<\/p>\n<p style=\"text-align: justify;\">En cuanto al edificio de oficinas, <strong>GARCIA FAURA<\/strong> instalar\u00e1 tambi\u00e9n una fachada de muro de cortina modular de doble piel, especialmente desarrollado para este proyecto. Tendr\u00e1 una piel interior que combinar\u00e1 \u00e1reas opacas con aberturas transparentes que incluir\u00e1n cristales de alto rendimiento t\u00e9rmico.<\/p>\n<p style=\"text-align: justify;\">La piel exterior tambi\u00e9n combina \u00e1reas opacas con transparentes en marcos de aluminio que crean una fachada modular de 4.870 metros cuadrados. El edificio tambi\u00e9n tendr\u00e1 600 metros cuadrados de muro cortina con vista al exterior y triple acristalamiento para la planta baja, adem\u00e1s de cinco puertas de aluminio.<\/p>\n<p style=\"text-align: justify;\">Cabe se\u00f1alar que este edificio tambi\u00e9n acoger\u00e1 unidades de la polic\u00eda, por lo que una parte de la fachada est\u00e1 hecha de vidrio a prueba de balas y un sistema de antirefracci\u00f3n. El conjunto de obras que incluye este proyecto son de alta complejidad t\u00e9cnica, un hecho que ha sido decisivo para que <strong>GARCIA FAURA<\/strong> recibiese la adjudicaci\u00f3n de la misma.<\/p>\n","protected":false},"excerpt":{"rendered":"<p>Garcia FAURA llevar\u00e1 el sello de su trabajo a la ciudad de Luxemburgo, concretamente a la zona de Kirchberg, donde participar\u00e1 en la construcci\u00f3n de un hotel y un edificio de oficinas entre abril y diciembre del pr\u00f3ximo a\u00f1o. Este&hellip;<\/p>\n","protected":false},"author":3,"featured_media":17132,"comment_status":"open","ping_status":"open","sticky":false,"template":"","format":"standard","meta":{"footnotes":""},"categories":[3],"tags":[],"post_series":[],"class_list":["post-17135","post","type-post","status-publish","format-standard","has-post-thumbnail","hentry","category-actualidad","entry","has-media"],"yoast_head":"<!-- This site is optimized with the Yoast SEO plugin v26.7 - https:\/\/yoast.com\/wordpress\/plugins\/seo\/ -->\n<title>GARCIA FAURA ampl\u00eda su proyecci\u00f3n internacional - GARCIA FAURA<\/title>\n<meta name=\"description\" content=\"Arquitectura en Alumini, Inox, Ferro i Vidre\" \/>\n<meta name=\"robots\" content=\"index, follow, max-snippet:-1, max-image-preview:large, max-video-preview:-1\" \/>\n<link rel=\"canonical\" href=\"https:\/\/www.garciafaura.com\/es\/garcia-faura-amplia-su-proyeccion-internacional\/\" \/>\n<meta property=\"og:locale\" content=\"es_ES\" \/>\n<meta property=\"og:type\" content=\"article\" \/>\n<meta property=\"og:title\" content=\"GARCIA FAURA ampl\u00eda su proyecci\u00f3n internacional - GARCIA FAURA\" \/>\n<meta property=\"og:description\" content=\"Arquitectura en Alumini, Inox, Ferro i Vidre\" \/>\n<meta property=\"og:url\" content=\"https:\/\/www.garciafaura.com\/es\/garcia-faura-amplia-su-proyeccion-internacional\/\" \/>\n<meta property=\"og:site_name\" content=\"GARCIA FAURA\" \/>\n<meta property=\"article:published_time\" content=\"2019-02-07T10:11:10+00:00\" \/>\n<meta property=\"article:modified_time\" content=\"2019-07-19T11:23:21+00:00\" \/>\n<meta property=\"og:image\" content=\"https:\/\/www.garciafaura.com\/wp-content\/uploads\/2019\/02\/obh-e1564659869913.jpg\" \/>\n\t<meta property=\"og:image:width\" content=\"784\" \/>\n\t<meta property=\"og:image:height\" content=\"408\" \/>\n\t<meta property=\"og:image:type\" content=\"image\/jpeg\" \/>\n<meta name=\"author\" content=\"David Achell\" \/>\n<meta name=\"twitter:card\" content=\"summary_large_image\" \/>\n<meta name=\"twitter:label1\" content=\"Escrito por\" \/>\n\t<meta name=\"twitter:data1\" content=\"David Achell\" \/>\n\t<meta name=\"twitter:label2\" content=\"Tiempo de lectura\" \/>\n\t<meta name=\"twitter:data2\" content=\"2 minutos\" \/>\n<script type=\"application\/ld+json\" class=\"yoast-schema-graph\">{\"@context\":\"https:\/\/schema.org\",\"@graph\":[{\"@type\":\"Article\",\"@id\":\"https:\/\/www.garciafaura.com\/es\/garcia-faura-amplia-su-proyeccion-internacional\/#article\",\"isPartOf\":{\"@id\":\"https:\/\/www.garciafaura.com\/es\/garcia-faura-amplia-su-proyeccion-internacional\/\"},\"author\":{\"name\":\"David Achell\",\"@id\":\"https:\/\/www.garciafaura.com\/fr\/#\/schema\/person\/b4b75e69b33fac3446071909bec106b0\"},\"headline\":\"GARCIA FAURA ampl\u00eda su proyecci\u00f3n internacional\",\"datePublished\":\"2019-02-07T10:11:10+00:00\",\"dateModified\":\"2019-07-19T11:23:21+00:00\",\"mainEntityOfPage\":{\"@id\":\"https:\/\/www.garciafaura.com\/es\/garcia-faura-amplia-su-proyeccion-internacional\/\"},\"wordCount\":355,\"commentCount\":0,\"publisher\":{\"@id\":\"https:\/\/www.garciafaura.com\/fr\/#organization\"},\"image\":{\"@id\":\"https:\/\/www.garciafaura.com\/es\/garcia-faura-amplia-su-proyeccion-internacional\/#primaryimage\"},\"thumbnailUrl\":\"https:\/\/www.garciafaura.com\/wp-content\/uploads\/2019\/02\/obh-e1564659869913.jpg\",\"articleSection\":[\"Actualidad\"],\"inLanguage\":\"es\",\"potentialAction\":[{\"@type\":\"CommentAction\",\"name\":\"Comment\",\"target\":[\"https:\/\/www.garciafaura.com\/es\/garcia-faura-amplia-su-proyeccion-internacional\/#respond\"]}]},{\"@type\":\"WebPage\",\"@id\":\"https:\/\/www.garciafaura.com\/es\/garcia-faura-amplia-su-proyeccion-internacional\/\",\"url\":\"https:\/\/www.garciafaura.com\/es\/garcia-faura-amplia-su-proyeccion-internacional\/\",\"name\":\"GARCIA FAURA ampl\u00eda su proyecci\u00f3n internacional - GARCIA FAURA\",\"isPartOf\":{\"@id\":\"https:\/\/www.garciafaura.com\/fr\/#website\"},\"primaryImageOfPage\":{\"@id\":\"https:\/\/www.garciafaura.com\/es\/garcia-faura-amplia-su-proyeccion-internacional\/#primaryimage\"},\"image\":{\"@id\":\"https:\/\/www.garciafaura.com\/es\/garcia-faura-amplia-su-proyeccion-internacional\/#primaryimage\"},\"thumbnailUrl\":\"https:\/\/www.garciafaura.com\/wp-content\/uploads\/2019\/02\/obh-e1564659869913.jpg\",\"datePublished\":\"2019-02-07T10:11:10+00:00\",\"dateModified\":\"2019-07-19T11:23:21+00:00\",\"description\":\"Arquitectura en Alumini, Inox, Ferro i Vidre\",\"breadcrumb\":{\"@id\":\"https:\/\/www.garciafaura.com\/es\/garcia-faura-amplia-su-proyeccion-internacional\/#breadcrumb\"},\"inLanguage\":\"es\",\"potentialAction\":[{\"@type\":\"ReadAction\",\"target\":[\"https:\/\/www.garciafaura.com\/es\/garcia-faura-amplia-su-proyeccion-internacional\/\"]}]},{\"@type\":\"ImageObject\",\"inLanguage\":\"es\",\"@id\":\"https:\/\/www.garciafaura.com\/es\/garcia-faura-amplia-su-proyeccion-internacional\/#primaryimage\",\"url\":\"https:\/\/www.garciafaura.com\/wp-content\/uploads\/2019\/02\/obh-e1564659869913.jpg\",\"contentUrl\":\"https:\/\/www.garciafaura.com\/wp-content\/uploads\/2019\/02\/obh-e1564659869913.jpg\",\"width\":784,\"height\":408},{\"@type\":\"BreadcrumbList\",\"@id\":\"https:\/\/www.garciafaura.com\/es\/garcia-faura-amplia-su-proyeccion-internacional\/#breadcrumb\",\"itemListElement\":[{\"@type\":\"ListItem\",\"position\":1,\"name\":\"Inici\",\"item\":\"https:\/\/www.garciafaura.com\/es\/\"},{\"@type\":\"ListItem\",\"position\":2,\"name\":\"GARCIA FAURA ampl\u00eda su proyecci\u00f3n internacional\"}]},{\"@type\":\"WebSite\",\"@id\":\"https:\/\/www.garciafaura.com\/fr\/#website\",\"url\":\"https:\/\/www.garciafaura.com\/fr\/\",\"name\":\"GARCIA FAURA\",\"description\":\"Arquitectura en Alumini, Inox, Ferro i Vidre\",\"publisher\":{\"@id\":\"https:\/\/www.garciafaura.com\/fr\/#organization\"},\"potentialAction\":[{\"@type\":\"SearchAction\",\"target\":{\"@type\":\"EntryPoint\",\"urlTemplate\":\"https:\/\/www.garciafaura.com\/fr\/?s={search_term_string}\"},\"query-input\":{\"@type\":\"PropertyValueSpecification\",\"valueRequired\":true,\"valueName\":\"search_term_string\"}}],\"inLanguage\":\"es\"},{\"@type\":\"Organization\",\"@id\":\"https:\/\/www.garciafaura.com\/fr\/#organization\",\"name\":\"GARCIA FAURA\",\"url\":\"https:\/\/www.garciafaura.com\/fr\/\",\"logo\":{\"@type\":\"ImageObject\",\"inLanguage\":\"es\",\"@id\":\"https:\/\/www.garciafaura.com\/fr\/#\/schema\/logo\/image\/\",\"url\":\"https:\/\/www.garciafaura.com\/wp-content\/uploads\/2018\/09\/Garcia-Faura.png\",\"contentUrl\":\"https:\/\/www.garciafaura.com\/wp-content\/uploads\/2018\/09\/Garcia-Faura.png\",\"width\":512,\"height\":512,\"caption\":\"GARCIA FAURA\"},\"image\":{\"@id\":\"https:\/\/www.garciafaura.com\/fr\/#\/schema\/logo\/image\/\"},\"sameAs\":[\"https:\/\/www.youtube.com\/user\/GARCIAFAURA\"]},{\"@type\":\"Person\",\"@id\":\"https:\/\/www.garciafaura.com\/fr\/#\/schema\/person\/b4b75e69b33fac3446071909bec106b0\",\"name\":\"David Achell\",\"image\":{\"@type\":\"ImageObject\",\"inLanguage\":\"es\",\"@id\":\"https:\/\/www.garciafaura.com\/fr\/#\/schema\/person\/image\/\",\"url\":\"https:\/\/secure.gravatar.com\/avatar\/03900210afc1f61bce737bcb4a79c02e2c997f171e3eca839b5a4cbe03846c90?s=96&d=blank&r=g\",\"contentUrl\":\"https:\/\/secure.gravatar.com\/avatar\/03900210afc1f61bce737bcb4a79c02e2c997f171e3eca839b5a4cbe03846c90?s=96&d=blank&r=g\",\"caption\":\"David Achell\"}}]}<\/script>\n<!-- \/ Yoast SEO plugin. -->","yoast_head_json":{"title":"GARCIA FAURA ampl\u00eda su proyecci\u00f3n internacional - GARCIA FAURA","description":"Arquitectura en Alumini, Inox, Ferro i Vidre","robots":{"index":"index","follow":"follow","max-snippet":"max-snippet:-1","max-image-preview":"max-image-preview:large","max-video-preview":"max-video-preview:-1"},"canonical":"https:\/\/www.garciafaura.com\/es\/garcia-faura-amplia-su-proyeccion-internacional\/","og_locale":"es_ES","og_type":"article","og_title":"GARCIA FAURA ampl\u00eda su proyecci\u00f3n internacional - GARCIA FAURA","og_description":"Arquitectura en Alumini, Inox, Ferro i Vidre","og_url":"https:\/\/www.garciafaura.com\/es\/garcia-faura-amplia-su-proyeccion-internacional\/","og_site_name":"GARCIA FAURA","article_published_time":"2019-02-07T10:11:10+00:00","article_modified_time":"2019-07-19T11:23:21+00:00","og_image":[{"width":784,"height":408,"url":"https:\/\/www.garciafaura.com\/wp-content\/uploads\/2019\/02\/obh-e1564659869913.jpg","type":"image\/jpeg"}],"author":"David Achell","twitter_card":"summary_large_image","twitter_misc":{"Escrito por":"David Achell","Tiempo de lectura":"2 minutos"},"schema":{"@context":"https:\/\/schema.org","@graph":[{"@type":"Article","@id":"https:\/\/www.garciafaura.com\/es\/garcia-faura-amplia-su-proyeccion-internacional\/#article","isPartOf":{"@id":"https:\/\/www.garciafaura.com\/es\/garcia-faura-amplia-su-proyeccion-internacional\/"},"author":{"name":"David Achell","@id":"https:\/\/www.garciafaura.com\/fr\/#\/schema\/person\/b4b75e69b33fac3446071909bec106b0"},"headline":"GARCIA FAURA ampl\u00eda su proyecci\u00f3n internacional","datePublished":"2019-02-07T10:11:10+00:00","dateModified":"2019-07-19T11:23:21+00:00","mainEntityOfPage":{"@id":"https:\/\/www.garciafaura.com\/es\/garcia-faura-amplia-su-proyeccion-internacional\/"},"wordCount":355,"commentCount":0,"publisher":{"@id":"https:\/\/www.garciafaura.com\/fr\/#organization"},"image":{"@id":"https:\/\/www.garciafaura.com\/es\/garcia-faura-amplia-su-proyeccion-internacional\/#primaryimage"},"thumbnailUrl":"https:\/\/www.garciafaura.com\/wp-content\/uploads\/2019\/02\/obh-e1564659869913.jpg","articleSection":["Actualidad"],"inLanguage":"es","potentialAction":[{"@type":"CommentAction","name":"Comment","target":["https:\/\/www.garciafaura.com\/es\/garcia-faura-amplia-su-proyeccion-internacional\/#respond"]}]},{"@type":"WebPage","@id":"https:\/\/www.garciafaura.com\/es\/garcia-faura-amplia-su-proyeccion-internacional\/","url":"https:\/\/www.garciafaura.com\/es\/garcia-faura-amplia-su-proyeccion-internacional\/","name":"GARCIA FAURA ampl\u00eda su proyecci\u00f3n internacional - GARCIA FAURA","isPartOf":{"@id":"https:\/\/www.garciafaura.com\/fr\/#website"},"primaryImageOfPage":{"@id":"https:\/\/www.garciafaura.com\/es\/garcia-faura-amplia-su-proyeccion-internacional\/#primaryimage"},"image":{"@id":"https:\/\/www.garciafaura.com\/es\/garcia-faura-amplia-su-proyeccion-internacional\/#primaryimage"},"thumbnailUrl":"https:\/\/www.garciafaura.com\/wp-content\/uploads\/2019\/02\/obh-e1564659869913.jpg","datePublished":"2019-02-07T10:11:10+00:00","dateModified":"2019-07-19T11:23:21+00:00","description":"Arquitectura en Alumini, Inox, Ferro i Vidre","breadcrumb":{"@id":"https:\/\/www.garciafaura.com\/es\/garcia-faura-amplia-su-proyeccion-internacional\/#breadcrumb"},"inLanguage":"es","potentialAction":[{"@type":"ReadAction","target":["https:\/\/www.garciafaura.com\/es\/garcia-faura-amplia-su-proyeccion-internacional\/"]}]},{"@type":"ImageObject","inLanguage":"es","@id":"https:\/\/www.garciafaura.com\/es\/garcia-faura-amplia-su-proyeccion-internacional\/#primaryimage","url":"https:\/\/www.garciafaura.com\/wp-content\/uploads\/2019\/02\/obh-e1564659869913.jpg","contentUrl":"https:\/\/www.garciafaura.com\/wp-content\/uploads\/2019\/02\/obh-e1564659869913.jpg","width":784,"height":408},{"@type":"BreadcrumbList","@id":"https:\/\/www.garciafaura.com\/es\/garcia-faura-amplia-su-proyeccion-internacional\/#breadcrumb","itemListElement":[{"@type":"ListItem","position":1,"name":"Inici","item":"https:\/\/www.garciafaura.com\/es\/"},{"@type":"ListItem","position":2,"name":"GARCIA FAURA ampl\u00eda su proyecci\u00f3n internacional"}]},{"@type":"WebSite","@id":"https:\/\/www.garciafaura.com\/fr\/#website","url":"https:\/\/www.garciafaura.com\/fr\/","name":"GARCIA FAURA","description":"Arquitectura en Alumini, Inox, Ferro i Vidre","publisher":{"@id":"https:\/\/www.garciafaura.com\/fr\/#organization"},"potentialAction":[{"@type":"SearchAction","target":{"@type":"EntryPoint","urlTemplate":"https:\/\/www.garciafaura.com\/fr\/?s={search_term_string}"},"query-input":{"@type":"PropertyValueSpecification","valueRequired":true,"valueName":"search_term_string"}}],"inLanguage":"es"},{"@type":"Organization","@id":"https:\/\/www.garciafaura.com\/fr\/#organization","name":"GARCIA FAURA","url":"https:\/\/www.garciafaura.com\/fr\/","logo":{"@type":"ImageObject","inLanguage":"es","@id":"https:\/\/www.garciafaura.com\/fr\/#\/schema\/logo\/image\/","url":"https:\/\/www.garciafaura.com\/wp-content\/uploads\/2018\/09\/Garcia-Faura.png","contentUrl":"https:\/\/www.garciafaura.com\/wp-content\/uploads\/2018\/09\/Garcia-Faura.png","width":512,"height":512,"caption":"GARCIA FAURA"},"image":{"@id":"https:\/\/www.garciafaura.com\/fr\/#\/schema\/logo\/image\/"},"sameAs":["https:\/\/www.youtube.com\/user\/GARCIAFAURA"]},{"@type":"Person","@id":"https:\/\/www.garciafaura.com\/fr\/#\/schema\/person\/b4b75e69b33fac3446071909bec106b0","name":"David Achell","image":{"@type":"ImageObject","inLanguage":"es","@id":"https:\/\/www.garciafaura.com\/fr\/#\/schema\/person\/image\/","url":"https:\/\/secure.gravatar.com\/avatar\/03900210afc1f61bce737bcb4a79c02e2c997f171e3eca839b5a4cbe03846c90?s=96&d=blank&r=g","contentUrl":"https:\/\/secure.gravatar.com\/avatar\/03900210afc1f61bce737bcb4a79c02e2c997f171e3eca839b5a4cbe03846c90?s=96&d=blank&r=g","caption":"David Achell"}}]}},"_links":{"self":[{"href":"https:\/\/www.garciafaura.com\/es\/wp-json\/wp\/v2\/posts\/17135","targetHints":{"allow":["GET"]}}],"collection":[{"href":"https:\/\/www.garciafaura.com\/es\/wp-json\/wp\/v2\/posts"}],"about":[{"href":"https:\/\/www.garciafaura.com\/es\/wp-json\/wp\/v2\/types\/post"}],"author":[{"embeddable":true,"href":"https:\/\/www.garciafaura.com\/es\/wp-json\/wp\/v2\/users\/3"}],"replies":[{"embeddable":true,"href":"https:\/\/www.garciafaura.com\/es\/wp-json\/wp\/v2\/comments?post=17135"}],"version-history":[{"count":1,"href":"https:\/\/www.garciafaura.com\/es\/wp-json\/wp\/v2\/posts\/17135\/revisions"}],"predecessor-version":[{"id":21509,"href":"https:\/\/www.garciafaura.com\/es\/wp-json\/wp\/v2\/posts\/17135\/revisions\/21509"}],"wp:featuredmedia":[{"embeddable":true,"href":"https:\/\/www.garciafaura.com\/es\/wp-json\/wp\/v2\/media\/17132"}],"wp:attachment":[{"href":"https:\/\/www.garciafaura.com\/es\/wp-json\/wp\/v2\/media?parent=17135"}],"wp:term":[{"taxonomy":"category","embeddable":true,"href":"https:\/\/www.garciafaura.com\/es\/wp-json\/wp\/v2\/categories?post=17135"},{"taxonomy":"post_tag","embeddable":true,"href":"https:\/\/www.garciafaura.com\/es\/wp-json\/wp\/v2\/tags?post=17135"},{"taxonomy":"post_series","embeddable":true,"href":"https:\/\/www.garciafaura.com\/es\/wp-json\/wp\/v2\/post_series?post=17135"}],"curies":[{"name":"wp","href":"https:\/\/api.w.org\/{rel}","templated":true}]}}