{"id":17122,"date":"2019-02-05T10:54:16","date_gmt":"2019-02-05T10:54:16","guid":{"rendered":"https:\/\/www.garciafaura.com\/garcia-faura-contribuye-a-la-lucha-contra-el-cancer-infantil\/"},"modified":"2019-07-19T11:23:23","modified_gmt":"2019-07-19T11:23:23","slug":"garcia-faura-contribuye-a-la-lucha-contra-el-cancer-infantil","status":"publish","type":"post","link":"https:\/\/www.garciafaura.com\/es\/garcia-faura-contribuye-a-la-lucha-contra-el-cancer-infantil\/","title":{"rendered":"GARCIA FAURA contribuye a la lucha contra el c\u00e1ncer infantil"},"content":{"rendered":"<p style=\"text-align: justify;\">La empresa se ha adherido a la campa\u00f1a de escudos solidarios de la Polic\u00eda Local de Gav\u00e0 en el marco de la iniciativa de varias polic\u00edas locales de Catalu\u00f1a para recaudar fondos para la lucha contra el c\u00e1ncer infantil que se realiza en el Hospital Sant Joan de D\u00e9u de Barcelona.<\/p>\n<p style=\"text-align: justify;\">Estos escudos solidarios est\u00e1n adornados con una banda de ribetes amarillos (color caracter\u00edstico de la lucha contra el c\u00e1ncer infantil) con el lema #pelsvalents (#paralosvalientes). La iniciativa surgi\u00f3 a la Polic\u00eda Local de Caldes de Malavella y se ha extendido a otros cuerpos locales, tambi\u00e9n a los del Baix Llobregat, como los de Gav\u00e0, Viladecans, Castelldefels, Begues, Corbera o Sant Boi, entre otros. La iniciativa va sorgir a la Policia Local de Caldes de Malavella i s&#8217;ha est\u00e8s a altres cossos locals, tamb\u00e9 als del Baix Llobregat, com els de Gav\u00e0, Viladecans, Castelldefels, Begues, Corbera o Sant Boi, entre altres.<\/p>\n<p style=\"text-align: justify;\">De esta manera <strong>Garc\u00eda FAURA<\/strong> se convierte en un punto de venta de estos escudos, fomentando al mismo tiempo el conocimiento de la campa\u00f1a entre sus trabajadores, con el objetivo de contribuir a la recolecci\u00f3n total de la campa\u00f1a. Els quatre euros que costa l&#8217;escut (que \u00e9s brodat i s&#8217;enganxa f\u00e0cilment a la roba amb la planxa) es destinen a l&#8217;Hospital Sant Joan de D\u00e9u per al finan\u00e7ament del Pediatric Cancer Center, un equipament oncol\u00f2gic infantil que hauria de comen\u00e7ar a construir-se al llarg d&#8217;aquest any. El proyecto, que tiene un coste de unos 30 millones de euros, ser\u00e1 el centro de oncolog\u00eda pedi\u00e1trica m\u00e1s grande de Europa.<\/p>\n<p style=\"text-align: justify;\">El Hospital Sant Joan de D\u00e9u a\u00fan necesita la mitad del dinero para hacer realidad este equipamiento, que tendr\u00e1 40 habitaciones y capacidad para atender 400 familias cada a\u00f1o, adem\u00e1s de estar completamente adaptado a las necesidades de los pacientes infantiles. Por esta raz\u00f3n, el hospital busca financiamiento a trav\u00e9s de iniciativas caritativas como las de las polic\u00edas locales.<\/p>\n","protected":false},"excerpt":{"rendered":"<p>La empresa se ha adherido a la campa\u00f1a de escudos solidarios de la Polic\u00eda Local de Gav\u00e0 en el marco de la iniciativa de varias polic\u00edas locales de Catalu\u00f1a para recaudar fondos para la lucha contra el c\u00e1ncer infantil que&hellip;<\/p>\n","protected":false},"author":3,"featured_media":17119,"comment_status":"open","ping_status":"open","sticky":false,"template":"","format":"standard","meta":{"footnotes":""},"categories":[3],"tags":[],"post_series":[],"class_list":["post-17122","post","type-post","status-publish","format-standard","has-post-thumbnail","hentry","category-actualidad","entry","has-media"],"yoast_head":"<!-- This site is optimized with the Yoast SEO plugin v26.7 - https:\/\/yoast.com\/wordpress\/plugins\/seo\/ -->\n<title>GARCIA FAURA contribuye a la lucha contra el c\u00e1ncer infantil - GARCIA FAURA<\/title>\n<meta name=\"description\" content=\"Arquitectura en Alumini, Inox, Ferro i Vidre\" \/>\n<meta name=\"robots\" content=\"index, follow, max-snippet:-1, max-image-preview:large, max-video-preview:-1\" \/>\n<link rel=\"canonical\" href=\"https:\/\/www.garciafaura.com\/es\/garcia-faura-contribuye-a-la-lucha-contra-el-cancer-infantil\/\" \/>\n<meta property=\"og:locale\" content=\"es_ES\" \/>\n<meta property=\"og:type\" content=\"article\" \/>\n<meta property=\"og:title\" content=\"GARCIA FAURA contribuye a la lucha contra el c\u00e1ncer infantil - GARCIA FAURA\" \/>\n<meta property=\"og:description\" content=\"Arquitectura en Alumini, Inox, Ferro i Vidre\" \/>\n<meta property=\"og:url\" content=\"https:\/\/www.garciafaura.com\/es\/garcia-faura-contribuye-a-la-lucha-contra-el-cancer-infantil\/\" \/>\n<meta property=\"og:site_name\" content=\"GARCIA FAURA\" \/>\n<meta property=\"article:published_time\" content=\"2019-02-05T10:54:16+00:00\" \/>\n<meta property=\"article:modified_time\" content=\"2019-07-19T11:23:23+00:00\" \/>\n<meta property=\"og:image\" content=\"https:\/\/www.garciafaura.com\/wp-content\/uploads\/2019\/02\/20181105_121014.jpg\" \/>\n\t<meta property=\"og:image:width\" content=\"800\" \/>\n\t<meta property=\"og:image:height\" content=\"450\" \/>\n\t<meta property=\"og:image:type\" content=\"image\/jpeg\" \/>\n<meta name=\"author\" content=\"David Achell\" \/>\n<meta name=\"twitter:card\" content=\"summary_large_image\" \/>\n<meta name=\"twitter:label1\" content=\"Escrito por\" \/>\n\t<meta name=\"twitter:data1\" content=\"David Achell\" \/>\n\t<meta name=\"twitter:label2\" content=\"Tiempo de lectura\" \/>\n\t<meta name=\"twitter:data2\" content=\"2 minutos\" \/>\n<script type=\"application\/ld+json\" class=\"yoast-schema-graph\">{\"@context\":\"https:\/\/schema.org\",\"@graph\":[{\"@type\":\"Article\",\"@id\":\"https:\/\/www.garciafaura.com\/es\/garcia-faura-contribuye-a-la-lucha-contra-el-cancer-infantil\/#article\",\"isPartOf\":{\"@id\":\"https:\/\/www.garciafaura.com\/es\/garcia-faura-contribuye-a-la-lucha-contra-el-cancer-infantil\/\"},\"author\":{\"name\":\"David Achell\",\"@id\":\"https:\/\/www.garciafaura.com\/fr\/#\/schema\/person\/b4b75e69b33fac3446071909bec106b0\"},\"headline\":\"GARCIA FAURA contribuye a la lucha contra el c\u00e1ncer infantil\",\"datePublished\":\"2019-02-05T10:54:16+00:00\",\"dateModified\":\"2019-07-19T11:23:23+00:00\",\"mainEntityOfPage\":{\"@id\":\"https:\/\/www.garciafaura.com\/es\/garcia-faura-contribuye-a-la-lucha-contra-el-cancer-infantil\/\"},\"wordCount\":362,\"commentCount\":0,\"publisher\":{\"@id\":\"https:\/\/www.garciafaura.com\/fr\/#organization\"},\"image\":{\"@id\":\"https:\/\/www.garciafaura.com\/es\/garcia-faura-contribuye-a-la-lucha-contra-el-cancer-infantil\/#primaryimage\"},\"thumbnailUrl\":\"https:\/\/www.garciafaura.com\/wp-content\/uploads\/2019\/02\/20181105_121014.jpg\",\"articleSection\":[\"Actualidad\"],\"inLanguage\":\"es\",\"potentialAction\":[{\"@type\":\"CommentAction\",\"name\":\"Comment\",\"target\":[\"https:\/\/www.garciafaura.com\/es\/garcia-faura-contribuye-a-la-lucha-contra-el-cancer-infantil\/#respond\"]}]},{\"@type\":\"WebPage\",\"@id\":\"https:\/\/www.garciafaura.com\/es\/garcia-faura-contribuye-a-la-lucha-contra-el-cancer-infantil\/\",\"url\":\"https:\/\/www.garciafaura.com\/es\/garcia-faura-contribuye-a-la-lucha-contra-el-cancer-infantil\/\",\"name\":\"GARCIA FAURA contribuye a la lucha contra el c\u00e1ncer infantil - GARCIA FAURA\",\"isPartOf\":{\"@id\":\"https:\/\/www.garciafaura.com\/fr\/#website\"},\"primaryImageOfPage\":{\"@id\":\"https:\/\/www.garciafaura.com\/es\/garcia-faura-contribuye-a-la-lucha-contra-el-cancer-infantil\/#primaryimage\"},\"image\":{\"@id\":\"https:\/\/www.garciafaura.com\/es\/garcia-faura-contribuye-a-la-lucha-contra-el-cancer-infantil\/#primaryimage\"},\"thumbnailUrl\":\"https:\/\/www.garciafaura.com\/wp-content\/uploads\/2019\/02\/20181105_121014.jpg\",\"datePublished\":\"2019-02-05T10:54:16+00:00\",\"dateModified\":\"2019-07-19T11:23:23+00:00\",\"description\":\"Arquitectura en Alumini, Inox, Ferro i Vidre\",\"breadcrumb\":{\"@id\":\"https:\/\/www.garciafaura.com\/es\/garcia-faura-contribuye-a-la-lucha-contra-el-cancer-infantil\/#breadcrumb\"},\"inLanguage\":\"es\",\"potentialAction\":[{\"@type\":\"ReadAction\",\"target\":[\"https:\/\/www.garciafaura.com\/es\/garcia-faura-contribuye-a-la-lucha-contra-el-cancer-infantil\/\"]}]},{\"@type\":\"ImageObject\",\"inLanguage\":\"es\",\"@id\":\"https:\/\/www.garciafaura.com\/es\/garcia-faura-contribuye-a-la-lucha-contra-el-cancer-infantil\/#primaryimage\",\"url\":\"https:\/\/www.garciafaura.com\/wp-content\/uploads\/2019\/02\/20181105_121014.jpg\",\"contentUrl\":\"https:\/\/www.garciafaura.com\/wp-content\/uploads\/2019\/02\/20181105_121014.jpg\",\"width\":800,\"height\":450},{\"@type\":\"BreadcrumbList\",\"@id\":\"https:\/\/www.garciafaura.com\/es\/garcia-faura-contribuye-a-la-lucha-contra-el-cancer-infantil\/#breadcrumb\",\"itemListElement\":[{\"@type\":\"ListItem\",\"position\":1,\"name\":\"Inici\",\"item\":\"https:\/\/www.garciafaura.com\/es\/\"},{\"@type\":\"ListItem\",\"position\":2,\"name\":\"GARCIA FAURA contribuye a la lucha contra el c\u00e1ncer infantil\"}]},{\"@type\":\"WebSite\",\"@id\":\"https:\/\/www.garciafaura.com\/fr\/#website\",\"url\":\"https:\/\/www.garciafaura.com\/fr\/\",\"name\":\"GARCIA FAURA\",\"description\":\"Arquitectura en Alumini, Inox, Ferro i Vidre\",\"publisher\":{\"@id\":\"https:\/\/www.garciafaura.com\/fr\/#organization\"},\"potentialAction\":[{\"@type\":\"SearchAction\",\"target\":{\"@type\":\"EntryPoint\",\"urlTemplate\":\"https:\/\/www.garciafaura.com\/fr\/?s={search_term_string}\"},\"query-input\":{\"@type\":\"PropertyValueSpecification\",\"valueRequired\":true,\"valueName\":\"search_term_string\"}}],\"inLanguage\":\"es\"},{\"@type\":\"Organization\",\"@id\":\"https:\/\/www.garciafaura.com\/fr\/#organization\",\"name\":\"GARCIA FAURA\",\"url\":\"https:\/\/www.garciafaura.com\/fr\/\",\"logo\":{\"@type\":\"ImageObject\",\"inLanguage\":\"es\",\"@id\":\"https:\/\/www.garciafaura.com\/fr\/#\/schema\/logo\/image\/\",\"url\":\"https:\/\/www.garciafaura.com\/wp-content\/uploads\/2018\/09\/Garcia-Faura.png\",\"contentUrl\":\"https:\/\/www.garciafaura.com\/wp-content\/uploads\/2018\/09\/Garcia-Faura.png\",\"width\":512,\"height\":512,\"caption\":\"GARCIA FAURA\"},\"image\":{\"@id\":\"https:\/\/www.garciafaura.com\/fr\/#\/schema\/logo\/image\/\"},\"sameAs\":[\"https:\/\/www.youtube.com\/user\/GARCIAFAURA\"]},{\"@type\":\"Person\",\"@id\":\"https:\/\/www.garciafaura.com\/fr\/#\/schema\/person\/b4b75e69b33fac3446071909bec106b0\",\"name\":\"David Achell\",\"image\":{\"@type\":\"ImageObject\",\"inLanguage\":\"es\",\"@id\":\"https:\/\/www.garciafaura.com\/fr\/#\/schema\/person\/image\/\",\"url\":\"https:\/\/secure.gravatar.com\/avatar\/03900210afc1f61bce737bcb4a79c02e2c997f171e3eca839b5a4cbe03846c90?s=96&d=blank&r=g\",\"contentUrl\":\"https:\/\/secure.gravatar.com\/avatar\/03900210afc1f61bce737bcb4a79c02e2c997f171e3eca839b5a4cbe03846c90?s=96&d=blank&r=g\",\"caption\":\"David Achell\"}}]}<\/script>\n<!-- \/ Yoast SEO plugin. -->","yoast_head_json":{"title":"GARCIA FAURA contribuye a la lucha contra el c\u00e1ncer infantil - GARCIA FAURA","description":"Arquitectura en Alumini, Inox, Ferro i Vidre","robots":{"index":"index","follow":"follow","max-snippet":"max-snippet:-1","max-image-preview":"max-image-preview:large","max-video-preview":"max-video-preview:-1"},"canonical":"https:\/\/www.garciafaura.com\/es\/garcia-faura-contribuye-a-la-lucha-contra-el-cancer-infantil\/","og_locale":"es_ES","og_type":"article","og_title":"GARCIA FAURA contribuye a la lucha contra el c\u00e1ncer infantil - GARCIA FAURA","og_description":"Arquitectura en Alumini, Inox, Ferro i Vidre","og_url":"https:\/\/www.garciafaura.com\/es\/garcia-faura-contribuye-a-la-lucha-contra-el-cancer-infantil\/","og_site_name":"GARCIA FAURA","article_published_time":"2019-02-05T10:54:16+00:00","article_modified_time":"2019-07-19T11:23:23+00:00","og_image":[{"width":800,"height":450,"url":"https:\/\/www.garciafaura.com\/wp-content\/uploads\/2019\/02\/20181105_121014.jpg","type":"image\/jpeg"}],"author":"David Achell","twitter_card":"summary_large_image","twitter_misc":{"Escrito por":"David Achell","Tiempo de lectura":"2 minutos"},"schema":{"@context":"https:\/\/schema.org","@graph":[{"@type":"Article","@id":"https:\/\/www.garciafaura.com\/es\/garcia-faura-contribuye-a-la-lucha-contra-el-cancer-infantil\/#article","isPartOf":{"@id":"https:\/\/www.garciafaura.com\/es\/garcia-faura-contribuye-a-la-lucha-contra-el-cancer-infantil\/"},"author":{"name":"David Achell","@id":"https:\/\/www.garciafaura.com\/fr\/#\/schema\/person\/b4b75e69b33fac3446071909bec106b0"},"headline":"GARCIA FAURA contribuye a la lucha contra el c\u00e1ncer infantil","datePublished":"2019-02-05T10:54:16+00:00","dateModified":"2019-07-19T11:23:23+00:00","mainEntityOfPage":{"@id":"https:\/\/www.garciafaura.com\/es\/garcia-faura-contribuye-a-la-lucha-contra-el-cancer-infantil\/"},"wordCount":362,"commentCount":0,"publisher":{"@id":"https:\/\/www.garciafaura.com\/fr\/#organization"},"image":{"@id":"https:\/\/www.garciafaura.com\/es\/garcia-faura-contribuye-a-la-lucha-contra-el-cancer-infantil\/#primaryimage"},"thumbnailUrl":"https:\/\/www.garciafaura.com\/wp-content\/uploads\/2019\/02\/20181105_121014.jpg","articleSection":["Actualidad"],"inLanguage":"es","potentialAction":[{"@type":"CommentAction","name":"Comment","target":["https:\/\/www.garciafaura.com\/es\/garcia-faura-contribuye-a-la-lucha-contra-el-cancer-infantil\/#respond"]}]},{"@type":"WebPage","@id":"https:\/\/www.garciafaura.com\/es\/garcia-faura-contribuye-a-la-lucha-contra-el-cancer-infantil\/","url":"https:\/\/www.garciafaura.com\/es\/garcia-faura-contribuye-a-la-lucha-contra-el-cancer-infantil\/","name":"GARCIA FAURA contribuye a la lucha contra el c\u00e1ncer infantil - GARCIA FAURA","isPartOf":{"@id":"https:\/\/www.garciafaura.com\/fr\/#website"},"primaryImageOfPage":{"@id":"https:\/\/www.garciafaura.com\/es\/garcia-faura-contribuye-a-la-lucha-contra-el-cancer-infantil\/#primaryimage"},"image":{"@id":"https:\/\/www.garciafaura.com\/es\/garcia-faura-contribuye-a-la-lucha-contra-el-cancer-infantil\/#primaryimage"},"thumbnailUrl":"https:\/\/www.garciafaura.com\/wp-content\/uploads\/2019\/02\/20181105_121014.jpg","datePublished":"2019-02-05T10:54:16+00:00","dateModified":"2019-07-19T11:23:23+00:00","description":"Arquitectura en Alumini, Inox, Ferro i Vidre","breadcrumb":{"@id":"https:\/\/www.garciafaura.com\/es\/garcia-faura-contribuye-a-la-lucha-contra-el-cancer-infantil\/#breadcrumb"},"inLanguage":"es","potentialAction":[{"@type":"ReadAction","target":["https:\/\/www.garciafaura.com\/es\/garcia-faura-contribuye-a-la-lucha-contra-el-cancer-infantil\/"]}]},{"@type":"ImageObject","inLanguage":"es","@id":"https:\/\/www.garciafaura.com\/es\/garcia-faura-contribuye-a-la-lucha-contra-el-cancer-infantil\/#primaryimage","url":"https:\/\/www.garciafaura.com\/wp-content\/uploads\/2019\/02\/20181105_121014.jpg","contentUrl":"https:\/\/www.garciafaura.com\/wp-content\/uploads\/2019\/02\/20181105_121014.jpg","width":800,"height":450},{"@type":"BreadcrumbList","@id":"https:\/\/www.garciafaura.com\/es\/garcia-faura-contribuye-a-la-lucha-contra-el-cancer-infantil\/#breadcrumb","itemListElement":[{"@type":"ListItem","position":1,"name":"Inici","item":"https:\/\/www.garciafaura.com\/es\/"},{"@type":"ListItem","position":2,"name":"GARCIA FAURA contribuye a la lucha contra el c\u00e1ncer infantil"}]},{"@type":"WebSite","@id":"https:\/\/www.garciafaura.com\/fr\/#website","url":"https:\/\/www.garciafaura.com\/fr\/","name":"GARCIA FAURA","description":"Arquitectura en Alumini, Inox, Ferro i Vidre","publisher":{"@id":"https:\/\/www.garciafaura.com\/fr\/#organization"},"potentialAction":[{"@type":"SearchAction","target":{"@type":"EntryPoint","urlTemplate":"https:\/\/www.garciafaura.com\/fr\/?s={search_term_string}"},"query-input":{"@type":"PropertyValueSpecification","valueRequired":true,"valueName":"search_term_string"}}],"inLanguage":"es"},{"@type":"Organization","@id":"https:\/\/www.garciafaura.com\/fr\/#organization","name":"GARCIA FAURA","url":"https:\/\/www.garciafaura.com\/fr\/","logo":{"@type":"ImageObject","inLanguage":"es","@id":"https:\/\/www.garciafaura.com\/fr\/#\/schema\/logo\/image\/","url":"https:\/\/www.garciafaura.com\/wp-content\/uploads\/2018\/09\/Garcia-Faura.png","contentUrl":"https:\/\/www.garciafaura.com\/wp-content\/uploads\/2018\/09\/Garcia-Faura.png","width":512,"height":512,"caption":"GARCIA FAURA"},"image":{"@id":"https:\/\/www.garciafaura.com\/fr\/#\/schema\/logo\/image\/"},"sameAs":["https:\/\/www.youtube.com\/user\/GARCIAFAURA"]},{"@type":"Person","@id":"https:\/\/www.garciafaura.com\/fr\/#\/schema\/person\/b4b75e69b33fac3446071909bec106b0","name":"David Achell","image":{"@type":"ImageObject","inLanguage":"es","@id":"https:\/\/www.garciafaura.com\/fr\/#\/schema\/person\/image\/","url":"https:\/\/secure.gravatar.com\/avatar\/03900210afc1f61bce737bcb4a79c02e2c997f171e3eca839b5a4cbe03846c90?s=96&d=blank&r=g","contentUrl":"https:\/\/secure.gravatar.com\/avatar\/03900210afc1f61bce737bcb4a79c02e2c997f171e3eca839b5a4cbe03846c90?s=96&d=blank&r=g","caption":"David Achell"}}]}},"_links":{"self":[{"href":"https:\/\/www.garciafaura.com\/es\/wp-json\/wp\/v2\/posts\/17122","targetHints":{"allow":["GET"]}}],"collection":[{"href":"https:\/\/www.garciafaura.com\/es\/wp-json\/wp\/v2\/posts"}],"about":[{"href":"https:\/\/www.garciafaura.com\/es\/wp-json\/wp\/v2\/types\/post"}],"author":[{"embeddable":true,"href":"https:\/\/www.garciafaura.com\/es\/wp-json\/wp\/v2\/users\/3"}],"replies":[{"embeddable":true,"href":"https:\/\/www.garciafaura.com\/es\/wp-json\/wp\/v2\/comments?post=17122"}],"version-history":[{"count":2,"href":"https:\/\/www.garciafaura.com\/es\/wp-json\/wp\/v2\/posts\/17122\/revisions"}],"predecessor-version":[{"id":22653,"href":"https:\/\/www.garciafaura.com\/es\/wp-json\/wp\/v2\/posts\/17122\/revisions\/22653"}],"wp:featuredmedia":[{"embeddable":true,"href":"https:\/\/www.garciafaura.com\/es\/wp-json\/wp\/v2\/media\/17119"}],"wp:attachment":[{"href":"https:\/\/www.garciafaura.com\/es\/wp-json\/wp\/v2\/media?parent=17122"}],"wp:term":[{"taxonomy":"category","embeddable":true,"href":"https:\/\/www.garciafaura.com\/es\/wp-json\/wp\/v2\/categories?post=17122"},{"taxonomy":"post_tag","embeddable":true,"href":"https:\/\/www.garciafaura.com\/es\/wp-json\/wp\/v2\/tags?post=17122"},{"taxonomy":"post_series","embeddable":true,"href":"https:\/\/www.garciafaura.com\/es\/wp-json\/wp\/v2\/post_series?post=17122"}],"curies":[{"name":"wp","href":"https:\/\/api.w.org\/{rel}","templated":true}]}}