{"id":6642,"date":"2017-01-30T00:00:00","date_gmt":"2017-01-30T00:00:00","guid":{"rendered":"https:\/\/www.garciafaura.com\/garcia-faura-edita-el-primer-numero-de-sus-cuadernos-tecnicos\/"},"modified":"2019-06-03T16:47:12","modified_gmt":"2019-06-03T16:47:12","slug":"garcia-faura-edita-el-primer-numero-de-sus-cuadernos-tecnicos","status":"publish","type":"post","link":"https:\/\/www.garciafaura.com\/en\/garcia-faura-edita-el-primer-numero-de-sus-cuadernos-tecnicos\/","title":{"rendered":"GARCIA FAURA edita el primer n\u00famero de sus Cuadernos T\u00e9cnicos"},"content":{"rendered":"<p>&nbsp;<\/p>\n<p>Con la voluntad de contribuir a la divulgaci\u00f3n de aspectos relacionados con la ingenier\u00eda constructiva y la aplicaci\u00f3n de materiales al servicio de la arquitectura,\u00a0<strong>GARCIA FAURA<\/strong>\u00a0lanza sus Cuadernos T\u00e9cnicos. Se trata de unas fichas peri\u00f3dicas a trav\u00e9s de las cuales el equipo de profesionales de la empresa reflexionar\u00e1 y dar\u00e1 a conocer sus conocimientos aplicados al sector de las fachadas, los cerramientos y las soluciones que materiales como el aluminio, el hierro o el vidrio pueden ofrecer a la arquitectura actual.<\/p>\n<p>&nbsp;<\/p>\n<p>En este primer n\u00famero la reflexi\u00f3n se centra sobre el valor que la fachada puede aportar a la sostenibilidad de un edificio, y como un correcto tratamiento de la envolvente constructivo puede generar importantes ahorros energ\u00e9ticos. El estudio parte de una reflexi\u00f3n t\u00e9cnica inicial y se ejemplifica con casos de \u00e9xito concretos a partir de la experiencia reciente de\u00a0<strong>GARCIA FAURA<\/strong>.<\/p>\n<p>&nbsp;<\/p>\n<p>Este primer Cuaderno ha sido desarrollado por Josu\u00e9 Estap\u00e9, ingeniero de\u00a0<strong>GARCIA FAURA<\/strong>\u00a0y miembro del \u00c1rea Comercial de la empresa. Se distribuye a trav\u00e9s de los canales de comunicaci\u00f3n habituales de la compa\u00f1\u00eda, as\u00ed como v\u00eda mailing a diferentes agentes del sector de la arquitectura, la ingenier\u00eda y la construcci\u00f3n.<\/p>\n<p><a href=\"https:\/\/www.garciafaura.com\/wp-content\/uploads\/2018\/11\/cuadernogf012.pdf\">cuadernogf01(2)<\/a><\/p>\n","protected":false},"excerpt":{"rendered":"<p>La nueva herramienta de divulgaci\u00f3n t\u00e9cnica pretende reflexionar sobre aspectos relacionados con la ingenier\u00eda constructiva y la aplicaci\u00f3n de materiales al servicio de la arquitectura. El primer n\u00famero se centra en el valor que una fachada puede aportar a la sostenibilidad de un edificio, contribuyendo a la reducci\u00f3n de consumo energ\u00e9tico del mismo.<\/p>\n","protected":false},"author":3,"featured_media":15275,"comment_status":"open","ping_status":"open","sticky":false,"template":"","format":"standard","meta":{"footnotes":""},"categories":[14],"tags":[],"post_series":[],"class_list":["post-6642","post","type-post","status-publish","format-standard","has-post-thumbnail","hentry","category-news","entry","has-media"],"yoast_head":"<!-- This site is optimized with the Yoast SEO plugin v26.7 - https:\/\/yoast.com\/wordpress\/plugins\/seo\/ -->\n<title>GARCIA FAURA edita el primer n\u00famero de sus Cuadernos T\u00e9cnicos - GARCIA FAURA<\/title>\n<meta name=\"description\" content=\"Arquitectura en Alumini, Inox, Ferro i Vidre\" \/>\n<meta name=\"robots\" content=\"index, follow, max-snippet:-1, max-image-preview:large, max-video-preview:-1\" \/>\n<link rel=\"canonical\" href=\"https:\/\/www.garciafaura.com\/en\/garcia-faura-edita-el-primer-numero-de-sus-cuadernos-tecnicos\/\" \/>\n<meta property=\"og:locale\" content=\"en_US\" \/>\n<meta property=\"og:type\" content=\"article\" \/>\n<meta property=\"og:title\" content=\"GARCIA FAURA edita el primer n\u00famero de sus Cuadernos T\u00e9cnicos - GARCIA FAURA\" \/>\n<meta property=\"og:description\" content=\"Arquitectura en Alumini, Inox, Ferro i Vidre\" \/>\n<meta property=\"og:url\" content=\"https:\/\/www.garciafaura.com\/en\/garcia-faura-edita-el-primer-numero-de-sus-cuadernos-tecnicos\/\" \/>\n<meta property=\"og:site_name\" content=\"GARCIA FAURA\" \/>\n<meta property=\"article:published_time\" content=\"2017-01-30T00:00:00+00:00\" \/>\n<meta property=\"article:modified_time\" content=\"2019-06-03T16:47:12+00:00\" \/>\n<meta property=\"og:image\" content=\"https:\/\/www.garciafaura.com\/wp-content\/uploads\/2018\/11\/GARCIA_FAURA_Instalacions_Planta_Gava\u0300_02.jpg\" \/>\n\t<meta property=\"og:image:width\" content=\"1200\" \/>\n\t<meta property=\"og:image:height\" content=\"628\" \/>\n\t<meta property=\"og:image:type\" content=\"image\/jpeg\" \/>\n<meta name=\"author\" content=\"David Achell\" \/>\n<meta name=\"twitter:card\" content=\"summary_large_image\" \/>\n<meta name=\"twitter:label1\" content=\"Written by\" \/>\n\t<meta name=\"twitter:data1\" content=\"David Achell\" \/>\n\t<meta name=\"twitter:label2\" content=\"Est. reading time\" \/>\n\t<meta name=\"twitter:data2\" content=\"1 minute\" \/>\n<script type=\"application\/ld+json\" class=\"yoast-schema-graph\">{\"@context\":\"https:\/\/schema.org\",\"@graph\":[{\"@type\":\"Article\",\"@id\":\"https:\/\/www.garciafaura.com\/en\/garcia-faura-edita-el-primer-numero-de-sus-cuadernos-tecnicos\/#article\",\"isPartOf\":{\"@id\":\"https:\/\/www.garciafaura.com\/en\/garcia-faura-edita-el-primer-numero-de-sus-cuadernos-tecnicos\/\"},\"author\":{\"name\":\"David Achell\",\"@id\":\"https:\/\/www.garciafaura.com\/fr\/#\/schema\/person\/b4b75e69b33fac3446071909bec106b0\"},\"headline\":\"GARCIA FAURA edita el primer n\u00famero de sus Cuadernos T\u00e9cnicos\",\"datePublished\":\"2017-01-30T00:00:00+00:00\",\"dateModified\":\"2019-06-03T16:47:12+00:00\",\"mainEntityOfPage\":{\"@id\":\"https:\/\/www.garciafaura.com\/en\/garcia-faura-edita-el-primer-numero-de-sus-cuadernos-tecnicos\/\"},\"wordCount\":228,\"commentCount\":0,\"publisher\":{\"@id\":\"https:\/\/www.garciafaura.com\/fr\/#organization\"},\"image\":{\"@id\":\"https:\/\/www.garciafaura.com\/en\/garcia-faura-edita-el-primer-numero-de-sus-cuadernos-tecnicos\/#primaryimage\"},\"thumbnailUrl\":\"https:\/\/www.garciafaura.com\/wp-content\/uploads\/2018\/11\/GARCIA_FAURA_Instalacions_Planta_Gava\u0300_02.jpg\",\"articleSection\":[\"News\"],\"inLanguage\":\"en-US\",\"potentialAction\":[{\"@type\":\"CommentAction\",\"name\":\"Comment\",\"target\":[\"https:\/\/www.garciafaura.com\/en\/garcia-faura-edita-el-primer-numero-de-sus-cuadernos-tecnicos\/#respond\"]}]},{\"@type\":\"WebPage\",\"@id\":\"https:\/\/www.garciafaura.com\/en\/garcia-faura-edita-el-primer-numero-de-sus-cuadernos-tecnicos\/\",\"url\":\"https:\/\/www.garciafaura.com\/en\/garcia-faura-edita-el-primer-numero-de-sus-cuadernos-tecnicos\/\",\"name\":\"GARCIA FAURA edita el primer n\u00famero de sus Cuadernos T\u00e9cnicos - GARCIA FAURA\",\"isPartOf\":{\"@id\":\"https:\/\/www.garciafaura.com\/fr\/#website\"},\"primaryImageOfPage\":{\"@id\":\"https:\/\/www.garciafaura.com\/en\/garcia-faura-edita-el-primer-numero-de-sus-cuadernos-tecnicos\/#primaryimage\"},\"image\":{\"@id\":\"https:\/\/www.garciafaura.com\/en\/garcia-faura-edita-el-primer-numero-de-sus-cuadernos-tecnicos\/#primaryimage\"},\"thumbnailUrl\":\"https:\/\/www.garciafaura.com\/wp-content\/uploads\/2018\/11\/GARCIA_FAURA_Instalacions_Planta_Gava\u0300_02.jpg\",\"datePublished\":\"2017-01-30T00:00:00+00:00\",\"dateModified\":\"2019-06-03T16:47:12+00:00\",\"description\":\"Arquitectura en Alumini, Inox, Ferro i Vidre\",\"breadcrumb\":{\"@id\":\"https:\/\/www.garciafaura.com\/en\/garcia-faura-edita-el-primer-numero-de-sus-cuadernos-tecnicos\/#breadcrumb\"},\"inLanguage\":\"en-US\",\"potentialAction\":[{\"@type\":\"ReadAction\",\"target\":[\"https:\/\/www.garciafaura.com\/en\/garcia-faura-edita-el-primer-numero-de-sus-cuadernos-tecnicos\/\"]}]},{\"@type\":\"ImageObject\",\"inLanguage\":\"en-US\",\"@id\":\"https:\/\/www.garciafaura.com\/en\/garcia-faura-edita-el-primer-numero-de-sus-cuadernos-tecnicos\/#primaryimage\",\"url\":\"https:\/\/www.garciafaura.com\/wp-content\/uploads\/2018\/11\/GARCIA_FAURA_Instalacions_Planta_Gava\u0300_02.jpg\",\"contentUrl\":\"https:\/\/www.garciafaura.com\/wp-content\/uploads\/2018\/11\/GARCIA_FAURA_Instalacions_Planta_Gava\u0300_02.jpg\",\"width\":1200,\"height\":628},{\"@type\":\"BreadcrumbList\",\"@id\":\"https:\/\/www.garciafaura.com\/en\/garcia-faura-edita-el-primer-numero-de-sus-cuadernos-tecnicos\/#breadcrumb\",\"itemListElement\":[{\"@type\":\"ListItem\",\"position\":1,\"name\":\"Inici\",\"item\":\"https:\/\/www.garciafaura.com\/en\/\"},{\"@type\":\"ListItem\",\"position\":2,\"name\":\"GARCIA FAURA edita el primer n\u00famero de sus Cuadernos T\u00e9cnicos\"}]},{\"@type\":\"WebSite\",\"@id\":\"https:\/\/www.garciafaura.com\/fr\/#website\",\"url\":\"https:\/\/www.garciafaura.com\/fr\/\",\"name\":\"GARCIA FAURA\",\"description\":\"Arquitectura en Alumini, Inox, Ferro i Vidre\",\"publisher\":{\"@id\":\"https:\/\/www.garciafaura.com\/fr\/#organization\"},\"potentialAction\":[{\"@type\":\"SearchAction\",\"target\":{\"@type\":\"EntryPoint\",\"urlTemplate\":\"https:\/\/www.garciafaura.com\/fr\/?s={search_term_string}\"},\"query-input\":{\"@type\":\"PropertyValueSpecification\",\"valueRequired\":true,\"valueName\":\"search_term_string\"}}],\"inLanguage\":\"en-US\"},{\"@type\":\"Organization\",\"@id\":\"https:\/\/www.garciafaura.com\/fr\/#organization\",\"name\":\"GARCIA FAURA\",\"url\":\"https:\/\/www.garciafaura.com\/fr\/\",\"logo\":{\"@type\":\"ImageObject\",\"inLanguage\":\"en-US\",\"@id\":\"https:\/\/www.garciafaura.com\/fr\/#\/schema\/logo\/image\/\",\"url\":\"https:\/\/www.garciafaura.com\/wp-content\/uploads\/2018\/09\/Garcia-Faura.png\",\"contentUrl\":\"https:\/\/www.garciafaura.com\/wp-content\/uploads\/2018\/09\/Garcia-Faura.png\",\"width\":512,\"height\":512,\"caption\":\"GARCIA FAURA\"},\"image\":{\"@id\":\"https:\/\/www.garciafaura.com\/fr\/#\/schema\/logo\/image\/\"},\"sameAs\":[\"https:\/\/www.youtube.com\/user\/GARCIAFAURA\"]},{\"@type\":\"Person\",\"@id\":\"https:\/\/www.garciafaura.com\/fr\/#\/schema\/person\/b4b75e69b33fac3446071909bec106b0\",\"name\":\"David Achell\",\"image\":{\"@type\":\"ImageObject\",\"inLanguage\":\"en-US\",\"@id\":\"https:\/\/www.garciafaura.com\/fr\/#\/schema\/person\/image\/\",\"url\":\"https:\/\/secure.gravatar.com\/avatar\/03900210afc1f61bce737bcb4a79c02e2c997f171e3eca839b5a4cbe03846c90?s=96&d=blank&r=g\",\"contentUrl\":\"https:\/\/secure.gravatar.com\/avatar\/03900210afc1f61bce737bcb4a79c02e2c997f171e3eca839b5a4cbe03846c90?s=96&d=blank&r=g\",\"caption\":\"David Achell\"}}]}<\/script>\n<!-- \/ Yoast SEO plugin. -->","yoast_head_json":{"title":"GARCIA FAURA edita el primer n\u00famero de sus Cuadernos T\u00e9cnicos - GARCIA FAURA","description":"Arquitectura en Alumini, Inox, Ferro i Vidre","robots":{"index":"index","follow":"follow","max-snippet":"max-snippet:-1","max-image-preview":"max-image-preview:large","max-video-preview":"max-video-preview:-1"},"canonical":"https:\/\/www.garciafaura.com\/en\/garcia-faura-edita-el-primer-numero-de-sus-cuadernos-tecnicos\/","og_locale":"en_US","og_type":"article","og_title":"GARCIA FAURA edita el primer n\u00famero de sus Cuadernos T\u00e9cnicos - GARCIA FAURA","og_description":"Arquitectura en Alumini, Inox, Ferro i Vidre","og_url":"https:\/\/www.garciafaura.com\/en\/garcia-faura-edita-el-primer-numero-de-sus-cuadernos-tecnicos\/","og_site_name":"GARCIA FAURA","article_published_time":"2017-01-30T00:00:00+00:00","article_modified_time":"2019-06-03T16:47:12+00:00","og_image":[{"width":1200,"height":628,"url":"https:\/\/www.garciafaura.com\/wp-content\/uploads\/2018\/11\/GARCIA_FAURA_Instalacions_Planta_Gava\u0300_02.jpg","type":"image\/jpeg"}],"author":"David Achell","twitter_card":"summary_large_image","twitter_misc":{"Written by":"David Achell","Est. reading time":"1 minute"},"schema":{"@context":"https:\/\/schema.org","@graph":[{"@type":"Article","@id":"https:\/\/www.garciafaura.com\/en\/garcia-faura-edita-el-primer-numero-de-sus-cuadernos-tecnicos\/#article","isPartOf":{"@id":"https:\/\/www.garciafaura.com\/en\/garcia-faura-edita-el-primer-numero-de-sus-cuadernos-tecnicos\/"},"author":{"name":"David Achell","@id":"https:\/\/www.garciafaura.com\/fr\/#\/schema\/person\/b4b75e69b33fac3446071909bec106b0"},"headline":"GARCIA FAURA edita el primer n\u00famero de sus Cuadernos T\u00e9cnicos","datePublished":"2017-01-30T00:00:00+00:00","dateModified":"2019-06-03T16:47:12+00:00","mainEntityOfPage":{"@id":"https:\/\/www.garciafaura.com\/en\/garcia-faura-edita-el-primer-numero-de-sus-cuadernos-tecnicos\/"},"wordCount":228,"commentCount":0,"publisher":{"@id":"https:\/\/www.garciafaura.com\/fr\/#organization"},"image":{"@id":"https:\/\/www.garciafaura.com\/en\/garcia-faura-edita-el-primer-numero-de-sus-cuadernos-tecnicos\/#primaryimage"},"thumbnailUrl":"https:\/\/www.garciafaura.com\/wp-content\/uploads\/2018\/11\/GARCIA_FAURA_Instalacions_Planta_Gava\u0300_02.jpg","articleSection":["News"],"inLanguage":"en-US","potentialAction":[{"@type":"CommentAction","name":"Comment","target":["https:\/\/www.garciafaura.com\/en\/garcia-faura-edita-el-primer-numero-de-sus-cuadernos-tecnicos\/#respond"]}]},{"@type":"WebPage","@id":"https:\/\/www.garciafaura.com\/en\/garcia-faura-edita-el-primer-numero-de-sus-cuadernos-tecnicos\/","url":"https:\/\/www.garciafaura.com\/en\/garcia-faura-edita-el-primer-numero-de-sus-cuadernos-tecnicos\/","name":"GARCIA FAURA edita el primer n\u00famero de sus Cuadernos T\u00e9cnicos - GARCIA FAURA","isPartOf":{"@id":"https:\/\/www.garciafaura.com\/fr\/#website"},"primaryImageOfPage":{"@id":"https:\/\/www.garciafaura.com\/en\/garcia-faura-edita-el-primer-numero-de-sus-cuadernos-tecnicos\/#primaryimage"},"image":{"@id":"https:\/\/www.garciafaura.com\/en\/garcia-faura-edita-el-primer-numero-de-sus-cuadernos-tecnicos\/#primaryimage"},"thumbnailUrl":"https:\/\/www.garciafaura.com\/wp-content\/uploads\/2018\/11\/GARCIA_FAURA_Instalacions_Planta_Gava\u0300_02.jpg","datePublished":"2017-01-30T00:00:00+00:00","dateModified":"2019-06-03T16:47:12+00:00","description":"Arquitectura en Alumini, Inox, Ferro i Vidre","breadcrumb":{"@id":"https:\/\/www.garciafaura.com\/en\/garcia-faura-edita-el-primer-numero-de-sus-cuadernos-tecnicos\/#breadcrumb"},"inLanguage":"en-US","potentialAction":[{"@type":"ReadAction","target":["https:\/\/www.garciafaura.com\/en\/garcia-faura-edita-el-primer-numero-de-sus-cuadernos-tecnicos\/"]}]},{"@type":"ImageObject","inLanguage":"en-US","@id":"https:\/\/www.garciafaura.com\/en\/garcia-faura-edita-el-primer-numero-de-sus-cuadernos-tecnicos\/#primaryimage","url":"https:\/\/www.garciafaura.com\/wp-content\/uploads\/2018\/11\/GARCIA_FAURA_Instalacions_Planta_Gava\u0300_02.jpg","contentUrl":"https:\/\/www.garciafaura.com\/wp-content\/uploads\/2018\/11\/GARCIA_FAURA_Instalacions_Planta_Gava\u0300_02.jpg","width":1200,"height":628},{"@type":"BreadcrumbList","@id":"https:\/\/www.garciafaura.com\/en\/garcia-faura-edita-el-primer-numero-de-sus-cuadernos-tecnicos\/#breadcrumb","itemListElement":[{"@type":"ListItem","position":1,"name":"Inici","item":"https:\/\/www.garciafaura.com\/en\/"},{"@type":"ListItem","position":2,"name":"GARCIA FAURA edita el primer n\u00famero de sus Cuadernos T\u00e9cnicos"}]},{"@type":"WebSite","@id":"https:\/\/www.garciafaura.com\/fr\/#website","url":"https:\/\/www.garciafaura.com\/fr\/","name":"GARCIA FAURA","description":"Arquitectura en Alumini, Inox, Ferro i Vidre","publisher":{"@id":"https:\/\/www.garciafaura.com\/fr\/#organization"},"potentialAction":[{"@type":"SearchAction","target":{"@type":"EntryPoint","urlTemplate":"https:\/\/www.garciafaura.com\/fr\/?s={search_term_string}"},"query-input":{"@type":"PropertyValueSpecification","valueRequired":true,"valueName":"search_term_string"}}],"inLanguage":"en-US"},{"@type":"Organization","@id":"https:\/\/www.garciafaura.com\/fr\/#organization","name":"GARCIA FAURA","url":"https:\/\/www.garciafaura.com\/fr\/","logo":{"@type":"ImageObject","inLanguage":"en-US","@id":"https:\/\/www.garciafaura.com\/fr\/#\/schema\/logo\/image\/","url":"https:\/\/www.garciafaura.com\/wp-content\/uploads\/2018\/09\/Garcia-Faura.png","contentUrl":"https:\/\/www.garciafaura.com\/wp-content\/uploads\/2018\/09\/Garcia-Faura.png","width":512,"height":512,"caption":"GARCIA FAURA"},"image":{"@id":"https:\/\/www.garciafaura.com\/fr\/#\/schema\/logo\/image\/"},"sameAs":["https:\/\/www.youtube.com\/user\/GARCIAFAURA"]},{"@type":"Person","@id":"https:\/\/www.garciafaura.com\/fr\/#\/schema\/person\/b4b75e69b33fac3446071909bec106b0","name":"David Achell","image":{"@type":"ImageObject","inLanguage":"en-US","@id":"https:\/\/www.garciafaura.com\/fr\/#\/schema\/person\/image\/","url":"https:\/\/secure.gravatar.com\/avatar\/03900210afc1f61bce737bcb4a79c02e2c997f171e3eca839b5a4cbe03846c90?s=96&d=blank&r=g","contentUrl":"https:\/\/secure.gravatar.com\/avatar\/03900210afc1f61bce737bcb4a79c02e2c997f171e3eca839b5a4cbe03846c90?s=96&d=blank&r=g","caption":"David Achell"}}]}},"_links":{"self":[{"href":"https:\/\/www.garciafaura.com\/en\/wp-json\/wp\/v2\/posts\/6642","targetHints":{"allow":["GET"]}}],"collection":[{"href":"https:\/\/www.garciafaura.com\/en\/wp-json\/wp\/v2\/posts"}],"about":[{"href":"https:\/\/www.garciafaura.com\/en\/wp-json\/wp\/v2\/types\/post"}],"author":[{"embeddable":true,"href":"https:\/\/www.garciafaura.com\/en\/wp-json\/wp\/v2\/users\/3"}],"replies":[{"embeddable":true,"href":"https:\/\/www.garciafaura.com\/en\/wp-json\/wp\/v2\/comments?post=6642"}],"version-history":[{"count":2,"href":"https:\/\/www.garciafaura.com\/en\/wp-json\/wp\/v2\/posts\/6642\/revisions"}],"predecessor-version":[{"id":7449,"href":"https:\/\/www.garciafaura.com\/en\/wp-json\/wp\/v2\/posts\/6642\/revisions\/7449"}],"wp:featuredmedia":[{"embeddable":true,"href":"https:\/\/www.garciafaura.com\/en\/wp-json\/wp\/v2\/media\/15275"}],"wp:attachment":[{"href":"https:\/\/www.garciafaura.com\/en\/wp-json\/wp\/v2\/media?parent=6642"}],"wp:term":[{"taxonomy":"category","embeddable":true,"href":"https:\/\/www.garciafaura.com\/en\/wp-json\/wp\/v2\/categories?post=6642"},{"taxonomy":"post_tag","embeddable":true,"href":"https:\/\/www.garciafaura.com\/en\/wp-json\/wp\/v2\/tags?post=6642"},{"taxonomy":"post_series","embeddable":true,"href":"https:\/\/www.garciafaura.com\/en\/wp-json\/wp\/v2\/post_series?post=6642"}],"curies":[{"name":"wp","href":"https:\/\/api.w.org\/{rel}","templated":true}]}}