{"id":6586,"date":"2016-09-07T00:00:00","date_gmt":"2016-09-07T00:00:00","guid":{"rendered":"https:\/\/www.garciafaura.com\/un-ete-a-travailler-sur-de-nouvelles-installations-scolaires\/"},"modified":"2019-06-03T16:50:07","modified_gmt":"2019-06-03T16:50:07","slug":"un-ete-a-travailler-sur-de-nouvelles-installations-scolaires","status":"publish","type":"post","link":"https:\/\/www.garciafaura.com\/en\/un-ete-a-travailler-sur-de-nouvelles-installations-scolaires\/","title":{"rendered":"Un \u00e9t\u00e9 \u00e0 travailler sur de nouvelles installations scolaires."},"content":{"rendered":"<p>&nbsp;<\/p>\n<p>With the arrival of the new school year some of these buildings will open facilities, while others will have to wait a few more months to become operational. <strong>GARCIA FAURA<\/strong> has continued to work this summer to meet each of the periods of work, and that those who had forecast opening for this September could be completed before the start of school activity.<\/p>\n","protected":false},"excerpt":{"rendered":"<p>With the arrival of the new school year some of these buildings will open facilities, while others will have to wait a few more months to become operational. GARCIA FAURA has continued to work this summer to meet each of the periods of work, and that those who had forecast opening for this September could be completed before the start of school activity.<\/p>\n","protected":false},"author":3,"featured_media":6565,"comment_status":"open","ping_status":"open","sticky":false,"template":"","format":"standard","meta":{"footnotes":""},"categories":[14],"tags":[],"post_series":[],"class_list":["post-6586","post","type-post","status-publish","format-standard","has-post-thumbnail","hentry","category-news","entry","has-media"],"yoast_head":"<!-- This site is optimized with the Yoast SEO plugin v26.7 - https:\/\/yoast.com\/wordpress\/plugins\/seo\/ -->\n<title>Un \u00e9t\u00e9 \u00e0 travailler sur de nouvelles installations scolaires. - GARCIA FAURA<\/title>\n<meta name=\"description\" content=\"Arquitectura en Alumini, Inox, Ferro i Vidre\" \/>\n<meta name=\"robots\" content=\"index, follow, max-snippet:-1, max-image-preview:large, max-video-preview:-1\" \/>\n<link rel=\"canonical\" href=\"https:\/\/www.garciafaura.com\/en\/un-ete-a-travailler-sur-de-nouvelles-installations-scolaires\/\" \/>\n<meta property=\"og:locale\" content=\"en_US\" \/>\n<meta property=\"og:type\" content=\"article\" \/>\n<meta property=\"og:title\" content=\"Un \u00e9t\u00e9 \u00e0 travailler sur de nouvelles installations scolaires. - GARCIA FAURA\" \/>\n<meta property=\"og:description\" content=\"Arquitectura en Alumini, Inox, Ferro i Vidre\" \/>\n<meta property=\"og:url\" content=\"https:\/\/www.garciafaura.com\/en\/un-ete-a-travailler-sur-de-nouvelles-installations-scolaires\/\" \/>\n<meta property=\"og:site_name\" content=\"GARCIA FAURA\" \/>\n<meta property=\"article:published_time\" content=\"2016-09-07T00:00:00+00:00\" \/>\n<meta property=\"article:modified_time\" content=\"2019-06-03T16:50:07+00:00\" \/>\n<meta property=\"og:image\" content=\"https:\/\/www.garciafaura.com\/wp-content\/uploads\/2018\/11\/institut_la_talaia_02-2.jpg\" \/>\n\t<meta property=\"og:image:width\" content=\"1\" \/>\n\t<meta property=\"og:image:height\" content=\"1\" \/>\n\t<meta property=\"og:image:type\" content=\"image\/jpeg\" \/>\n<meta name=\"author\" content=\"David Achell\" \/>\n<meta name=\"twitter:card\" content=\"summary_large_image\" \/>\n<meta name=\"twitter:label1\" content=\"Written by\" \/>\n\t<meta name=\"twitter:data1\" content=\"David Achell\" \/>\n<script type=\"application\/ld+json\" class=\"yoast-schema-graph\">{\"@context\":\"https:\/\/schema.org\",\"@graph\":[{\"@type\":\"Article\",\"@id\":\"https:\/\/www.garciafaura.com\/en\/un-ete-a-travailler-sur-de-nouvelles-installations-scolaires\/#article\",\"isPartOf\":{\"@id\":\"https:\/\/www.garciafaura.com\/en\/un-ete-a-travailler-sur-de-nouvelles-installations-scolaires\/\"},\"author\":{\"name\":\"David Achell\",\"@id\":\"https:\/\/www.garciafaura.com\/fr\/#\/schema\/person\/b4b75e69b33fac3446071909bec106b0\"},\"headline\":\"Un \u00e9t\u00e9 \u00e0 travailler sur de nouvelles installations scolaires.\",\"datePublished\":\"2016-09-07T00:00:00+00:00\",\"dateModified\":\"2019-06-03T16:50:07+00:00\",\"mainEntityOfPage\":{\"@id\":\"https:\/\/www.garciafaura.com\/en\/un-ete-a-travailler-sur-de-nouvelles-installations-scolaires\/\"},\"wordCount\":72,\"commentCount\":0,\"publisher\":{\"@id\":\"https:\/\/www.garciafaura.com\/fr\/#organization\"},\"image\":{\"@id\":\"https:\/\/www.garciafaura.com\/en\/un-ete-a-travailler-sur-de-nouvelles-installations-scolaires\/#primaryimage\"},\"thumbnailUrl\":\"https:\/\/www.garciafaura.com\/wp-content\/uploads\/2018\/11\/institut_la_talaia_02-2.jpg\",\"articleSection\":[\"News\"],\"inLanguage\":\"en-US\",\"potentialAction\":[{\"@type\":\"CommentAction\",\"name\":\"Comment\",\"target\":[\"https:\/\/www.garciafaura.com\/en\/un-ete-a-travailler-sur-de-nouvelles-installations-scolaires\/#respond\"]}]},{\"@type\":\"WebPage\",\"@id\":\"https:\/\/www.garciafaura.com\/en\/un-ete-a-travailler-sur-de-nouvelles-installations-scolaires\/\",\"url\":\"https:\/\/www.garciafaura.com\/en\/un-ete-a-travailler-sur-de-nouvelles-installations-scolaires\/\",\"name\":\"Un \u00e9t\u00e9 \u00e0 travailler sur de nouvelles installations scolaires. - GARCIA FAURA\",\"isPartOf\":{\"@id\":\"https:\/\/www.garciafaura.com\/fr\/#website\"},\"primaryImageOfPage\":{\"@id\":\"https:\/\/www.garciafaura.com\/en\/un-ete-a-travailler-sur-de-nouvelles-installations-scolaires\/#primaryimage\"},\"image\":{\"@id\":\"https:\/\/www.garciafaura.com\/en\/un-ete-a-travailler-sur-de-nouvelles-installations-scolaires\/#primaryimage\"},\"thumbnailUrl\":\"https:\/\/www.garciafaura.com\/wp-content\/uploads\/2018\/11\/institut_la_talaia_02-2.jpg\",\"datePublished\":\"2016-09-07T00:00:00+00:00\",\"dateModified\":\"2019-06-03T16:50:07+00:00\",\"description\":\"Arquitectura en Alumini, Inox, Ferro i Vidre\",\"breadcrumb\":{\"@id\":\"https:\/\/www.garciafaura.com\/en\/un-ete-a-travailler-sur-de-nouvelles-installations-scolaires\/#breadcrumb\"},\"inLanguage\":\"en-US\",\"potentialAction\":[{\"@type\":\"ReadAction\",\"target\":[\"https:\/\/www.garciafaura.com\/en\/un-ete-a-travailler-sur-de-nouvelles-installations-scolaires\/\"]}]},{\"@type\":\"ImageObject\",\"inLanguage\":\"en-US\",\"@id\":\"https:\/\/www.garciafaura.com\/en\/un-ete-a-travailler-sur-de-nouvelles-installations-scolaires\/#primaryimage\",\"url\":\"https:\/\/www.garciafaura.com\/wp-content\/uploads\/2018\/11\/institut_la_talaia_02-2.jpg\",\"contentUrl\":\"https:\/\/www.garciafaura.com\/wp-content\/uploads\/2018\/11\/institut_la_talaia_02-2.jpg\"},{\"@type\":\"BreadcrumbList\",\"@id\":\"https:\/\/www.garciafaura.com\/en\/un-ete-a-travailler-sur-de-nouvelles-installations-scolaires\/#breadcrumb\",\"itemListElement\":[{\"@type\":\"ListItem\",\"position\":1,\"name\":\"Inici\",\"item\":\"https:\/\/www.garciafaura.com\/en\/\"},{\"@type\":\"ListItem\",\"position\":2,\"name\":\"Un \u00e9t\u00e9 \u00e0 travailler sur de nouvelles installations scolaires.\"}]},{\"@type\":\"WebSite\",\"@id\":\"https:\/\/www.garciafaura.com\/fr\/#website\",\"url\":\"https:\/\/www.garciafaura.com\/fr\/\",\"name\":\"GARCIA FAURA\",\"description\":\"Arquitectura en Alumini, Inox, Ferro i Vidre\",\"publisher\":{\"@id\":\"https:\/\/www.garciafaura.com\/fr\/#organization\"},\"potentialAction\":[{\"@type\":\"SearchAction\",\"target\":{\"@type\":\"EntryPoint\",\"urlTemplate\":\"https:\/\/www.garciafaura.com\/fr\/?s={search_term_string}\"},\"query-input\":{\"@type\":\"PropertyValueSpecification\",\"valueRequired\":true,\"valueName\":\"search_term_string\"}}],\"inLanguage\":\"en-US\"},{\"@type\":\"Organization\",\"@id\":\"https:\/\/www.garciafaura.com\/fr\/#organization\",\"name\":\"GARCIA FAURA\",\"url\":\"https:\/\/www.garciafaura.com\/fr\/\",\"logo\":{\"@type\":\"ImageObject\",\"inLanguage\":\"en-US\",\"@id\":\"https:\/\/www.garciafaura.com\/fr\/#\/schema\/logo\/image\/\",\"url\":\"https:\/\/www.garciafaura.com\/wp-content\/uploads\/2018\/09\/Garcia-Faura.png\",\"contentUrl\":\"https:\/\/www.garciafaura.com\/wp-content\/uploads\/2018\/09\/Garcia-Faura.png\",\"width\":512,\"height\":512,\"caption\":\"GARCIA FAURA\"},\"image\":{\"@id\":\"https:\/\/www.garciafaura.com\/fr\/#\/schema\/logo\/image\/\"},\"sameAs\":[\"https:\/\/www.youtube.com\/user\/GARCIAFAURA\"]},{\"@type\":\"Person\",\"@id\":\"https:\/\/www.garciafaura.com\/fr\/#\/schema\/person\/b4b75e69b33fac3446071909bec106b0\",\"name\":\"David Achell\",\"image\":{\"@type\":\"ImageObject\",\"inLanguage\":\"en-US\",\"@id\":\"https:\/\/www.garciafaura.com\/fr\/#\/schema\/person\/image\/\",\"url\":\"https:\/\/secure.gravatar.com\/avatar\/03900210afc1f61bce737bcb4a79c02e2c997f171e3eca839b5a4cbe03846c90?s=96&d=blank&r=g\",\"contentUrl\":\"https:\/\/secure.gravatar.com\/avatar\/03900210afc1f61bce737bcb4a79c02e2c997f171e3eca839b5a4cbe03846c90?s=96&d=blank&r=g\",\"caption\":\"David Achell\"}}]}<\/script>\n<!-- \/ Yoast SEO plugin. -->","yoast_head_json":{"title":"Un \u00e9t\u00e9 \u00e0 travailler sur de nouvelles installations scolaires. - GARCIA FAURA","description":"Arquitectura en Alumini, Inox, Ferro i Vidre","robots":{"index":"index","follow":"follow","max-snippet":"max-snippet:-1","max-image-preview":"max-image-preview:large","max-video-preview":"max-video-preview:-1"},"canonical":"https:\/\/www.garciafaura.com\/en\/un-ete-a-travailler-sur-de-nouvelles-installations-scolaires\/","og_locale":"en_US","og_type":"article","og_title":"Un \u00e9t\u00e9 \u00e0 travailler sur de nouvelles installations scolaires. - GARCIA FAURA","og_description":"Arquitectura en Alumini, Inox, Ferro i Vidre","og_url":"https:\/\/www.garciafaura.com\/en\/un-ete-a-travailler-sur-de-nouvelles-installations-scolaires\/","og_site_name":"GARCIA FAURA","article_published_time":"2016-09-07T00:00:00+00:00","article_modified_time":"2019-06-03T16:50:07+00:00","og_image":[{"url":"https:\/\/www.garciafaura.com\/wp-content\/uploads\/2018\/11\/institut_la_talaia_02-2.jpg","width":1,"height":1,"type":"image\/jpeg"}],"author":"David Achell","twitter_card":"summary_large_image","twitter_misc":{"Written by":"David Achell"},"schema":{"@context":"https:\/\/schema.org","@graph":[{"@type":"Article","@id":"https:\/\/www.garciafaura.com\/en\/un-ete-a-travailler-sur-de-nouvelles-installations-scolaires\/#article","isPartOf":{"@id":"https:\/\/www.garciafaura.com\/en\/un-ete-a-travailler-sur-de-nouvelles-installations-scolaires\/"},"author":{"name":"David Achell","@id":"https:\/\/www.garciafaura.com\/fr\/#\/schema\/person\/b4b75e69b33fac3446071909bec106b0"},"headline":"Un \u00e9t\u00e9 \u00e0 travailler sur de nouvelles installations scolaires.","datePublished":"2016-09-07T00:00:00+00:00","dateModified":"2019-06-03T16:50:07+00:00","mainEntityOfPage":{"@id":"https:\/\/www.garciafaura.com\/en\/un-ete-a-travailler-sur-de-nouvelles-installations-scolaires\/"},"wordCount":72,"commentCount":0,"publisher":{"@id":"https:\/\/www.garciafaura.com\/fr\/#organization"},"image":{"@id":"https:\/\/www.garciafaura.com\/en\/un-ete-a-travailler-sur-de-nouvelles-installations-scolaires\/#primaryimage"},"thumbnailUrl":"https:\/\/www.garciafaura.com\/wp-content\/uploads\/2018\/11\/institut_la_talaia_02-2.jpg","articleSection":["News"],"inLanguage":"en-US","potentialAction":[{"@type":"CommentAction","name":"Comment","target":["https:\/\/www.garciafaura.com\/en\/un-ete-a-travailler-sur-de-nouvelles-installations-scolaires\/#respond"]}]},{"@type":"WebPage","@id":"https:\/\/www.garciafaura.com\/en\/un-ete-a-travailler-sur-de-nouvelles-installations-scolaires\/","url":"https:\/\/www.garciafaura.com\/en\/un-ete-a-travailler-sur-de-nouvelles-installations-scolaires\/","name":"Un \u00e9t\u00e9 \u00e0 travailler sur de nouvelles installations scolaires. - GARCIA FAURA","isPartOf":{"@id":"https:\/\/www.garciafaura.com\/fr\/#website"},"primaryImageOfPage":{"@id":"https:\/\/www.garciafaura.com\/en\/un-ete-a-travailler-sur-de-nouvelles-installations-scolaires\/#primaryimage"},"image":{"@id":"https:\/\/www.garciafaura.com\/en\/un-ete-a-travailler-sur-de-nouvelles-installations-scolaires\/#primaryimage"},"thumbnailUrl":"https:\/\/www.garciafaura.com\/wp-content\/uploads\/2018\/11\/institut_la_talaia_02-2.jpg","datePublished":"2016-09-07T00:00:00+00:00","dateModified":"2019-06-03T16:50:07+00:00","description":"Arquitectura en Alumini, Inox, Ferro i Vidre","breadcrumb":{"@id":"https:\/\/www.garciafaura.com\/en\/un-ete-a-travailler-sur-de-nouvelles-installations-scolaires\/#breadcrumb"},"inLanguage":"en-US","potentialAction":[{"@type":"ReadAction","target":["https:\/\/www.garciafaura.com\/en\/un-ete-a-travailler-sur-de-nouvelles-installations-scolaires\/"]}]},{"@type":"ImageObject","inLanguage":"en-US","@id":"https:\/\/www.garciafaura.com\/en\/un-ete-a-travailler-sur-de-nouvelles-installations-scolaires\/#primaryimage","url":"https:\/\/www.garciafaura.com\/wp-content\/uploads\/2018\/11\/institut_la_talaia_02-2.jpg","contentUrl":"https:\/\/www.garciafaura.com\/wp-content\/uploads\/2018\/11\/institut_la_talaia_02-2.jpg"},{"@type":"BreadcrumbList","@id":"https:\/\/www.garciafaura.com\/en\/un-ete-a-travailler-sur-de-nouvelles-installations-scolaires\/#breadcrumb","itemListElement":[{"@type":"ListItem","position":1,"name":"Inici","item":"https:\/\/www.garciafaura.com\/en\/"},{"@type":"ListItem","position":2,"name":"Un \u00e9t\u00e9 \u00e0 travailler sur de nouvelles installations scolaires."}]},{"@type":"WebSite","@id":"https:\/\/www.garciafaura.com\/fr\/#website","url":"https:\/\/www.garciafaura.com\/fr\/","name":"GARCIA FAURA","description":"Arquitectura en Alumini, Inox, Ferro i Vidre","publisher":{"@id":"https:\/\/www.garciafaura.com\/fr\/#organization"},"potentialAction":[{"@type":"SearchAction","target":{"@type":"EntryPoint","urlTemplate":"https:\/\/www.garciafaura.com\/fr\/?s={search_term_string}"},"query-input":{"@type":"PropertyValueSpecification","valueRequired":true,"valueName":"search_term_string"}}],"inLanguage":"en-US"},{"@type":"Organization","@id":"https:\/\/www.garciafaura.com\/fr\/#organization","name":"GARCIA FAURA","url":"https:\/\/www.garciafaura.com\/fr\/","logo":{"@type":"ImageObject","inLanguage":"en-US","@id":"https:\/\/www.garciafaura.com\/fr\/#\/schema\/logo\/image\/","url":"https:\/\/www.garciafaura.com\/wp-content\/uploads\/2018\/09\/Garcia-Faura.png","contentUrl":"https:\/\/www.garciafaura.com\/wp-content\/uploads\/2018\/09\/Garcia-Faura.png","width":512,"height":512,"caption":"GARCIA FAURA"},"image":{"@id":"https:\/\/www.garciafaura.com\/fr\/#\/schema\/logo\/image\/"},"sameAs":["https:\/\/www.youtube.com\/user\/GARCIAFAURA"]},{"@type":"Person","@id":"https:\/\/www.garciafaura.com\/fr\/#\/schema\/person\/b4b75e69b33fac3446071909bec106b0","name":"David Achell","image":{"@type":"ImageObject","inLanguage":"en-US","@id":"https:\/\/www.garciafaura.com\/fr\/#\/schema\/person\/image\/","url":"https:\/\/secure.gravatar.com\/avatar\/03900210afc1f61bce737bcb4a79c02e2c997f171e3eca839b5a4cbe03846c90?s=96&d=blank&r=g","contentUrl":"https:\/\/secure.gravatar.com\/avatar\/03900210afc1f61bce737bcb4a79c02e2c997f171e3eca839b5a4cbe03846c90?s=96&d=blank&r=g","caption":"David Achell"}}]}},"_links":{"self":[{"href":"https:\/\/www.garciafaura.com\/en\/wp-json\/wp\/v2\/posts\/6586","targetHints":{"allow":["GET"]}}],"collection":[{"href":"https:\/\/www.garciafaura.com\/en\/wp-json\/wp\/v2\/posts"}],"about":[{"href":"https:\/\/www.garciafaura.com\/en\/wp-json\/wp\/v2\/types\/post"}],"author":[{"embeddable":true,"href":"https:\/\/www.garciafaura.com\/en\/wp-json\/wp\/v2\/users\/3"}],"replies":[{"embeddable":true,"href":"https:\/\/www.garciafaura.com\/en\/wp-json\/wp\/v2\/comments?post=6586"}],"version-history":[{"count":1,"href":"https:\/\/www.garciafaura.com\/en\/wp-json\/wp\/v2\/posts\/6586\/revisions"}],"predecessor-version":[{"id":21705,"href":"https:\/\/www.garciafaura.com\/en\/wp-json\/wp\/v2\/posts\/6586\/revisions\/21705"}],"wp:featuredmedia":[{"embeddable":true,"href":"https:\/\/www.garciafaura.com\/en\/wp-json\/wp\/v2\/media\/6565"}],"wp:attachment":[{"href":"https:\/\/www.garciafaura.com\/en\/wp-json\/wp\/v2\/media?parent=6586"}],"wp:term":[{"taxonomy":"category","embeddable":true,"href":"https:\/\/www.garciafaura.com\/en\/wp-json\/wp\/v2\/categories?post=6586"},{"taxonomy":"post_tag","embeddable":true,"href":"https:\/\/www.garciafaura.com\/en\/wp-json\/wp\/v2\/tags?post=6586"},{"taxonomy":"post_series","embeddable":true,"href":"https:\/\/www.garciafaura.com\/en\/wp-json\/wp\/v2\/post_series?post=6586"}],"curies":[{"name":"wp","href":"https:\/\/api.w.org\/{rel}","templated":true}]}}