{"id":36907,"date":"2024-04-30T09:15:27","date_gmt":"2024-04-30T07:15:27","guid":{"rendered":"https:\/\/www.garciafaura.com\/garcia-faura-en-plena-reforma-de-ledifici-estel-de-barcelona\/"},"modified":"2024-04-30T09:30:32","modified_gmt":"2024-04-30T07:30:32","slug":"garcia-faura-en-plena-reforma-de-ledifici-estel-de-barcelona","status":"publish","type":"post","link":"https:\/\/www.garciafaura.com\/en\/garcia-faura-en-plena-reforma-de-ledifici-estel-de-barcelona\/","title":{"rendered":"GARCIA FAURA, in the middle of the refurbishment of the Estel building in Barcelona"},"content":{"rendered":"<h3 style=\"text-align: justify;\">For more than a decade, this property located in the Eixample was abandoned after it ceased to be the headquarters of Telef\u00f3nica. It is now being converted into a state-of-the-art office complex with the participation of GARCIA FAURA.<\/h3>\n<p style=\"text-align: justify;\">The <strong>Estel building<\/strong> was built in 1975 in Barcelona&#8217;s Eixample district, specifically on the block between Cal\u00e0bria, Viladomat and Mallorca streets, with the main entrance on Roma Avenue. It was the headquarters of Telef\u00f3nica until 2011, when the operator moved to the Sant Mart\u00ed district.<\/p>\n<p style=\"text-align: justify;\">Now, thanks to the architectural project by Blanch + Conca Arquitectura, the more than 40,000 square metres of the building are being converted into a state-of-the-art office complex and other spaces such as an auditorium, meeting and event rooms, gymnasium and entertainment and socialising areas.<\/p>\n<p style=\"text-align: justify;\">On the ground floor there will be retail and restaurant space. In addition, the building will have nearly 8,000 square metres of terraces and landscaping.<\/p>\n<p style=\"text-align: justify;\">One of the strong points of the remodelled <strong>Estel building<\/strong> will be its energy efficiency positioning. In fact, 35% of the building&#8217;s energy consumption is expected to come from clean sources with the installation of photovoltaic panels.<\/p>\n<p style=\"text-align: justify;\">The complex aspires to the highest sustainability and wellness certifications such as LEED Platinum, WELL Platinum, SmartScore Platinum, WidesCore Platinum or Zero Net Carbon. A fundamental contribution to this positioning will be provided by the <strong>facades<\/strong> and <strong>enclosures<\/strong> of the new building.<\/p>\n<p style=\"text-align: justify;\"><strong>GARCIA FAURA&#8217;s work<\/strong><\/p>\n<p style=\"text-align: justify;\">In this project, <strong>GARCIA FAURA<\/strong> will build and install 6,100 square metres of <strong>curtain walling<\/strong> with SG system and a double skin with special extruded <strong>aluminium<\/strong> slats, 3,272 square metres of <strong>curtain walling<\/strong> with covers, and a 170 square metre skylight in the courtyard.<\/p>\n<p style=\"text-align: justify;\">The main works, however, will be on the main <strong>fa\u00e7ade<\/strong> on Roma Avenue, where a <strong>curtain wall<\/strong> in the form of scales will be installed, following the volumetry of the building. Likewise, an exterior skin will be shaped, worked exclusively by the <strong>GARCIA FAURA Technical Office<\/strong> to lighten the <strong>fa\u00e7ade<\/strong> and seek the simplicity required by the architectural project.<\/p>\n<p style=\"text-align: justify;\">This <strong>curtain wall<\/strong> is composed of two large vertical profiles and horizontal slats created by <strong>aluminium<\/strong> profiles specially developed for the project. In addition, the anchorages and fixing elements of the outer skin, created with an iron structure to adequately support the weight of the <strong>aluminium<\/strong> profiles, maintain the maximum simplicity of the project. The lower part of this outer skin, moreover, has a curved design that has made its development even more complex, but which makes the <strong>fa\u00e7ade<\/strong> even more unique.<\/p>\n<p style=\"text-align: justify;\">In addition, the vertical profiles of the lower part of the skin of the main <strong>fa\u00e7ade<\/strong> of the <strong>Estel building<\/strong> are curved, which gives greater volume to the <strong>fa\u00e7ade<\/strong>, separating it by up to two metres from the outer face of the <strong>curtain wall<\/strong>.<\/p>\n","protected":false},"excerpt":{"rendered":"<p>For more than a decade, this property located in the Eixample was abandoned after it ceased to be the headquarters of Telef\u00f3nica. It is now being converted into a state-of-the-art office complex with the participation of GARCIA FAURA. The Estel&hellip;<\/p>\n","protected":false},"author":3,"featured_media":34421,"comment_status":"closed","ping_status":"open","sticky":false,"template":"","format":"standard","meta":{"footnotes":""},"categories":[14],"tags":[],"post_series":[],"class_list":["post-36907","post","type-post","status-publish","format-standard","has-post-thumbnail","hentry","category-news","entry","has-media"],"yoast_head":"<!-- This site is optimized with the Yoast SEO plugin v26.7 - https:\/\/yoast.com\/wordpress\/plugins\/seo\/ -->\n<title>GARCIA FAURA, in the middle of the refurbishment of the Estel building in Barcelona - GARCIA FAURA<\/title>\n<meta name=\"description\" content=\"Arquitectura en Alumini, Inox, Ferro i Vidre\" \/>\n<meta name=\"robots\" content=\"index, follow, max-snippet:-1, max-image-preview:large, max-video-preview:-1\" \/>\n<link rel=\"canonical\" href=\"https:\/\/www.garciafaura.com\/en\/garcia-faura-en-plena-reforma-de-ledifici-estel-de-barcelona\/\" \/>\n<meta property=\"og:locale\" content=\"en_US\" \/>\n<meta property=\"og:type\" content=\"article\" \/>\n<meta property=\"og:title\" content=\"GARCIA FAURA, in the middle of the refurbishment of the Estel building in Barcelona - GARCIA FAURA\" \/>\n<meta property=\"og:description\" content=\"Arquitectura en Alumini, Inox, Ferro i Vidre\" \/>\n<meta property=\"og:url\" content=\"https:\/\/www.garciafaura.com\/en\/garcia-faura-en-plena-reforma-de-ledifici-estel-de-barcelona\/\" \/>\n<meta property=\"og:site_name\" content=\"GARCIA FAURA\" \/>\n<meta property=\"article:published_time\" content=\"2024-04-30T07:15:27+00:00\" \/>\n<meta property=\"article:modified_time\" content=\"2024-04-30T07:30:32+00:00\" \/>\n<meta property=\"og:image\" content=\"https:\/\/www.garciafaura.com\/wp-content\/uploads\/2024\/01\/Edificio-Estel-2-2.jpeg\" \/>\n\t<meta property=\"og:image:width\" content=\"1408\" \/>\n\t<meta property=\"og:image:height\" content=\"800\" \/>\n\t<meta property=\"og:image:type\" content=\"image\/jpeg\" \/>\n<meta name=\"author\" content=\"David Achell\" \/>\n<meta name=\"twitter:card\" content=\"summary_large_image\" \/>\n<meta name=\"twitter:label1\" content=\"Written by\" \/>\n\t<meta name=\"twitter:data1\" content=\"David Achell\" \/>\n\t<meta name=\"twitter:label2\" content=\"Est. reading time\" \/>\n\t<meta name=\"twitter:data2\" content=\"3 minutes\" \/>\n<script type=\"application\/ld+json\" class=\"yoast-schema-graph\">{\"@context\":\"https:\/\/schema.org\",\"@graph\":[{\"@type\":\"Article\",\"@id\":\"https:\/\/www.garciafaura.com\/en\/garcia-faura-en-plena-reforma-de-ledifici-estel-de-barcelona\/#article\",\"isPartOf\":{\"@id\":\"https:\/\/www.garciafaura.com\/en\/garcia-faura-en-plena-reforma-de-ledifici-estel-de-barcelona\/\"},\"author\":{\"name\":\"David Achell\",\"@id\":\"https:\/\/www.garciafaura.com\/fr\/#\/schema\/person\/b4b75e69b33fac3446071909bec106b0\"},\"headline\":\"GARCIA FAURA, in the middle of the refurbishment of the Estel building in Barcelona\",\"datePublished\":\"2024-04-30T07:15:27+00:00\",\"dateModified\":\"2024-04-30T07:30:32+00:00\",\"mainEntityOfPage\":{\"@id\":\"https:\/\/www.garciafaura.com\/en\/garcia-faura-en-plena-reforma-de-ledifici-estel-de-barcelona\/\"},\"wordCount\":480,\"publisher\":{\"@id\":\"https:\/\/www.garciafaura.com\/fr\/#organization\"},\"image\":{\"@id\":\"https:\/\/www.garciafaura.com\/en\/garcia-faura-en-plena-reforma-de-ledifici-estel-de-barcelona\/#primaryimage\"},\"thumbnailUrl\":\"https:\/\/www.garciafaura.com\/wp-content\/uploads\/2024\/01\/Edificio-Estel-2-2.jpeg\",\"articleSection\":[\"News\"],\"inLanguage\":\"en-US\"},{\"@type\":\"WebPage\",\"@id\":\"https:\/\/www.garciafaura.com\/en\/garcia-faura-en-plena-reforma-de-ledifici-estel-de-barcelona\/\",\"url\":\"https:\/\/www.garciafaura.com\/en\/garcia-faura-en-plena-reforma-de-ledifici-estel-de-barcelona\/\",\"name\":\"GARCIA FAURA, in the middle of the refurbishment of the Estel building in Barcelona - GARCIA FAURA\",\"isPartOf\":{\"@id\":\"https:\/\/www.garciafaura.com\/fr\/#website\"},\"primaryImageOfPage\":{\"@id\":\"https:\/\/www.garciafaura.com\/en\/garcia-faura-en-plena-reforma-de-ledifici-estel-de-barcelona\/#primaryimage\"},\"image\":{\"@id\":\"https:\/\/www.garciafaura.com\/en\/garcia-faura-en-plena-reforma-de-ledifici-estel-de-barcelona\/#primaryimage\"},\"thumbnailUrl\":\"https:\/\/www.garciafaura.com\/wp-content\/uploads\/2024\/01\/Edificio-Estel-2-2.jpeg\",\"datePublished\":\"2024-04-30T07:15:27+00:00\",\"dateModified\":\"2024-04-30T07:30:32+00:00\",\"description\":\"Arquitectura en Alumini, Inox, Ferro i Vidre\",\"breadcrumb\":{\"@id\":\"https:\/\/www.garciafaura.com\/en\/garcia-faura-en-plena-reforma-de-ledifici-estel-de-barcelona\/#breadcrumb\"},\"inLanguage\":\"en-US\",\"potentialAction\":[{\"@type\":\"ReadAction\",\"target\":[\"https:\/\/www.garciafaura.com\/en\/garcia-faura-en-plena-reforma-de-ledifici-estel-de-barcelona\/\"]}]},{\"@type\":\"ImageObject\",\"inLanguage\":\"en-US\",\"@id\":\"https:\/\/www.garciafaura.com\/en\/garcia-faura-en-plena-reforma-de-ledifici-estel-de-barcelona\/#primaryimage\",\"url\":\"https:\/\/www.garciafaura.com\/wp-content\/uploads\/2024\/01\/Edificio-Estel-2-2.jpeg\",\"contentUrl\":\"https:\/\/www.garciafaura.com\/wp-content\/uploads\/2024\/01\/Edificio-Estel-2-2.jpeg\",\"width\":1408,\"height\":800,\"caption\":\"Garcia Faura Estel\"},{\"@type\":\"BreadcrumbList\",\"@id\":\"https:\/\/www.garciafaura.com\/en\/garcia-faura-en-plena-reforma-de-ledifici-estel-de-barcelona\/#breadcrumb\",\"itemListElement\":[{\"@type\":\"ListItem\",\"position\":1,\"name\":\"Inici\",\"item\":\"https:\/\/www.garciafaura.com\/en\/\"},{\"@type\":\"ListItem\",\"position\":2,\"name\":\"GARCIA FAURA, in the middle of the refurbishment of the Estel building in Barcelona\"}]},{\"@type\":\"WebSite\",\"@id\":\"https:\/\/www.garciafaura.com\/fr\/#website\",\"url\":\"https:\/\/www.garciafaura.com\/fr\/\",\"name\":\"GARCIA FAURA\",\"description\":\"Arquitectura en Alumini, Inox, Ferro i Vidre\",\"publisher\":{\"@id\":\"https:\/\/www.garciafaura.com\/fr\/#organization\"},\"potentialAction\":[{\"@type\":\"SearchAction\",\"target\":{\"@type\":\"EntryPoint\",\"urlTemplate\":\"https:\/\/www.garciafaura.com\/fr\/?s={search_term_string}\"},\"query-input\":{\"@type\":\"PropertyValueSpecification\",\"valueRequired\":true,\"valueName\":\"search_term_string\"}}],\"inLanguage\":\"en-US\"},{\"@type\":\"Organization\",\"@id\":\"https:\/\/www.garciafaura.com\/fr\/#organization\",\"name\":\"GARCIA FAURA\",\"url\":\"https:\/\/www.garciafaura.com\/fr\/\",\"logo\":{\"@type\":\"ImageObject\",\"inLanguage\":\"en-US\",\"@id\":\"https:\/\/www.garciafaura.com\/fr\/#\/schema\/logo\/image\/\",\"url\":\"https:\/\/www.garciafaura.com\/wp-content\/uploads\/2018\/09\/Garcia-Faura.png\",\"contentUrl\":\"https:\/\/www.garciafaura.com\/wp-content\/uploads\/2018\/09\/Garcia-Faura.png\",\"width\":512,\"height\":512,\"caption\":\"GARCIA FAURA\"},\"image\":{\"@id\":\"https:\/\/www.garciafaura.com\/fr\/#\/schema\/logo\/image\/\"},\"sameAs\":[\"https:\/\/www.youtube.com\/user\/GARCIAFAURA\"]},{\"@type\":\"Person\",\"@id\":\"https:\/\/www.garciafaura.com\/fr\/#\/schema\/person\/b4b75e69b33fac3446071909bec106b0\",\"name\":\"David Achell\",\"image\":{\"@type\":\"ImageObject\",\"inLanguage\":\"en-US\",\"@id\":\"https:\/\/www.garciafaura.com\/fr\/#\/schema\/person\/image\/\",\"url\":\"https:\/\/secure.gravatar.com\/avatar\/03900210afc1f61bce737bcb4a79c02e2c997f171e3eca839b5a4cbe03846c90?s=96&d=blank&r=g\",\"contentUrl\":\"https:\/\/secure.gravatar.com\/avatar\/03900210afc1f61bce737bcb4a79c02e2c997f171e3eca839b5a4cbe03846c90?s=96&d=blank&r=g\",\"caption\":\"David Achell\"}}]}<\/script>\n<!-- \/ Yoast SEO plugin. -->","yoast_head_json":{"title":"GARCIA FAURA, in the middle of the refurbishment of the Estel building in Barcelona - GARCIA FAURA","description":"Arquitectura en Alumini, Inox, Ferro i Vidre","robots":{"index":"index","follow":"follow","max-snippet":"max-snippet:-1","max-image-preview":"max-image-preview:large","max-video-preview":"max-video-preview:-1"},"canonical":"https:\/\/www.garciafaura.com\/en\/garcia-faura-en-plena-reforma-de-ledifici-estel-de-barcelona\/","og_locale":"en_US","og_type":"article","og_title":"GARCIA FAURA, in the middle of the refurbishment of the Estel building in Barcelona - GARCIA FAURA","og_description":"Arquitectura en Alumini, Inox, Ferro i Vidre","og_url":"https:\/\/www.garciafaura.com\/en\/garcia-faura-en-plena-reforma-de-ledifici-estel-de-barcelona\/","og_site_name":"GARCIA FAURA","article_published_time":"2024-04-30T07:15:27+00:00","article_modified_time":"2024-04-30T07:30:32+00:00","og_image":[{"width":1408,"height":800,"url":"https:\/\/www.garciafaura.com\/wp-content\/uploads\/2024\/01\/Edificio-Estel-2-2.jpeg","type":"image\/jpeg"}],"author":"David Achell","twitter_card":"summary_large_image","twitter_misc":{"Written by":"David Achell","Est. reading time":"3 minutes"},"schema":{"@context":"https:\/\/schema.org","@graph":[{"@type":"Article","@id":"https:\/\/www.garciafaura.com\/en\/garcia-faura-en-plena-reforma-de-ledifici-estel-de-barcelona\/#article","isPartOf":{"@id":"https:\/\/www.garciafaura.com\/en\/garcia-faura-en-plena-reforma-de-ledifici-estel-de-barcelona\/"},"author":{"name":"David Achell","@id":"https:\/\/www.garciafaura.com\/fr\/#\/schema\/person\/b4b75e69b33fac3446071909bec106b0"},"headline":"GARCIA FAURA, in the middle of the refurbishment of the Estel building in Barcelona","datePublished":"2024-04-30T07:15:27+00:00","dateModified":"2024-04-30T07:30:32+00:00","mainEntityOfPage":{"@id":"https:\/\/www.garciafaura.com\/en\/garcia-faura-en-plena-reforma-de-ledifici-estel-de-barcelona\/"},"wordCount":480,"publisher":{"@id":"https:\/\/www.garciafaura.com\/fr\/#organization"},"image":{"@id":"https:\/\/www.garciafaura.com\/en\/garcia-faura-en-plena-reforma-de-ledifici-estel-de-barcelona\/#primaryimage"},"thumbnailUrl":"https:\/\/www.garciafaura.com\/wp-content\/uploads\/2024\/01\/Edificio-Estel-2-2.jpeg","articleSection":["News"],"inLanguage":"en-US"},{"@type":"WebPage","@id":"https:\/\/www.garciafaura.com\/en\/garcia-faura-en-plena-reforma-de-ledifici-estel-de-barcelona\/","url":"https:\/\/www.garciafaura.com\/en\/garcia-faura-en-plena-reforma-de-ledifici-estel-de-barcelona\/","name":"GARCIA FAURA, in the middle of the refurbishment of the Estel building in Barcelona - GARCIA FAURA","isPartOf":{"@id":"https:\/\/www.garciafaura.com\/fr\/#website"},"primaryImageOfPage":{"@id":"https:\/\/www.garciafaura.com\/en\/garcia-faura-en-plena-reforma-de-ledifici-estel-de-barcelona\/#primaryimage"},"image":{"@id":"https:\/\/www.garciafaura.com\/en\/garcia-faura-en-plena-reforma-de-ledifici-estel-de-barcelona\/#primaryimage"},"thumbnailUrl":"https:\/\/www.garciafaura.com\/wp-content\/uploads\/2024\/01\/Edificio-Estel-2-2.jpeg","datePublished":"2024-04-30T07:15:27+00:00","dateModified":"2024-04-30T07:30:32+00:00","description":"Arquitectura en Alumini, Inox, Ferro i Vidre","breadcrumb":{"@id":"https:\/\/www.garciafaura.com\/en\/garcia-faura-en-plena-reforma-de-ledifici-estel-de-barcelona\/#breadcrumb"},"inLanguage":"en-US","potentialAction":[{"@type":"ReadAction","target":["https:\/\/www.garciafaura.com\/en\/garcia-faura-en-plena-reforma-de-ledifici-estel-de-barcelona\/"]}]},{"@type":"ImageObject","inLanguage":"en-US","@id":"https:\/\/www.garciafaura.com\/en\/garcia-faura-en-plena-reforma-de-ledifici-estel-de-barcelona\/#primaryimage","url":"https:\/\/www.garciafaura.com\/wp-content\/uploads\/2024\/01\/Edificio-Estel-2-2.jpeg","contentUrl":"https:\/\/www.garciafaura.com\/wp-content\/uploads\/2024\/01\/Edificio-Estel-2-2.jpeg","width":1408,"height":800,"caption":"Garcia Faura Estel"},{"@type":"BreadcrumbList","@id":"https:\/\/www.garciafaura.com\/en\/garcia-faura-en-plena-reforma-de-ledifici-estel-de-barcelona\/#breadcrumb","itemListElement":[{"@type":"ListItem","position":1,"name":"Inici","item":"https:\/\/www.garciafaura.com\/en\/"},{"@type":"ListItem","position":2,"name":"GARCIA FAURA, in the middle of the refurbishment of the Estel building in Barcelona"}]},{"@type":"WebSite","@id":"https:\/\/www.garciafaura.com\/fr\/#website","url":"https:\/\/www.garciafaura.com\/fr\/","name":"GARCIA FAURA","description":"Arquitectura en Alumini, Inox, Ferro i Vidre","publisher":{"@id":"https:\/\/www.garciafaura.com\/fr\/#organization"},"potentialAction":[{"@type":"SearchAction","target":{"@type":"EntryPoint","urlTemplate":"https:\/\/www.garciafaura.com\/fr\/?s={search_term_string}"},"query-input":{"@type":"PropertyValueSpecification","valueRequired":true,"valueName":"search_term_string"}}],"inLanguage":"en-US"},{"@type":"Organization","@id":"https:\/\/www.garciafaura.com\/fr\/#organization","name":"GARCIA FAURA","url":"https:\/\/www.garciafaura.com\/fr\/","logo":{"@type":"ImageObject","inLanguage":"en-US","@id":"https:\/\/www.garciafaura.com\/fr\/#\/schema\/logo\/image\/","url":"https:\/\/www.garciafaura.com\/wp-content\/uploads\/2018\/09\/Garcia-Faura.png","contentUrl":"https:\/\/www.garciafaura.com\/wp-content\/uploads\/2018\/09\/Garcia-Faura.png","width":512,"height":512,"caption":"GARCIA FAURA"},"image":{"@id":"https:\/\/www.garciafaura.com\/fr\/#\/schema\/logo\/image\/"},"sameAs":["https:\/\/www.youtube.com\/user\/GARCIAFAURA"]},{"@type":"Person","@id":"https:\/\/www.garciafaura.com\/fr\/#\/schema\/person\/b4b75e69b33fac3446071909bec106b0","name":"David Achell","image":{"@type":"ImageObject","inLanguage":"en-US","@id":"https:\/\/www.garciafaura.com\/fr\/#\/schema\/person\/image\/","url":"https:\/\/secure.gravatar.com\/avatar\/03900210afc1f61bce737bcb4a79c02e2c997f171e3eca839b5a4cbe03846c90?s=96&d=blank&r=g","contentUrl":"https:\/\/secure.gravatar.com\/avatar\/03900210afc1f61bce737bcb4a79c02e2c997f171e3eca839b5a4cbe03846c90?s=96&d=blank&r=g","caption":"David Achell"}}]}},"_links":{"self":[{"href":"https:\/\/www.garciafaura.com\/en\/wp-json\/wp\/v2\/posts\/36907","targetHints":{"allow":["GET"]}}],"collection":[{"href":"https:\/\/www.garciafaura.com\/en\/wp-json\/wp\/v2\/posts"}],"about":[{"href":"https:\/\/www.garciafaura.com\/en\/wp-json\/wp\/v2\/types\/post"}],"author":[{"embeddable":true,"href":"https:\/\/www.garciafaura.com\/en\/wp-json\/wp\/v2\/users\/3"}],"replies":[{"embeddable":true,"href":"https:\/\/www.garciafaura.com\/en\/wp-json\/wp\/v2\/comments?post=36907"}],"version-history":[{"count":3,"href":"https:\/\/www.garciafaura.com\/en\/wp-json\/wp\/v2\/posts\/36907\/revisions"}],"predecessor-version":[{"id":36919,"href":"https:\/\/www.garciafaura.com\/en\/wp-json\/wp\/v2\/posts\/36907\/revisions\/36919"}],"wp:featuredmedia":[{"embeddable":true,"href":"https:\/\/www.garciafaura.com\/en\/wp-json\/wp\/v2\/media\/34421"}],"wp:attachment":[{"href":"https:\/\/www.garciafaura.com\/en\/wp-json\/wp\/v2\/media?parent=36907"}],"wp:term":[{"taxonomy":"category","embeddable":true,"href":"https:\/\/www.garciafaura.com\/en\/wp-json\/wp\/v2\/categories?post=36907"},{"taxonomy":"post_tag","embeddable":true,"href":"https:\/\/www.garciafaura.com\/en\/wp-json\/wp\/v2\/tags?post=36907"},{"taxonomy":"post_series","embeddable":true,"href":"https:\/\/www.garciafaura.com\/en\/wp-json\/wp\/v2\/post_series?post=36907"}],"curies":[{"name":"wp","href":"https:\/\/api.w.org\/{rel}","templated":true}]}}