{"id":24342,"date":"2019-11-05T12:34:35","date_gmt":"2019-11-05T10:34:35","guid":{"rendered":"https:\/\/www.garciafaura.com\/tancaments-de-garcia-faura-per-a-lemblematic-hotel-imperial-tarraco\/"},"modified":"2019-11-05T12:37:00","modified_gmt":"2019-11-05T10:37:00","slug":"tancaments-de-garcia-faura-per-a-lemblematic-hotel-imperial-tarraco","status":"publish","type":"post","link":"https:\/\/www.garciafaura.com\/en\/tancaments-de-garcia-faura-per-a-lemblematic-hotel-imperial-tarraco\/","title":{"rendered":"GARCIA FAURA enclosures for the emblematic Imperial Tarraco hotel"},"content":{"rendered":"<p style=\"text-align: justify;\"><strong>GARCIA FAURA<\/strong> manufactures and installs the aluminum and glass enclosures of the reform of the emblematic <a href=\"https:\/\/www.h10hotels.com\/en\/tarragona-hotels\/h10-imperial-tarraco\" target=\"_blank\" rel=\"noopener\"><strong>Imperial Tarraco hotel<\/strong><\/a> in Tarragona, located in the heritage environment of the Roman Amphitheater and Circus.<\/p>\n<p style=\"text-align: justify;\">The establishment, of four stars superior, will keep the exterior appearance, but it is being totally renovated in the interior. All rooms will be open in the Mediterranean sea and will have a restaurant and terrace, as well as a pool, spa and chill out area and conference and conference rooms.<\/p>\n<p style=\"text-align: justify;\">In particular, <strong>GARCIA FAURA<\/strong> will install 1,850 square meters of aluminum and glass enclosures, almost 340 units that correspond to windows, balconies and doors. The systems have a thermal bridge break, and combine sliding openings with conventional sheet and hidden leaf plots.<\/p>\n<p style=\"text-align: justify;\">All of them offer high technical performance, especially with regard to thermal and acoustic insulation, fundamental to guarantee the comfort and well-being of hotel guests. All the works are finished in blue steel, the protagonist of the interior design project that will give a new image to the equipment.<\/p>\n","protected":false},"excerpt":{"rendered":"<p>GARCIA FAURA manufactures and installs the aluminum and glass enclosures of the reform of the emblematic Imperial Tarraco hotel in Tarragona, located in the heritage environment of the Roman Amphitheater and Circus. The establishment, of four stars superior, will keep&hellip;<\/p>\n","protected":false},"author":3,"featured_media":22564,"comment_status":"closed","ping_status":"open","sticky":false,"template":"","format":"standard","meta":{"footnotes":""},"categories":[14],"tags":[],"post_series":[],"class_list":["post-24342","post","type-post","status-publish","format-standard","has-post-thumbnail","hentry","category-news","entry","has-media"],"yoast_head":"<!-- This site is optimized with the Yoast SEO plugin v26.7 - https:\/\/yoast.com\/wordpress\/plugins\/seo\/ -->\n<title>GARCIA FAURA enclosures for the emblematic Imperial Tarraco hotel - GARCIA FAURA<\/title>\n<meta name=\"description\" content=\"Arquitectura en Alumini, Inox, Ferro i Vidre\" \/>\n<meta name=\"robots\" content=\"index, follow, max-snippet:-1, max-image-preview:large, max-video-preview:-1\" \/>\n<link rel=\"canonical\" href=\"https:\/\/www.garciafaura.com\/en\/tancaments-de-garcia-faura-per-a-lemblematic-hotel-imperial-tarraco\/\" \/>\n<meta property=\"og:locale\" content=\"en_US\" \/>\n<meta property=\"og:type\" content=\"article\" \/>\n<meta property=\"og:title\" content=\"GARCIA FAURA enclosures for the emblematic Imperial Tarraco hotel - GARCIA FAURA\" \/>\n<meta property=\"og:description\" content=\"Arquitectura en Alumini, Inox, Ferro i Vidre\" \/>\n<meta property=\"og:url\" content=\"https:\/\/www.garciafaura.com\/en\/tancaments-de-garcia-faura-per-a-lemblematic-hotel-imperial-tarraco\/\" \/>\n<meta property=\"og:site_name\" content=\"GARCIA FAURA\" \/>\n<meta property=\"article:published_time\" content=\"2019-11-05T10:34:35+00:00\" \/>\n<meta property=\"article:modified_time\" content=\"2019-11-05T10:37:00+00:00\" \/>\n<meta property=\"og:image\" content=\"https:\/\/www.garciafaura.com\/wp-content\/uploads\/2019\/07\/13454-Reforma-Hotel-Imperial-Tarraco.jpg\" \/>\n\t<meta property=\"og:image:width\" content=\"1200\" \/>\n\t<meta property=\"og:image:height\" content=\"628\" \/>\n\t<meta property=\"og:image:type\" content=\"image\/jpeg\" \/>\n<meta name=\"author\" content=\"David Achell\" \/>\n<meta name=\"twitter:card\" content=\"summary_large_image\" \/>\n<meta name=\"twitter:label1\" content=\"Written by\" \/>\n\t<meta name=\"twitter:data1\" content=\"David Achell\" \/>\n\t<meta name=\"twitter:label2\" content=\"Est. reading time\" \/>\n\t<meta name=\"twitter:data2\" content=\"1 minute\" \/>\n<script type=\"application\/ld+json\" class=\"yoast-schema-graph\">{\"@context\":\"https:\/\/schema.org\",\"@graph\":[{\"@type\":\"Article\",\"@id\":\"https:\/\/www.garciafaura.com\/en\/tancaments-de-garcia-faura-per-a-lemblematic-hotel-imperial-tarraco\/#article\",\"isPartOf\":{\"@id\":\"https:\/\/www.garciafaura.com\/en\/tancaments-de-garcia-faura-per-a-lemblematic-hotel-imperial-tarraco\/\"},\"author\":{\"name\":\"David Achell\",\"@id\":\"https:\/\/www.garciafaura.com\/fr\/#\/schema\/person\/b4b75e69b33fac3446071909bec106b0\"},\"headline\":\"GARCIA FAURA enclosures for the emblematic Imperial Tarraco hotel\",\"datePublished\":\"2019-11-05T10:34:35+00:00\",\"dateModified\":\"2019-11-05T10:37:00+00:00\",\"mainEntityOfPage\":{\"@id\":\"https:\/\/www.garciafaura.com\/en\/tancaments-de-garcia-faura-per-a-lemblematic-hotel-imperial-tarraco\/\"},\"wordCount\":181,\"publisher\":{\"@id\":\"https:\/\/www.garciafaura.com\/fr\/#organization\"},\"image\":{\"@id\":\"https:\/\/www.garciafaura.com\/en\/tancaments-de-garcia-faura-per-a-lemblematic-hotel-imperial-tarraco\/#primaryimage\"},\"thumbnailUrl\":\"https:\/\/www.garciafaura.com\/wp-content\/uploads\/2019\/07\/13454-Reforma-Hotel-Imperial-Tarraco.jpg\",\"articleSection\":[\"News\"],\"inLanguage\":\"en-US\"},{\"@type\":\"WebPage\",\"@id\":\"https:\/\/www.garciafaura.com\/en\/tancaments-de-garcia-faura-per-a-lemblematic-hotel-imperial-tarraco\/\",\"url\":\"https:\/\/www.garciafaura.com\/en\/tancaments-de-garcia-faura-per-a-lemblematic-hotel-imperial-tarraco\/\",\"name\":\"GARCIA FAURA enclosures for the emblematic Imperial Tarraco hotel - GARCIA FAURA\",\"isPartOf\":{\"@id\":\"https:\/\/www.garciafaura.com\/fr\/#website\"},\"primaryImageOfPage\":{\"@id\":\"https:\/\/www.garciafaura.com\/en\/tancaments-de-garcia-faura-per-a-lemblematic-hotel-imperial-tarraco\/#primaryimage\"},\"image\":{\"@id\":\"https:\/\/www.garciafaura.com\/en\/tancaments-de-garcia-faura-per-a-lemblematic-hotel-imperial-tarraco\/#primaryimage\"},\"thumbnailUrl\":\"https:\/\/www.garciafaura.com\/wp-content\/uploads\/2019\/07\/13454-Reforma-Hotel-Imperial-Tarraco.jpg\",\"datePublished\":\"2019-11-05T10:34:35+00:00\",\"dateModified\":\"2019-11-05T10:37:00+00:00\",\"description\":\"Arquitectura en Alumini, Inox, Ferro i Vidre\",\"breadcrumb\":{\"@id\":\"https:\/\/www.garciafaura.com\/en\/tancaments-de-garcia-faura-per-a-lemblematic-hotel-imperial-tarraco\/#breadcrumb\"},\"inLanguage\":\"en-US\",\"potentialAction\":[{\"@type\":\"ReadAction\",\"target\":[\"https:\/\/www.garciafaura.com\/en\/tancaments-de-garcia-faura-per-a-lemblematic-hotel-imperial-tarraco\/\"]}]},{\"@type\":\"ImageObject\",\"inLanguage\":\"en-US\",\"@id\":\"https:\/\/www.garciafaura.com\/en\/tancaments-de-garcia-faura-per-a-lemblematic-hotel-imperial-tarraco\/#primaryimage\",\"url\":\"https:\/\/www.garciafaura.com\/wp-content\/uploads\/2019\/07\/13454-Reforma-Hotel-Imperial-Tarraco.jpg\",\"contentUrl\":\"https:\/\/www.garciafaura.com\/wp-content\/uploads\/2019\/07\/13454-Reforma-Hotel-Imperial-Tarraco.jpg\",\"width\":1200,\"height\":628,\"caption\":\"Nous tancaments per al proc\u00e9s de rehabilitaci\u00f3 d'aquest emblem\u00e0tic hotel del centre de Tarragona\"},{\"@type\":\"BreadcrumbList\",\"@id\":\"https:\/\/www.garciafaura.com\/en\/tancaments-de-garcia-faura-per-a-lemblematic-hotel-imperial-tarraco\/#breadcrumb\",\"itemListElement\":[{\"@type\":\"ListItem\",\"position\":1,\"name\":\"Inici\",\"item\":\"https:\/\/www.garciafaura.com\/en\/\"},{\"@type\":\"ListItem\",\"position\":2,\"name\":\"GARCIA FAURA enclosures for the emblematic Imperial Tarraco hotel\"}]},{\"@type\":\"WebSite\",\"@id\":\"https:\/\/www.garciafaura.com\/fr\/#website\",\"url\":\"https:\/\/www.garciafaura.com\/fr\/\",\"name\":\"GARCIA FAURA\",\"description\":\"Arquitectura en Alumini, Inox, Ferro i Vidre\",\"publisher\":{\"@id\":\"https:\/\/www.garciafaura.com\/fr\/#organization\"},\"potentialAction\":[{\"@type\":\"SearchAction\",\"target\":{\"@type\":\"EntryPoint\",\"urlTemplate\":\"https:\/\/www.garciafaura.com\/fr\/?s={search_term_string}\"},\"query-input\":{\"@type\":\"PropertyValueSpecification\",\"valueRequired\":true,\"valueName\":\"search_term_string\"}}],\"inLanguage\":\"en-US\"},{\"@type\":\"Organization\",\"@id\":\"https:\/\/www.garciafaura.com\/fr\/#organization\",\"name\":\"GARCIA FAURA\",\"url\":\"https:\/\/www.garciafaura.com\/fr\/\",\"logo\":{\"@type\":\"ImageObject\",\"inLanguage\":\"en-US\",\"@id\":\"https:\/\/www.garciafaura.com\/fr\/#\/schema\/logo\/image\/\",\"url\":\"https:\/\/www.garciafaura.com\/wp-content\/uploads\/2018\/09\/Garcia-Faura.png\",\"contentUrl\":\"https:\/\/www.garciafaura.com\/wp-content\/uploads\/2018\/09\/Garcia-Faura.png\",\"width\":512,\"height\":512,\"caption\":\"GARCIA FAURA\"},\"image\":{\"@id\":\"https:\/\/www.garciafaura.com\/fr\/#\/schema\/logo\/image\/\"},\"sameAs\":[\"https:\/\/www.youtube.com\/user\/GARCIAFAURA\"]},{\"@type\":\"Person\",\"@id\":\"https:\/\/www.garciafaura.com\/fr\/#\/schema\/person\/b4b75e69b33fac3446071909bec106b0\",\"name\":\"David Achell\",\"image\":{\"@type\":\"ImageObject\",\"inLanguage\":\"en-US\",\"@id\":\"https:\/\/www.garciafaura.com\/fr\/#\/schema\/person\/image\/\",\"url\":\"https:\/\/secure.gravatar.com\/avatar\/03900210afc1f61bce737bcb4a79c02e2c997f171e3eca839b5a4cbe03846c90?s=96&d=blank&r=g\",\"contentUrl\":\"https:\/\/secure.gravatar.com\/avatar\/03900210afc1f61bce737bcb4a79c02e2c997f171e3eca839b5a4cbe03846c90?s=96&d=blank&r=g\",\"caption\":\"David Achell\"}}]}<\/script>\n<!-- \/ Yoast SEO plugin. -->","yoast_head_json":{"title":"GARCIA FAURA enclosures for the emblematic Imperial Tarraco hotel - GARCIA FAURA","description":"Arquitectura en Alumini, Inox, Ferro i Vidre","robots":{"index":"index","follow":"follow","max-snippet":"max-snippet:-1","max-image-preview":"max-image-preview:large","max-video-preview":"max-video-preview:-1"},"canonical":"https:\/\/www.garciafaura.com\/en\/tancaments-de-garcia-faura-per-a-lemblematic-hotel-imperial-tarraco\/","og_locale":"en_US","og_type":"article","og_title":"GARCIA FAURA enclosures for the emblematic Imperial Tarraco hotel - GARCIA FAURA","og_description":"Arquitectura en Alumini, Inox, Ferro i Vidre","og_url":"https:\/\/www.garciafaura.com\/en\/tancaments-de-garcia-faura-per-a-lemblematic-hotel-imperial-tarraco\/","og_site_name":"GARCIA FAURA","article_published_time":"2019-11-05T10:34:35+00:00","article_modified_time":"2019-11-05T10:37:00+00:00","og_image":[{"width":1200,"height":628,"url":"https:\/\/www.garciafaura.com\/wp-content\/uploads\/2019\/07\/13454-Reforma-Hotel-Imperial-Tarraco.jpg","type":"image\/jpeg"}],"author":"David Achell","twitter_card":"summary_large_image","twitter_misc":{"Written by":"David Achell","Est. reading time":"1 minute"},"schema":{"@context":"https:\/\/schema.org","@graph":[{"@type":"Article","@id":"https:\/\/www.garciafaura.com\/en\/tancaments-de-garcia-faura-per-a-lemblematic-hotel-imperial-tarraco\/#article","isPartOf":{"@id":"https:\/\/www.garciafaura.com\/en\/tancaments-de-garcia-faura-per-a-lemblematic-hotel-imperial-tarraco\/"},"author":{"name":"David Achell","@id":"https:\/\/www.garciafaura.com\/fr\/#\/schema\/person\/b4b75e69b33fac3446071909bec106b0"},"headline":"GARCIA FAURA enclosures for the emblematic Imperial Tarraco hotel","datePublished":"2019-11-05T10:34:35+00:00","dateModified":"2019-11-05T10:37:00+00:00","mainEntityOfPage":{"@id":"https:\/\/www.garciafaura.com\/en\/tancaments-de-garcia-faura-per-a-lemblematic-hotel-imperial-tarraco\/"},"wordCount":181,"publisher":{"@id":"https:\/\/www.garciafaura.com\/fr\/#organization"},"image":{"@id":"https:\/\/www.garciafaura.com\/en\/tancaments-de-garcia-faura-per-a-lemblematic-hotel-imperial-tarraco\/#primaryimage"},"thumbnailUrl":"https:\/\/www.garciafaura.com\/wp-content\/uploads\/2019\/07\/13454-Reforma-Hotel-Imperial-Tarraco.jpg","articleSection":["News"],"inLanguage":"en-US"},{"@type":"WebPage","@id":"https:\/\/www.garciafaura.com\/en\/tancaments-de-garcia-faura-per-a-lemblematic-hotel-imperial-tarraco\/","url":"https:\/\/www.garciafaura.com\/en\/tancaments-de-garcia-faura-per-a-lemblematic-hotel-imperial-tarraco\/","name":"GARCIA FAURA enclosures for the emblematic Imperial Tarraco hotel - GARCIA FAURA","isPartOf":{"@id":"https:\/\/www.garciafaura.com\/fr\/#website"},"primaryImageOfPage":{"@id":"https:\/\/www.garciafaura.com\/en\/tancaments-de-garcia-faura-per-a-lemblematic-hotel-imperial-tarraco\/#primaryimage"},"image":{"@id":"https:\/\/www.garciafaura.com\/en\/tancaments-de-garcia-faura-per-a-lemblematic-hotel-imperial-tarraco\/#primaryimage"},"thumbnailUrl":"https:\/\/www.garciafaura.com\/wp-content\/uploads\/2019\/07\/13454-Reforma-Hotel-Imperial-Tarraco.jpg","datePublished":"2019-11-05T10:34:35+00:00","dateModified":"2019-11-05T10:37:00+00:00","description":"Arquitectura en Alumini, Inox, Ferro i Vidre","breadcrumb":{"@id":"https:\/\/www.garciafaura.com\/en\/tancaments-de-garcia-faura-per-a-lemblematic-hotel-imperial-tarraco\/#breadcrumb"},"inLanguage":"en-US","potentialAction":[{"@type":"ReadAction","target":["https:\/\/www.garciafaura.com\/en\/tancaments-de-garcia-faura-per-a-lemblematic-hotel-imperial-tarraco\/"]}]},{"@type":"ImageObject","inLanguage":"en-US","@id":"https:\/\/www.garciafaura.com\/en\/tancaments-de-garcia-faura-per-a-lemblematic-hotel-imperial-tarraco\/#primaryimage","url":"https:\/\/www.garciafaura.com\/wp-content\/uploads\/2019\/07\/13454-Reforma-Hotel-Imperial-Tarraco.jpg","contentUrl":"https:\/\/www.garciafaura.com\/wp-content\/uploads\/2019\/07\/13454-Reforma-Hotel-Imperial-Tarraco.jpg","width":1200,"height":628,"caption":"Nous tancaments per al proc\u00e9s de rehabilitaci\u00f3 d'aquest emblem\u00e0tic hotel del centre de Tarragona"},{"@type":"BreadcrumbList","@id":"https:\/\/www.garciafaura.com\/en\/tancaments-de-garcia-faura-per-a-lemblematic-hotel-imperial-tarraco\/#breadcrumb","itemListElement":[{"@type":"ListItem","position":1,"name":"Inici","item":"https:\/\/www.garciafaura.com\/en\/"},{"@type":"ListItem","position":2,"name":"GARCIA FAURA enclosures for the emblematic Imperial Tarraco hotel"}]},{"@type":"WebSite","@id":"https:\/\/www.garciafaura.com\/fr\/#website","url":"https:\/\/www.garciafaura.com\/fr\/","name":"GARCIA FAURA","description":"Arquitectura en Alumini, Inox, Ferro i Vidre","publisher":{"@id":"https:\/\/www.garciafaura.com\/fr\/#organization"},"potentialAction":[{"@type":"SearchAction","target":{"@type":"EntryPoint","urlTemplate":"https:\/\/www.garciafaura.com\/fr\/?s={search_term_string}"},"query-input":{"@type":"PropertyValueSpecification","valueRequired":true,"valueName":"search_term_string"}}],"inLanguage":"en-US"},{"@type":"Organization","@id":"https:\/\/www.garciafaura.com\/fr\/#organization","name":"GARCIA FAURA","url":"https:\/\/www.garciafaura.com\/fr\/","logo":{"@type":"ImageObject","inLanguage":"en-US","@id":"https:\/\/www.garciafaura.com\/fr\/#\/schema\/logo\/image\/","url":"https:\/\/www.garciafaura.com\/wp-content\/uploads\/2018\/09\/Garcia-Faura.png","contentUrl":"https:\/\/www.garciafaura.com\/wp-content\/uploads\/2018\/09\/Garcia-Faura.png","width":512,"height":512,"caption":"GARCIA FAURA"},"image":{"@id":"https:\/\/www.garciafaura.com\/fr\/#\/schema\/logo\/image\/"},"sameAs":["https:\/\/www.youtube.com\/user\/GARCIAFAURA"]},{"@type":"Person","@id":"https:\/\/www.garciafaura.com\/fr\/#\/schema\/person\/b4b75e69b33fac3446071909bec106b0","name":"David Achell","image":{"@type":"ImageObject","inLanguage":"en-US","@id":"https:\/\/www.garciafaura.com\/fr\/#\/schema\/person\/image\/","url":"https:\/\/secure.gravatar.com\/avatar\/03900210afc1f61bce737bcb4a79c02e2c997f171e3eca839b5a4cbe03846c90?s=96&d=blank&r=g","contentUrl":"https:\/\/secure.gravatar.com\/avatar\/03900210afc1f61bce737bcb4a79c02e2c997f171e3eca839b5a4cbe03846c90?s=96&d=blank&r=g","caption":"David Achell"}}]}},"_links":{"self":[{"href":"https:\/\/www.garciafaura.com\/en\/wp-json\/wp\/v2\/posts\/24342","targetHints":{"allow":["GET"]}}],"collection":[{"href":"https:\/\/www.garciafaura.com\/en\/wp-json\/wp\/v2\/posts"}],"about":[{"href":"https:\/\/www.garciafaura.com\/en\/wp-json\/wp\/v2\/types\/post"}],"author":[{"embeddable":true,"href":"https:\/\/www.garciafaura.com\/en\/wp-json\/wp\/v2\/users\/3"}],"replies":[{"embeddable":true,"href":"https:\/\/www.garciafaura.com\/en\/wp-json\/wp\/v2\/comments?post=24342"}],"version-history":[{"count":2,"href":"https:\/\/www.garciafaura.com\/en\/wp-json\/wp\/v2\/posts\/24342\/revisions"}],"predecessor-version":[{"id":24344,"href":"https:\/\/www.garciafaura.com\/en\/wp-json\/wp\/v2\/posts\/24342\/revisions\/24344"}],"wp:featuredmedia":[{"embeddable":true,"href":"https:\/\/www.garciafaura.com\/en\/wp-json\/wp\/v2\/media\/22564"}],"wp:attachment":[{"href":"https:\/\/www.garciafaura.com\/en\/wp-json\/wp\/v2\/media?parent=24342"}],"wp:term":[{"taxonomy":"category","embeddable":true,"href":"https:\/\/www.garciafaura.com\/en\/wp-json\/wp\/v2\/categories?post=24342"},{"taxonomy":"post_tag","embeddable":true,"href":"https:\/\/www.garciafaura.com\/en\/wp-json\/wp\/v2\/tags?post=24342"},{"taxonomy":"post_series","embeddable":true,"href":"https:\/\/www.garciafaura.com\/en\/wp-json\/wp\/v2\/post_series?post=24342"}],"curies":[{"name":"wp","href":"https:\/\/api.w.org\/{rel}","templated":true}]}}